{"id":356674,"date":"2026-01-23T11:14:08","date_gmt":"2026-01-23T11:14:08","guid":{"rendered":"https:\/\/www.europesays.com\/es\/356674\/"},"modified":"2026-01-23T11:14:08","modified_gmt":"2026-01-23T11:14:08","slug":"la-luz-como-punto-de-encuentro","status":"publish","type":"post","link":"https:\/\/www.europesays.com\/es\/356674\/","title":{"rendered":"La luz como punto de encuentro"},"content":{"rendered":"<p class=\"paragraph\">La luz y la mirada modelan, siempre juntas, el resultado. Tantos como ojos, tantos como rincones en los que depositarlos. De tal chispazo son devotos los apasionados por la fotograf\u00eda, como los que comparten su amor y sus ganas en el <b>Fotoclub Contraluz<\/b> desde hace <b>35 a\u00f1os<\/b>.\u00a0Celebran sus tres d\u00e9cadas y media de actividad, orgullosos del camino recorrido, con una muestra, <b>&#8216;Cr\u00f3nicas de luz&#8217;<\/b>, que re\u00fane 74 instant\u00e1neas realizadas por 23 de sus socios y, en suma, ofrece una panor\u00e1mica amplia y diversa de las distintas formas de entender este arte que conviven actualmente en el colectivo.<\/p>\n<p class=\"paragraph\">Lejos de plantearse como una revisi\u00f3n hist\u00f3rica, la cita se concibe como una cita abierta y plural. El presidente de la agrupaci\u00f3n, Jos\u00e9 Antonio Guinea, explica que \u00abno es una exposici\u00f3n retrospectiva, sino que cada autor participante aporta im\u00e1genes vinculadas a sus intereses, t\u00e9cnicas y tem\u00e1ticas personales\u00bb, lo que, asegura, da lugar a un recorrido heterog\u00e9neo en el que se combinan paisaje, retrato, instant\u00e1nea experimental y trabajos de car\u00e1cter m\u00e1s t\u00e9cnico.<\/p>\n<p class=\"paragraph\">Esa diversidad es reflejo de la propia estructura de la agrupaci\u00f3n, que cuenta con alrededor de una treintena de socios activos cuyo denominador com\u00fan, seg\u00fan Guinea, es una actitud compartida hacia la fotograf\u00eda. \u00abA todos nos apasiona\u00bb, afirma, para destacar que uno de los rasgos distintivos de Contraluz es su car\u00e1cter formativo y colaborativo. \u201cTiene una cosa muy buena, y es que nos ense\u00f1amos todo lo que sabemos\u201d, explica Guinea en referencia a los talleres, encuentros y sesiones pr\u00e1cticas que organizan de manera habitual. La transmisi\u00f3n de conocimientos t\u00e9cnicos y creativos forma parte del ADN de la asociaci\u00f3n desde sus inicios.<\/p>\n<p class=\"c-detail__media__subtitle\">\n<p>        La exposici\u00f3n se puede ver en la sala del Teatro Principal.TOM\u00e1S ALONSO<\/p>\n<p class=\"paragraph\">En este contexto, la actividad que los concita se entiende no solo como una t\u00e9cnica, sino como una forma de expresi\u00f3n art\u00edstica. \u00abLa fotograf\u00eda es el arte de pintar con luz\u00bb, sostiene Guinea, una idea que conecta con el esp\u00edritu de la exposici\u00f3n y de la historia del colectivo. Porque frente a la inmediatez tecnol\u00f3gica y el avance de la inteligencia artificial, el colectivo reivindica el valor del proceso y del aprendizaje. \u00abLo que sentimos en el interior lo expresamos a trav\u00e9s de nuestras c\u00e1maras\u00bb, se\u00f1ala el presidente, defendiendo la dimensi\u00f3n personal e irrepetible de cada imagen.<\/p>\n<p>            <a href=\"#\" title=\"\"><\/p>\n<p>                    <img loading=\"lazy\" decoding=\"async\" data-index=\"\" width=\"140\" height=\"140\" alt=\"Varios socios del Fotoclub Contraluz posan con las instant\u00e1neas que exponen en el Teatro Principal. TOM\u00c1S ALONSO\" data-full=\"[object Object]\" data-original=\"[object Object]\" src=\"https:\/\/imagenes.elcorreodeburgos.com\/files\/related_image\/uploads\/2023\/04\/14\/643951febbba9.jpeg\" data-full-src=\"https:\/\/www.europesays.com\/es\/wp-content\/uploads\/2026\/01\/643951febbba9.jpeg\"\/><\/p>\n<p>            <\/a><\/p>\n<p class=\"paragraph\">Aunque el club no es ajeno a las nuevas herramientas digitales, Guinea establece una clara distinci\u00f3n entre t\u00e9cnica y creaci\u00f3n. \u00abUna cosa es utilizar una t\u00e9cnica al servicio de lo que t\u00fa quieres y otra que supla la creaci\u00f3n\u00bb, opina, para insistir en que hay aspectos del acto fotogr\u00e1fico que no pueden automatizarse. En ese sentido, &#8216;Cr\u00f3nicas de luz&#8217;, adem\u00e1s de festejar 35 a\u00f1os de trabajo y disfrute, pone en primer plano el esfuerzo, la preparaci\u00f3n y la dificultad que hay detr\u00e1s de muchas im\u00e1genes.<\/p>\n<p class=\"paragraph\">Algunos de los trabajos expuestos ejemplifican ese componente artesanal. Guinea menciona procesos como el choque de gotas, una t\u00e9cnica que exige precisi\u00f3n extrema: \u00abTrabajamos la mil\u00e9sima de segundo para que coincida una gota chocando con otra\u00bb. Son detalles que, seg\u00fan explica, suelen pasar desapercibidos para el p\u00fablico, pero que revelan la complejidad del trabajo fotogr\u00e1fico cuando se conocen desde dentro.<\/p>\n<p class=\"paragraph\">M\u00e1s all\u00e1 de la muestra, el Fotoclub Contraluz mantiene una intensa actividad a lo largo del a\u00f1o con talleres, cursos de iniciaci\u00f3n y encuentros abiertos. La asociaci\u00f3n se presenta como un espacio accesible para cualquier persona interesada en la fotograf\u00eda. \u00abEstamos abiertos a ense\u00f1ar a todo el mundo\u00bb, asegura Guinea.\u00a0El colectivo se re\u00fane todos los martes en la Casa de la Cultura de Gamonal, en la segunda planta, de 19.30 a 21.30 horas.\u00a0<\/p>\n<p class=\"paragraph\">No es necesario contar con experiencia previa: la invitaci\u00f3n es observar, compartir y decidir despu\u00e9s si se desea formar parte del club. Dar el paso tiene un coste de 20 euros de inscripci\u00f3n inicial y una cuota anual de 60 euros. El dinero sirve para renovar los equipos con los que imparten talleres y experimentan, as\u00ed como para imprimir las im\u00e1genes que exponen de manera permanente en bar Valencia (Pablo Ruiz Picasso, 3).\u00a0<\/p>\n<p class=\"paragraph\">La continuidad del Fotoclub a lo largo de 35 a\u00f1os se apoya tambi\u00e9n en las relaciones humanas que se han tejido en su interior. \u00abQue una asociaci\u00f3n dure tanto es dif\u00edcil\u00bb, reconoce su presidente, que atribuye esa permanencia a valores compartidos. \u00abSin respeto y sin amor no se llega a ese aniversario\u00bb, apunta.<\/p>\n<p class=\"paragraph\">&#8216;Cr\u00f3nicas de luz&#8217; podr\u00e1 visitarse hasta\u00a0el 1 de febrero, de martes a s\u00e1bado, de 11 a 14 y de 17 a 21 horas, y domingos de 11 a 14 horas.\u00a0<\/p>\n","protected":false},"excerpt":{"rendered":"La luz y la mirada modelan, siempre juntas, el resultado. Tantos como ojos, tantos como rincones en los&hellip;\n","protected":false},"author":2,"featured_media":356675,"comment_status":"","ping_status":"","sticky":false,"template":"","format":"standard","meta":{"footnotes":""},"categories":[173],"tags":[8681,229,233,231,230,232,234,146,147,25,24,241,17105,23],"class_list":["post-356674","post","type-post","status-publish","format-standard","has-post-thumbnail","category-arte-y-diseno","tag-adn","tag-arte","tag-arte-y-diseno","tag-arts","tag-arts-and-design","tag-design","tag-diseno","tag-entertainment","tag-entretenimiento","tag-es","tag-espana","tag-exposiciones","tag-guinea","tag-spain"],"share_on_mastodon":{"url":"https:\/\/pubeurope.com\/@es\/115944126067423646","error":""},"_links":{"self":[{"href":"https:\/\/www.europesays.com\/es\/wp-json\/wp\/v2\/posts\/356674","targetHints":{"allow":["GET"]}}],"collection":[{"href":"https:\/\/www.europesays.com\/es\/wp-json\/wp\/v2\/posts"}],"about":[{"href":"https:\/\/www.europesays.com\/es\/wp-json\/wp\/v2\/types\/post"}],"author":[{"embeddable":true,"href":"https:\/\/www.europesays.com\/es\/wp-json\/wp\/v2\/users\/2"}],"replies":[{"embeddable":true,"href":"https:\/\/www.europesays.com\/es\/wp-json\/wp\/v2\/comments?post=356674"}],"version-history":[{"count":0,"href":"https:\/\/www.europesays.com\/es\/wp-json\/wp\/v2\/posts\/356674\/revisions"}],"wp:featuredmedia":[{"embeddable":true,"href":"https:\/\/www.europesays.com\/es\/wp-json\/wp\/v2\/media\/356675"}],"wp:attachment":[{"href":"https:\/\/www.europesays.com\/es\/wp-json\/wp\/v2\/media?parent=356674"}],"wp:term":[{"taxonomy":"category","embeddable":true,"href":"https:\/\/www.europesays.com\/es\/wp-json\/wp\/v2\/categories?post=356674"},{"taxonomy":"post_tag","embeddable":true,"href":"https:\/\/www.europesays.com\/es\/wp-json\/wp\/v2\/tags?post=356674"}],"curies":[{"name":"wp","href":"https:\/\/api.w.org\/{rel}","templated":true}]}}