{"id":357083,"date":"2026-01-23T16:34:08","date_gmt":"2026-01-23T16:34:08","guid":{"rendered":"https:\/\/www.europesays.com\/es\/357083\/"},"modified":"2026-01-23T16:34:08","modified_gmt":"2026-01-23T16:34:08","slug":"antonio-hidalgo-carga-contra-el-racing-juega-al-limite-del-reglamento","status":"publish","type":"post","link":"https:\/\/www.europesays.com\/es\/357083\/","title":{"rendered":"Antonio Hidalgo carga contra el Racing: \u00abJuega al l\u00edmite del reglamento\u00bb"},"content":{"rendered":"<p>\u00abEs un equipo que compite al l\u00edmite del reglamento\u00bb. Con estas palabras ha definido el entrenador del Deportivo, Antonio Hidalgo al Racing. \u00abEso lo  &#8230; tenemos que tener claro en la cabeza\u00bb, ha advertido el t\u00e9cnico en la rueda de prensa previa al partido de este domingo (Riazor, 21.00 horas), aunque no incidi\u00f3 en los motivos que le han llevado a una conclusi\u00f3n que ha ca\u00eddo con gran sorpresa en Santander.<\/p>\n<p class=\"v-p\">Por lo dem\u00e1s, ha alabado el trabajo de los verdiblancos y de Jos\u00e9 Alberto L\u00f3pez: \u00abTienen una idea muy clara de lo que quieren ser como equipo. Lo m\u00e1s importante -ante el Racing- es que no te desesperes, porqure tiene tanto volumen ofensivo que en alg\u00fan momento te puede desesperar\u00bb, reflexionaba justo antes de lanzar la acusaci\u00f3n. Ante la dificultad del duelo ante el l\u00edder, hecho que Hidalgo ha destacado en varias ocasiones, el t\u00e9cnico ha apelado al empuje de su masa social: \u00abAnimo a todo el mundo a que est\u00e9 el domingo a las nueve. Riazor nos tiene que empujar much\u00edsimo\u00bb, reflexiona.<\/p>\n<p class=\"v-p\">En los estrictamente deportivo, se\u00f1ala al Racing como \u00abel mejor equipo del momento\u00bb, como se\u00f1alan sus n\u00fameros: \u00abNos van estresar y exigir much\u00edsimo. Debemos tener un compromiso total, en especial sin bal\u00f3n, aunque tambi\u00e9n con \u00e9l\u00bb.<\/p>\n","protected":false},"excerpt":{"rendered":"\u00abEs un equipo que compite al l\u00edmite del reglamento\u00bb. Con estas palabras ha definido el entrenador del Deportivo,&hellip;\n","protected":false},"author":2,"featured_media":357084,"comment_status":"","ping_status":"","sticky":false,"template":"","format":"standard","meta":{"footnotes":""},"categories":[268],"tags":[1247,6514,168,25,24,280,282,1976,4348,22071,2707,20687,281,23,167],"class_list":["post-357083","post","type-post","status-publish","format-standard","has-post-thumbnail","category-futbol","tag-antonio","tag-carga","tag-deportes","tag-es","tag-espana","tag-football","tag-futbol","tag-hidalgo","tag-juega","tag-limite","tag-racing","tag-reglamento","tag-soccer","tag-spain","tag-sports"],"share_on_mastodon":{"url":"https:\/\/pubeurope.com\/@es\/115945384477546600","error":""},"_links":{"self":[{"href":"https:\/\/www.europesays.com\/es\/wp-json\/wp\/v2\/posts\/357083","targetHints":{"allow":["GET"]}}],"collection":[{"href":"https:\/\/www.europesays.com\/es\/wp-json\/wp\/v2\/posts"}],"about":[{"href":"https:\/\/www.europesays.com\/es\/wp-json\/wp\/v2\/types\/post"}],"author":[{"embeddable":true,"href":"https:\/\/www.europesays.com\/es\/wp-json\/wp\/v2\/users\/2"}],"replies":[{"embeddable":true,"href":"https:\/\/www.europesays.com\/es\/wp-json\/wp\/v2\/comments?post=357083"}],"version-history":[{"count":0,"href":"https:\/\/www.europesays.com\/es\/wp-json\/wp\/v2\/posts\/357083\/revisions"}],"wp:featuredmedia":[{"embeddable":true,"href":"https:\/\/www.europesays.com\/es\/wp-json\/wp\/v2\/media\/357084"}],"wp:attachment":[{"href":"https:\/\/www.europesays.com\/es\/wp-json\/wp\/v2\/media?parent=357083"}],"wp:term":[{"taxonomy":"category","embeddable":true,"href":"https:\/\/www.europesays.com\/es\/wp-json\/wp\/v2\/categories?post=357083"},{"taxonomy":"post_tag","embeddable":true,"href":"https:\/\/www.europesays.com\/es\/wp-json\/wp\/v2\/tags?post=357083"}],"curies":[{"name":"wp","href":"https:\/\/api.w.org\/{rel}","templated":true}]}}