{"id":35715,"date":"2025-08-09T09:52:17","date_gmt":"2025-08-09T09:52:17","guid":{"rendered":"https:\/\/www.europesays.com\/es\/35715\/"},"modified":"2025-08-09T09:52:17","modified_gmt":"2025-08-09T09:52:17","slug":"lanzan-libro-del-conocimiento-indigena-para-cuidar-la-amazonia","status":"publish","type":"post","link":"https:\/\/www.europesays.com\/es\/35715\/","title":{"rendered":"Lanzan libro del conocimiento ind\u00edgena para cuidar la Amazon\u00eda"},"content":{"rendered":"<p>Este mi\u00e9rcoles la <a href=\"https:\/\/x.com\/FundacionOmacha\/status\/1953145571503698142\" target=\"_blank\" rel=\"noreferrer noopener nofollow\">Fundaci\u00f3n Omacha<\/a> en colaboraci\u00f3n con el Fondo Noruego para los Derechos Humanos public\u00f3 el libro <a href=\"https:\/\/www.omacha.org\/descargas\/2025\/Libro-Raices-sumergidas-web.pdf\" target=\"_blank\" rel=\"noreferrer noopener nofollow\">\u201cHistorias Ancestrales de la Amazon\u00eda\u201d<\/a> donde se recopilan mitos y leyendas de 17 abuelos y abuelas sabedores de comunidades ind\u00edgenas de la regi\u00f3n.\u00a0<\/p>\n<p>El libro es una representaci\u00f3n escrita de la transmisi\u00f3n de los conocimientos ancestrales que ha existido de generaci\u00f3n en generaci\u00f3n de forma oral.<\/p>\n<p><strong>\u00bfPor qu\u00e9 es importante?<\/strong> Para las comunidades ind\u00edgenas la transmisi\u00f3n de sus cosmovisiones por medio de mitos y leyendas es una forma de crear memoria, mantener la identidad y generar respeto por la naturaleza en las generaciones venideras.\u00a0<\/p>\n<p>Adem\u00e1s, como lo menciona Lu\u00eds Ahue, de la comunidad ind\u00edgena Ticoya, en el pr\u00f3logo del libro: \u201cA trav\u00e9s de estas historias, aprendemos a valorar y respetar nuestro entorno, reconociendo que el bosque no es solo un lugar f\u00edsico, sino un espacio sagrado que alberga nuestra identidad y sabidur\u00eda colectiva\u201d.<\/p>\n<p>As\u00ed, teniendo en cuenta que las comunidades ind\u00edgenas han jugado un papel fundamental en la conservaci\u00f3n del bioma amaz\u00f3nico, por medio de la transmisi\u00f3n de las historias, las nuevas generaciones de los pueblos ind\u00edgenas adquieren los conocimientos de sus mayores sobre el cuidado y la preservaci\u00f3n de los ecosistemas.<\/p>\n<p><strong>Su importancia en materia de pol\u00edtica p\u00fablica.<\/strong> De acuerdo con <a href=\"https:\/\/www.lasillavacia.com\/silla-amazonia\/colombia-se-quedo-atrasado-en-corregir-la-dinamica-del-rio-amazonas\/\" target=\"_blank\" rel=\"noreferrer noopener nofollow\">Santiago Duque<\/a>, experto en r\u00edos de la Universidad Nacional, sede Amazon\u00eda, muchas veces quienes m\u00e1s saben de sus territorios son sus pobladores. Cuando no hay estudios suficientes, datos hist\u00f3ricos disponibles, hablar con ellos para recopilar la informaci\u00f3n es clave. En el caso de Colombia, por ejemplo, hay muy poca informaci\u00f3n de varios r\u00edos, que permita entender c\u00f3mo ha sido su comportamiento en el tiempo para efectos de tomar decisiones de pol\u00edtica p\u00fablica sobre la ordenaci\u00f3n del territorio: \u201cEs indispensable hablar con los pobladores locales, hay que hacer una etnograf\u00eda social, hablar con los abuelos y las abuelas, para as\u00ed reconstruir una l\u00ednea del tiempo\u201d, anota Duque.\u00a0<\/p>\n","protected":false},"excerpt":{"rendered":"Este mi\u00e9rcoles la Fundaci\u00f3n Omacha en colaboraci\u00f3n con el Fondo Noruego para los Derechos Humanos public\u00f3 el libro&hellip;\n","protected":false},"author":2,"featured_media":35716,"comment_status":"","ping_status":"","sticky":false,"template":"","format":"standard","meta":{"footnotes":""},"categories":[172],"tags":[18067,224,18068,8805,146,147,25,24,225,23],"class_list":{"0":"post-35715","1":"post","2":"type-post","3":"status-publish","4":"format-standard","5":"has-post-thumbnail","7":"category-libros","8":"tag-amazonia","9":"tag-books","10":"tag-comunidades-indigenas","11":"tag-conservacion","12":"tag-entertainment","13":"tag-entretenimiento","14":"tag-es","15":"tag-espana","16":"tag-libros","17":"tag-spain"},"share_on_mastodon":{"url":"","error":""},"_links":{"self":[{"href":"https:\/\/www.europesays.com\/es\/wp-json\/wp\/v2\/posts\/35715","targetHints":{"allow":["GET"]}}],"collection":[{"href":"https:\/\/www.europesays.com\/es\/wp-json\/wp\/v2\/posts"}],"about":[{"href":"https:\/\/www.europesays.com\/es\/wp-json\/wp\/v2\/types\/post"}],"author":[{"embeddable":true,"href":"https:\/\/www.europesays.com\/es\/wp-json\/wp\/v2\/users\/2"}],"replies":[{"embeddable":true,"href":"https:\/\/www.europesays.com\/es\/wp-json\/wp\/v2\/comments?post=35715"}],"version-history":[{"count":0,"href":"https:\/\/www.europesays.com\/es\/wp-json\/wp\/v2\/posts\/35715\/revisions"}],"wp:featuredmedia":[{"embeddable":true,"href":"https:\/\/www.europesays.com\/es\/wp-json\/wp\/v2\/media\/35716"}],"wp:attachment":[{"href":"https:\/\/www.europesays.com\/es\/wp-json\/wp\/v2\/media?parent=35715"}],"wp:term":[{"taxonomy":"category","embeddable":true,"href":"https:\/\/www.europesays.com\/es\/wp-json\/wp\/v2\/categories?post=35715"},{"taxonomy":"post_tag","embeddable":true,"href":"https:\/\/www.europesays.com\/es\/wp-json\/wp\/v2\/tags?post=35715"}],"curies":[{"name":"wp","href":"https:\/\/api.w.org\/{rel}","templated":true}]}}