{"id":357720,"date":"2026-01-24T00:47:07","date_gmt":"2026-01-24T00:47:07","guid":{"rendered":"https:\/\/www.europesays.com\/es\/357720\/"},"modified":"2026-01-24T00:47:07","modified_gmt":"2026-01-24T00:47:07","slug":"celebridades-y-publico-dan-el-ultimo-adios-al-iconico-valentino-en-su-funeral-en-roma","status":"publish","type":"post","link":"https:\/\/www.europesays.com\/es\/357720\/","title":{"rendered":"Celebridades y p\u00fablico dan el \u00faltimo adi\u00f3s al ic\u00f3nico Valentino en su funeral en Roma"},"content":{"rendered":"\n<p>ROMA\u00a0\u2014\u00a0Celebridades mundiales de la moda se unieron el viernes por la ma\u00f1ana al gran p\u00fablico para despedir al ic\u00f3nico dise\u00f1ador Valentino en su funeral en Roma, en la c\u00e9ntrica Bas\u00edlica de Santa Mar\u00eda de los \u00c1ngeles y de los M\u00e1rtires.<\/p>\n<p>Grandes nombres de la moda, como los dise\u00f1adores Tom Ford y Donatella Versace, junto con la legendaria figura de la revista Vogue, Anna Wintour, asistieron al funeral, al igual que estrellas de Hollywood como Anne Hathaway.<\/p>\n<p>Fans y admiradores se congregaron frente a la iglesia, algunos vestidos de rojo o con accesorios rojos en un \u00faltimo homenaje al caracter\u00edstico color del dise\u00f1ador.<\/p>\n<p>Valentino Garavani, que falleci\u00f3 el lunes a los 93 a\u00f1os en su residencia en Roma, fue adorado por generaciones de miembros de la realeza, primeras damas y estrellas de cine, desde Jackie Kennedy Onassis hasta Julia Roberts o la reina Rania de Jordania, quienes aseguraban que siempre las hac\u00eda lucir y sentirse mejor.<\/p>\n<p>Cientos de personas pasaron por la capilla ardiente para presentar sus respetos al \u201c\u00faltimo emperador\u201d de la moda italiana. Siempre mantuvo su atelier en Roma, aunque presentaba casi todas sus colecciones en Par\u00eds.<\/p>\n<p>Sus suntuosos vestidos han adornado innumerables Premios de la Academia, notablemente en 2001, cuando Roberts us\u00f3 una columna vintage en blanco y negro para aceptar su estatuilla de mejor actriz. Cate Blanchett tambi\u00e9n visti\u00f3 Valentino \u2014un modelo de un solo hombro en seda amarillo mantequilla\u2014 cuando gan\u00f3 el Oscar a la mejor actriz de reparto en 2005.<\/p>\n","protected":false},"excerpt":{"rendered":"ROMA\u00a0\u2014\u00a0Celebridades mundiales de la moda se unieron el viernes por la ma\u00f1ana al gran p\u00fablico para despedir al&hellip;\n","protected":false},"author":2,"featured_media":357721,"comment_status":"","ping_status":"","sticky":false,"template":"","format":"standard","meta":{"footnotes":""},"categories":[91],"tags":[6572,146,147,25,24,14267,9589,1505,80094,29533,80095,1023,1421,2978,438,23,79454,79546,13011,27218],"class_list":["post-357720","post","type-post","status-publish","format-standard","has-post-thumbnail","category-entretenimiento","tag-celebridades","tag-entertainment","tag-entretenimiento","tag-es","tag-espana","tag-estrella","tag-funeral","tag-hollywood","tag-iconico-valentino","tag-julia-roberts","tag-mejor-actriz","tag-moda","tag-publico","tag-rojo","tag-roma","tag-spain","tag-ultimo-adios","tag-valentino-garavani","tag-vestido","tag-vintage"],"share_on_mastodon":{"url":"https:\/\/pubeurope.com\/@es\/115947322882974156","error":""},"_links":{"self":[{"href":"https:\/\/www.europesays.com\/es\/wp-json\/wp\/v2\/posts\/357720","targetHints":{"allow":["GET"]}}],"collection":[{"href":"https:\/\/www.europesays.com\/es\/wp-json\/wp\/v2\/posts"}],"about":[{"href":"https:\/\/www.europesays.com\/es\/wp-json\/wp\/v2\/types\/post"}],"author":[{"embeddable":true,"href":"https:\/\/www.europesays.com\/es\/wp-json\/wp\/v2\/users\/2"}],"replies":[{"embeddable":true,"href":"https:\/\/www.europesays.com\/es\/wp-json\/wp\/v2\/comments?post=357720"}],"version-history":[{"count":0,"href":"https:\/\/www.europesays.com\/es\/wp-json\/wp\/v2\/posts\/357720\/revisions"}],"wp:featuredmedia":[{"embeddable":true,"href":"https:\/\/www.europesays.com\/es\/wp-json\/wp\/v2\/media\/357721"}],"wp:attachment":[{"href":"https:\/\/www.europesays.com\/es\/wp-json\/wp\/v2\/media?parent=357720"}],"wp:term":[{"taxonomy":"category","embeddable":true,"href":"https:\/\/www.europesays.com\/es\/wp-json\/wp\/v2\/categories?post=357720"},{"taxonomy":"post_tag","embeddable":true,"href":"https:\/\/www.europesays.com\/es\/wp-json\/wp\/v2\/tags?post=357720"}],"curies":[{"name":"wp","href":"https:\/\/api.w.org\/{rel}","templated":true}]}}