{"id":357739,"date":"2026-01-24T01:05:09","date_gmt":"2026-01-24T01:05:09","guid":{"rendered":"https:\/\/www.europesays.com\/es\/357739\/"},"modified":"2026-01-24T01:05:09","modified_gmt":"2026-01-24T01:05:09","slug":"el-casting-este-ano-ha-sido-increible","status":"publish","type":"post","link":"https:\/\/www.europesays.com\/es\/357739\/","title":{"rendered":"El casting este a\u00f1o ha sido incre\u00edble"},"content":{"rendered":"<p class=\"c-paragraph\">Este viernes llega una nueva entrega de la <b>sexta temporada de El Desaf\u00edo<\/b>, donde ocho valientes concursantes se enfrentan cada semana a pruebas que los ponen al l\u00edmite. Entre ellos se encuentra <b>Daniel Illescas<\/b>, que ha acudido a Y ahora Sonsoles para contar <b>c\u00f3mo fue su experiencia<\/b> en el formato de Antena 3.\u00a0<\/p>\n<p class=\"c-paragraph\">El creador de contenido, <b>conocido por los viajes y grandes aventuras<\/b> que comparte en redes, se ha enfrentado en El Desaf\u00edo a algunos de sus mayores retos.<b> \u00abEs un programa que te exige mucho,<\/b> pero que siempre he querido hacer. Solo puedo agradecer al programa por darme esta oportunidad\u00bb, ha asegurado\u00a0<\/p>\n<p class=\"c-paragraph\">Daniel Illescas se ha sincerado sobre sus compa\u00f1eros de El Desaf\u00edo. \u00abHemos hecho una pi\u00f1a espectacular. <b>El casting este a\u00f1o ha sido incre\u00edble<\/b> y nos lo hemos pasado muy bien porque nos ve\u00edamos sufriendo, pero nos hemos apoyado mucho\u00bb, ha confesado.\u00a0<\/p>\n<p class=\"c-paragraph\">Al influencer la que m\u00e1s le ha sorprendido ha sido Mar\u00eda Jos\u00e9 Campanario. <b>\u00abHa hecho cosas que no imaginar\u00edamos\u00bb, <\/b>ha asegurado Illescas, que tambi\u00e9n ha dedicado muy buenas palabras al resto de concursantes.\u00a0<\/p>\n<p class=\"c-paragraph\">\u00abPatricia encantadora.\u00a0<b>Nos lo hemos pasado muy bien<\/b> y nos hemos re\u00eddo mucho\u00bb, ha asegurado Daniel Illescas sobre Patricia Conde. Pero no ha sido la humorista la \u00fanica de la que ha destacado su alegr\u00eda. <b>\u00abEs imposible no\u00a0re\u00edrte<\/b> y pasarlo bien con Eduardo Navarrete\u00bb, ha a\u00f1adido.\u00a0<\/p>\n<p class=\"c-paragraph\">El creador de contenido ha desvelado que <b>Willy B\u00e1rcenas ha sido su \u00abgran descubrimiento\u00bb<\/b>, con el que ha llegado a forjar una amistad m\u00e1s all\u00e1 del programa. \u00abHa sido maravilloso aprender de otros compa\u00f1eros\u00bb, ha expresado Illescas. \u00a0<\/p>\n<p>Los dos grandes apoyos de Daniel Illescas<\/p>\n<p class=\"c-paragraph\">Una de las personas m\u00e1s importantes de la vida de Daniel Illescas es <b>su abuela Carmen,<\/b> que a sus 87 a\u00f1os es un rostro habitual en las redes sociales del influencer.\u00a0<\/p>\n<p class=\"c-paragraph\">\u00abYo me he criado con mi abuela y quer\u00eda<b>\u00a0cumplir todos sus sue\u00f1os<\/b> para quedarme con la conciencia tranquila\u00bb, ha comentado Illescas, que ha llevado a su abuela a vivir grandes aventuras por todo el mundo.\u00a0<\/p>\n<p class=\"c-paragraph\">El creador de contenido ha asegurado que la prueba de El Desaf\u00edo que m\u00e1s miedo le da a Carmen es la apnea. \u00abYo, que estoy acostumbrado a las aventuras, <b>he aprendido en este programa que todos tenemos un l\u00edmite\u00bb<\/b>, ha asegurado el entrevistado.\u00a0<\/p>\n<p class=\"c-paragraph\">A pesar del riesgo de las pruebas, la abuela de Daniel Illescas <b>se alegr\u00f3 mucho al conocer que su nieto ir\u00eda a El Desaf\u00edo<\/b>. \u00abA ella le encantaba el programa y le hac\u00eda much\u00edsima ilusi\u00f3n que pudiera participar\u00bb, ha desvelado.\u00a0<\/p>\n<p class=\"c-paragraph\">Su novia\u00a0<b>Katia es su otro gran apoyo<\/b> y la persona que est\u00e1 en el d\u00eda a d\u00eda junto a \u00e9l. \u00abLos meses de grabaci\u00f3n de El Desaf\u00edo han sido muy duros y ha estado <b>apoy\u00e1ndome siempre y ayud\u00e1ndome en todo\u00bb,<\/b> ha asegurado Illescas.\u00a0<\/p>\n<p class=\"c-paragraph\"><b>\u00abNos encantar\u00eda formar una familia pero ahora no es el momento.<\/b> Ella est\u00e1 en una situaci\u00f3n muy buena de trabajo y es muy joven, pero en un futuro\u00bb, ha a\u00f1adido el influencer, que tiene claro que <b>Katia es su \u00abcompa\u00f1era de vida\u00bb.\u00a0<\/b><\/p>\n","protected":false},"excerpt":{"rendered":"Este viernes llega una nueva entrega de la sexta temporada de El Desaf\u00edo, donde ocho valientes concursantes se&hellip;\n","protected":false},"author":2,"featured_media":357740,"comment_status":"","ping_status":"","sticky":false,"template":"","format":"standard","meta":{"footnotes":""},"categories":[171],"tags":[2943,146,147,25,24,32470,7745,9474,57,23,214],"class_list":["post-357739","post","type-post","status-publish","format-standard","has-post-thumbnail","category-tv","tag-daniel","tag-entertainment","tag-entretenimiento","tag-es","tag-espana","tag-illescas","tag-se","tag-sincera","tag-sobre","tag-spain","tag-tv"],"share_on_mastodon":{"url":"","error":""},"_links":{"self":[{"href":"https:\/\/www.europesays.com\/es\/wp-json\/wp\/v2\/posts\/357739","targetHints":{"allow":["GET"]}}],"collection":[{"href":"https:\/\/www.europesays.com\/es\/wp-json\/wp\/v2\/posts"}],"about":[{"href":"https:\/\/www.europesays.com\/es\/wp-json\/wp\/v2\/types\/post"}],"author":[{"embeddable":true,"href":"https:\/\/www.europesays.com\/es\/wp-json\/wp\/v2\/users\/2"}],"replies":[{"embeddable":true,"href":"https:\/\/www.europesays.com\/es\/wp-json\/wp\/v2\/comments?post=357739"}],"version-history":[{"count":0,"href":"https:\/\/www.europesays.com\/es\/wp-json\/wp\/v2\/posts\/357739\/revisions"}],"wp:featuredmedia":[{"embeddable":true,"href":"https:\/\/www.europesays.com\/es\/wp-json\/wp\/v2\/media\/357740"}],"wp:attachment":[{"href":"https:\/\/www.europesays.com\/es\/wp-json\/wp\/v2\/media?parent=357739"}],"wp:term":[{"taxonomy":"category","embeddable":true,"href":"https:\/\/www.europesays.com\/es\/wp-json\/wp\/v2\/categories?post=357739"},{"taxonomy":"post_tag","embeddable":true,"href":"https:\/\/www.europesays.com\/es\/wp-json\/wp\/v2\/tags?post=357739"}],"curies":[{"name":"wp","href":"https:\/\/api.w.org\/{rel}","templated":true}]}}