{"id":358295,"date":"2026-01-24T08:26:07","date_gmt":"2026-01-24T08:26:07","guid":{"rendered":"https:\/\/www.europesays.com\/es\/358295\/"},"modified":"2026-01-24T08:26:07","modified_gmt":"2026-01-24T08:26:07","slug":"podrias-viajar-atras-en-el-tiempo-una-hora-bucles-temporales-de-verdad-y-all-you-need-is-kill","status":"publish","type":"post","link":"https:\/\/www.europesays.com\/es\/358295\/","title":{"rendered":"\u00bfPodr\u00edas viajar atr\u00e1s en el tiempo una hora? Bucles temporales de verdad y &#8216;All you need is kill&#8217;"},"content":{"rendered":"<p class=\"c-paragraph\">Imagina despertarte y descubrir que, de repente, <b>todo lo que ocurri\u00f3 en la \u00faltima hora empieza a deshacerse<\/b>. Los vasos que se rompieron se recomponen, las palabras que dijiste vuelven a tu boca y el kebab que se te atragant\u00f3 mientras estabas de resaca vuelve a estar dentro de tu est\u00f3mago. Esta es la premisa central de All You Need Is Kill, una readaptaci\u00f3n animada de la obra hom\u00f3nima de Hiroshi Sakurazaka que ya tuvo una versi\u00f3n en carne y hueso protagonizada por Tom Cruise en Al filo Del Ma\u00f1ana, y que se estrena este enero.<\/p>\n<p class=\"c-paragraph\">La pel\u00edcula sigue a Rita Vrataski, atrapada en un bucle temporal durante una guerra alien\u00edgena:\u00a0<b><b>cada vez que muere, regresa al inicio del d\u00eda y debe revivir los mismos eventos una y otra vez,<\/b><\/b>\u00a0buscando una manera de cambiar su destino. El poder m\u00e1s ansiado y m\u00e1s roto de toda la ciencia en realidad tendr\u00eda consecuencias devastadoras para todo el mundo. Qu\u00e9 digo todo el mundo, todo el universo. \u00bfQu\u00e9 significa retroceder en el tiempo? Respuesta r\u00e1pida: Volver a un momento previo de tu existencia \u00bfPero para los dem\u00e1s?<b><b>\u00bfQu\u00e9 efectos tendr\u00eda no solo para un individuo, sino para todo lo que lo rodea?\u00a0<\/b><\/b><\/p>\n<p><b>No afecta s\u00f3lo a una persona<\/b><\/p>\n<p class=\"c-paragraph\">La f\u00edsica moderna, la rama de la f\u00edsica que estudia fen\u00f3menos que ocurren a velocidades cercanas a la de la luz y a escalas at\u00f3micas y subat\u00f3micas, introduce restricciones que convierten estos bucles temporales en una fantas\u00eda rigurosamente limitada. Seg\u00fan la teor\u00eda de la relatividad de Einstein, <b>el tiempo no es absoluto: se curva con la gravedad y se dilata con la velocidad.\u00a0<\/b><\/p>\n<p class=\"c-paragraph\">El mejor ejemplo ilustrado en la gran pantalla es la pel\u00edcula Interstellar, que muestra las devastadoras consecuencias temporales de la estancia cercana en un agujero negro masivo. Cerca de uno de estos monstruos gravitacionales, los relojes avanzan m\u00e1s lento que en la Tierra, pero tampoco hace falta estar cerca de un ente gravitacional para sufrir esas variaciones temporales, ya que viajar a velocidades cercanas a la luz tambi\u00e9n provoca dilataci\u00f3n temporal.\u00a0<\/p>\n<p class=\"c-paragraph\">Por otro lado, la mec\u00e1nica cu\u00e1ntica muestra que, a nivel subat\u00f3mico, las part\u00edculas existen en m\u00faltiples estados y evolucionan de forma probabil\u00edstica. La combinaci\u00f3n de relatividad y mec\u00e1nica cu\u00e1ntica revela que el tiempo es un entramado complejo y no una l\u00ednea que podemos rebobinar a voluntad.\u00a0<b><b>\u00bfImaginas de verdad controlar todos estos factores a voluntad?<\/b><\/b><\/p>\n<p><b>Controlemos un cent\u00edmetro c\u00fabico de aire<\/b><\/p>\n<p class=\"c-paragraph\">En un bucle temporal ficticio, la informaci\u00f3n del universo \u2014todas las posiciones, velocidades y estados de cada part\u00edcula\u2014 tendr\u00edan que revertirse de manera perfecta. Cada mol\u00e9cula de aire, cada electr\u00f3n, cada fot\u00f3n, cada reacci\u00f3n qu\u00edmica y cada impulso neuronal de un cerebro humano deber\u00eda moverse exactamente en direcci\u00f3n contraria, sin ning\u00fan margen de error. <b>Y cuando es \u2018ning\u00fan margen de error\u2019 es NINGUNO<\/b>. La m\u00e1s m\u00ednima desviaci\u00f3n rompe la coherencia, generando caos instant\u00e1neo y otro escenario que no pertenecer\u00eda de donde se proviene. Pero eso merece la pena analizarlo de menos a m\u00e1s.<\/p>\n<p class=\"c-paragraph\">Consideremos un simple cent\u00edmetro c\u00fabico de aire. Contiene aproximadamente 1&#215;10 elevado a 19\u00a0mol\u00e9culas, es decir, un 1 y 19 ceros detr\u00e1s. Muchas part\u00edculas de ox\u00edgeno, nitr\u00f3geno, di\u00f3xido de carbono y vapor de agua. Retroceder el tiempo una hora <b>significa invertir la velocidad y posici\u00f3n de cada mol\u00e9cula, revertir cada colisi\u00f3n y deshacer cada intercambio de energ\u00eda meticulosamente<\/b>. Seg\u00fan la mec\u00e1nica cl\u00e1sica y cu\u00e1ntica, esto ser\u00eda <b>te\u00f3ricamente posible<\/b> si tuvi\u00e9ramos informaci\u00f3n perfecta, pero en la pr\u00e1ctica es imposible: el sistema es ca\u00f3tico y cualquier min\u00fascula imprecisi\u00f3n destruye la reversibilidad. Si un sistema no m\u00e1s grande que una moneda es pr\u00e1cticamente inviable de controlar, imaginad una persona que habita ese aire.<\/p>\n<p class=\"c-paragraph\">Cada c\u00e9lula, cada neurona, cada pulso sangu\u00edneo <b>tendr\u00eda que revertirse<\/b>. El metabolismo retroceder\u00eda, la digesti\u00f3n se \u201cdescompondr\u00eda\u201d hacia su estado inicial y los impulsos neuronales desaparecer\u00edan en orden inverso, borrando memoria y consciencia. En otras palabras, la persona no podr\u00eda percibir ni controlar la inversi\u00f3n temporal; ser\u00eda una reversi\u00f3n biol\u00f3gica total.<\/p>\n<p class=\"c-paragraph\">En los \u00e1rboles y la fauna, el efecto es similar, haciendo que las hojas ca\u00eddas volvieran a las ramas, los animales retrocedieran sus movimientos y los ciclos qu\u00edmicos de los ecosistemas \u2014como fotos\u00edntesis, respiraci\u00f3n y descomposici\u00f3n\u2014se revertieran simult\u00e1neamente. Pero vamos m\u00e1s all\u00e1, a escalas con consecuencias m\u00e1s temibles en un posible retroceso temporal.<\/p>\n<p><b>Mares, sat\u00e9lites y planetas hacia atr\u00e1s<\/b><\/p>\n<p class=\"c-paragraph\">En los oc\u00e9anos, revertir una hora implica<b> invertir corrientes de convecci\u00f3n, mareas y flujos de vida marina<\/b>. El agua se mover\u00eda al rev\u00e9s y la energ\u00eda cin\u00e9tica de miles de billones de toneladas provocar\u00eda turbulencias inmensas si no se sincronizase con toda la atm\u00f3sfera tal y como estaba previamente al retroceso. Los sat\u00e9lites en \u00f3rbita, movi\u00e9ndose a miles de kil\u00f3metros por hora, tambi\u00e9n deber\u00edan invertir su velocidad y trayectoria. Las se\u00f1ales de comunicaci\u00f3n y GPS se retroceder\u00edan, y cualquier desajuste provocar\u00eda colisiones y caos orbital instant\u00e1neo. En la Tierra como planeta, revertir el tiempo una hora implica invertir la rotaci\u00f3n, los flujos del n\u00facleo que generan el campo magn\u00e9tico y los movimientos de oc\u00e9anos y atm\u00f3sfera. En el sistema solar, los planetas tendr\u00edan que retroceder en sus \u00f3rbitas mientras la luz solar \u201crebobina\u201d su camino hacia el Sol.<\/p>\n<p class=\"c-paragraph\">Finalmente, en la escala gal\u00e1ctica, <b>la V\u00eda L\u00e1ctea gira a unos 220 km\/s.<\/b> Para mantener coherencia, todas las estrellas, gas, materia oscura y ondas gravitacionales deber\u00edan invertir sus movimientos de manera simult\u00e1nea. Todo a la vez, nada de \u201catrasar el tiempo de forma local\u201d. Cualquier diferencia generar\u00eda discontinuidades en el espacio-tiempo y <b>violar\u00eda la causalidad,<\/b> el principio fundamental que asegura que los efectos sigan a las causas.<\/p>\n<p class=\"c-paragraph\"><b>\u00bfImaginas que este poder tan abrumador lo llegase a tener alguien incompetente con su propia habilidad?<\/b> Ya vemos a muchos in\u00fatiles con poder tomar decisiones que fastidian a los dem\u00e1s, pero esto ser\u00eda un billete de ida sin retorno al desastre. Menos mal que la ciencia nos muestra que retroceder una hora en el tiempo es pr\u00e1cticamente imposible y <b>nos previene de nuestra propia ambici\u00f3n,<\/b> evitando un destino que ir\u00f3nicamente, nos merecer\u00edamos por querer jugar a ser Dios. La flecha del tiempo, definida por la entrop\u00eda, solo avanza hacia el futuro; la causalidad impide que un efecto preceda a su causa; y la cantidad de informaci\u00f3n necesaria para revertir cada proceso f\u00edsico y biol\u00f3gico es inconmensurable.<\/p>\n<p class=\"c-paragraph\">El aire que respiramos, nuestra propia biolog\u00eda, los ecosistemas, los oc\u00e9anos, los sat\u00e9lites, la Tierra y hasta las galaxias deber\u00edan sincronizarse perfectamente para lograr un rebobinado temporal. <b>Cualquier fallo producir\u00eda caos instant\u00e1neo.<\/b> En otras palabras, mientras que Rita Vrataski puede repetir un d\u00eda mil veces en la pantalla, en la vida real, intentar retroceder una hora equivaldr\u00eda a intentar poner un reloj c\u00f3smico al rev\u00e9s\u2026 y probablemente romperlo todo en el intento. Es mejor que, para bien o para mal, el tiempo siga fluyendo dejando de lado su manipulaci\u00f3n. Ya habr\u00e1 alguna otra manera de que la humanidad se induzca su propia aniquilaci\u00f3n, y si no, tiempo al tiempo.<\/p>\n","protected":false},"excerpt":{"rendered":"Imagina despertarte y descubrir que, de repente, todo lo que ocurri\u00f3 en la \u00faltima hora empieza a deshacerse.&hellip;\n","protected":false},"author":2,"featured_media":358296,"comment_status":"","ping_status":"","sticky":false,"template":"","format":"standard","meta":{"footnotes":""},"categories":[169],"tags":[20346,177,146,147,25,24,176,175,80195,23,159,20877,6027],"class_list":["post-358295","post","type-post","status-publish","format-standard","has-post-thumbnail","category-cine","tag-atras","tag-cine","tag-entertainment","tag-entretenimiento","tag-es","tag-espana","tag-film","tag-movies","tag-podrias","tag-spain","tag-tiempo","tag-una","tag-viajar"],"share_on_mastodon":{"url":"https:\/\/pubeurope.com\/@es\/115949127830085165","error":""},"_links":{"self":[{"href":"https:\/\/www.europesays.com\/es\/wp-json\/wp\/v2\/posts\/358295","targetHints":{"allow":["GET"]}}],"collection":[{"href":"https:\/\/www.europesays.com\/es\/wp-json\/wp\/v2\/posts"}],"about":[{"href":"https:\/\/www.europesays.com\/es\/wp-json\/wp\/v2\/types\/post"}],"author":[{"embeddable":true,"href":"https:\/\/www.europesays.com\/es\/wp-json\/wp\/v2\/users\/2"}],"replies":[{"embeddable":true,"href":"https:\/\/www.europesays.com\/es\/wp-json\/wp\/v2\/comments?post=358295"}],"version-history":[{"count":0,"href":"https:\/\/www.europesays.com\/es\/wp-json\/wp\/v2\/posts\/358295\/revisions"}],"wp:featuredmedia":[{"embeddable":true,"href":"https:\/\/www.europesays.com\/es\/wp-json\/wp\/v2\/media\/358296"}],"wp:attachment":[{"href":"https:\/\/www.europesays.com\/es\/wp-json\/wp\/v2\/media?parent=358295"}],"wp:term":[{"taxonomy":"category","embeddable":true,"href":"https:\/\/www.europesays.com\/es\/wp-json\/wp\/v2\/categories?post=358295"},{"taxonomy":"post_tag","embeddable":true,"href":"https:\/\/www.europesays.com\/es\/wp-json\/wp\/v2\/tags?post=358295"}],"curies":[{"name":"wp","href":"https:\/\/api.w.org\/{rel}","templated":true}]}}