{"id":35881,"date":"2025-08-09T11:46:16","date_gmt":"2025-08-09T11:46:16","guid":{"rendered":"https:\/\/www.europesays.com\/es\/35881\/"},"modified":"2025-08-09T11:46:16","modified_gmt":"2025-08-09T11:46:16","slug":"la-justificia-llega-80-anos-tarde-para-manaut-el-discipulo-de-sorolla-al-que-el-franquismo-encarcelo","status":"publish","type":"post","link":"https:\/\/www.europesays.com\/es\/35881\/","title":{"rendered":"La justificia llega 80 a\u00f1os tarde para Manaut, el disc\u00edpulo de Sorolla al que el franquismo encarcel\u00f3"},"content":{"rendered":"<p class=\"ft-text ft-helper-closenews\">\u00abY el prisionero ya no es \u00e9l; es otro. Poco a poco, cual un paisaje que va borrando la niebla, as\u00ed van desvaneci\u00e9ndose en su memoria las contingencias de su vida anterior\u00bb. Son palabras escritas por <strong>el pintor valenciano <\/strong><a class=\"ft-link ft-link--decoration\" href=\"https:\/\/www.levante-emv.com\/cultura\/2025\/03\/25\/real-academia-san-carlos-cataloga-115632064.html\" rel=\"nofollow noopener\" target=\"_blank\">Jos\u00e9 Manaut Viglietti <\/a>el 20 de julio de 1943 en la prisi\u00f3n de Porlier, donde hab\u00eda sido <strong>encarcelado tras la <\/strong><a class=\"ft-link ft-link--decoration\" href=\"https:\/\/www.levante-emv.com\/tags\/guerra-civil\/\" rel=\"nofollow noopener\" target=\"_blank\"><strong>Guerra Civil<\/strong><\/a><strong> por comunista y mas\u00f3n. <\/strong>Hoy, esa reflexi\u00f3n, redactada hace m\u00e1s de ocho d\u00e9cadas y que, como otros papeles y dibujos de Manaut, <strong>sali\u00f3 de su celda escondida en hatillos<\/strong> de ropa sucia, adquiere un significado especial.<\/p>\n<p class=\"ft-text\">El ministro de Pol\u00edtica Territorial y Memoria Democr\u00e1tica,<strong> <\/strong><a class=\"ft-link ft-link--decoration\" href=\"https:\/\/www.levante-emv.com\/tags\/angel-victor-torres\/\" rel=\"nofollow noopener\" target=\"_blank\">\u00c1ngel V\u00edctor Torres, <\/a>ha declarado \u00abileg\u00edtima y nula\u00bb la condena dictada en 1943 contra Manaut por el Tribunal Especial para la Represi\u00f3n de la Masoner\u00eda y el Comunismo, que le impuso <strong>doce a\u00f1os y un d\u00eda de prisi\u00f3n menor, <\/strong>pena conmutada despu\u00e9s por seis a\u00f1os y un d\u00eda de confinamiento en la localidad vizca\u00edna de <strong>Durango. <\/strong>All\u00ed subsisti\u00f3 pintando paisajes y retratos que ofrec\u00eda pr\u00e1cticamente puerta a puerta. Muchos de esos lienzos fueron mostrados en exposiciones posteriores.<\/p>\n<p><img decoding=\"async\" src=\"https:\/\/www.europesays.com\/es\/wp-content\/uploads\/2025\/08\/9ef9f38e-119a-4192-8b94-c76c01292bcb_alta-libre-aspect-ratio_default_0.jpg\" width=\"1200\" height=\"900\" alt=\"Dibujo de Manaut hecho en prisi\u00f3n.\" class=\"ft-helper-img-rd\" loading=\"lazy\" hasdataaida=\"true\"\/><\/p>\n<p class=\"ft-helper-fontColor-quaternary ft-helper-fontSize-body-S ft-helper-spacer-t-xxs\">Dibujo de Manaut hecho en prisi\u00f3n.  \/ L-EMV<\/p>\n<p>Condenado y depurado<\/p>\n<p class=\"ft-text\">Adem\u00e1s de la condena a prisi\u00f3n y el confinamiento lejos de Val\u00e8ncia, Manaut fue <strong>depurado profesionalmente:<\/strong> le retiraron su c\u00e1tedra de Dibujo y se le prohibi\u00f3 ejercer como profesor. No fue hasta 1980 cuando el Gobierno notific\u00f3 su rehabilitaci\u00f3n profesional, con acceso a su plaza como catedr\u00e1tico de Dibujo. Pero, lamentablemente, Jos\u00e9 Manaut hab\u00eda fallecido ya el 7 de enero de 1971, <strong>sin ver cumplida su leg\u00edtima aspiraci\u00f3n <\/strong>y su sue\u00f1o.<\/p>\n<p class=\"ft-text\">Tal como recoge la declaraci\u00f3n de reconocimiento y reparaci\u00f3n personal firmada el pasado 15 de julio por el ministro \u00c1ngel V\u00edctor Torres, en virtud de la Ley 20\/2022 de Memoria Democr\u00e1tica, Manaut \u00abpadeci\u00f3 persecuci\u00f3n por razones pol\u00edticas e ideol\u00f3gicas durante la dictadura franquista\u00bb.<\/p>\n<p class=\"ft-text\">Nacido en Ll\u00edria y considerado <strong>uno de los mejores disc\u00edpulos de <\/strong><a class=\"ft-link ft-link--decoration\" href=\"https:\/\/www.levante-emv.com\/tags\/joaquin-sorolla\/\" rel=\"nofollow noopener\" target=\"_blank\">Joaqu\u00edn Sorolla, <\/a>Manaut ejerci\u00f3 desde su juventud como pintor, profesor y cr\u00edtico de arte, adem\u00e1s de ayudante de Cecilio Pla en la Escuela de Bellas Artes de Madrid. Tras viajar a Francia, B\u00e9lgica y Holanda para ampliar sus estudios de pintura, el artista valenciano regres\u00f3 a Madrid, donde ingres\u00f3 en la masoner\u00eda y<strong> se involucr\u00f3 activamente en la defensa de los ideales del Frente Popular. <\/strong>Se afili\u00f3 al Partido Comunista de Espa\u00f1a, a la Alianza de Intelectuales Antifascistas para la Defensa de la Cultura y al Sindicato de Dibujantes y Cartelistas.<\/p>\n<p class=\"ft-text\">Su activismo art\u00edstico y pol\u00edtico le llev\u00f3 tambi\u00e9n a ser miembro de la junta directiva del C\u00edrculo de Bellas Artes durante la guerra y a trabajar en la sede valenciana de Cultura Popular, creada por el Ministerio de Instrucci\u00f3n P\u00fablica para acercar la cultura a los frentes. Una vez terminada la contienda, no fue hasta 1943 cuando se le conden\u00f3 a prisi\u00f3n. Pas\u00f3 por las c\u00e1rceles madrile\u00f1as de Porlier y Carabanchel, donde realiz\u00f3 unos 330 dibujos y una especie de diario sobre la vida en prisi\u00f3n, que ocultaba en la ropa sucia para que su familia los recogiera y conservara.<\/p>\n<p><img decoding=\"async\" src=\"https:\/\/www.europesays.com\/es\/wp-content\/uploads\/2025\/08\/97fd0321-6d4f-4aa0-a019-fc0da7bfaa1b_alta-libre-aspect-ratio_default_0.jpg\" width=\"1200\" height=\"1790\" alt=\"Manaut en 1917.\" class=\"ft-helper-img-rd\" loading=\"lazy\" hasdataaida=\"true\"\/><\/p>\n<p class=\"ft-helper-fontColor-quaternary ft-helper-fontSize-body-S ft-helper-spacer-t-xxs\">Manaut en 1917.  \/ L-EMV<\/p>\n<p>El trabajo de la fundaci\u00f3n<\/p>\n<p class=\"ft-text\">Manaut pudo regresar a Madrid en 1945 y, en 1946, obtuvo un puesto como profesor de Dibujo en el Liceo Franc\u00e9s de Madrid, que desempe\u00f1\u00f3 hasta 1966, compagin\u00e1ndolo con su labor art\u00edstica e investigadora. Public\u00f3 desde m\u00e9todos para el dibujo y la pintura hasta cr\u00f3nicas y estudios sobre Sorolla o Caravaggio, adem\u00e1s de decenas de art\u00edculos. Poco antes de morir, condujo un programa en Radio Nacional sobre el arte espa\u00f1ol.<\/p>\n<p><img decoding=\"async\" src=\"https:\/\/www.europesays.com\/es\/wp-content\/uploads\/2025\/08\/49d29915-81cd-4320-aded-f6c61fb71dc8_alta-libre-aspect-ratio_default_0.jpg\" width=\"1200\" height=\"1852\" alt=\"Jos\u00e9 Manaut con sus hijos, Ariel y Stella, a su regreso a casa en libertad condicional.\" class=\"ft-helper-img-rd\" loading=\"lazy\" hasdataaida=\"true\"\/><\/p>\n<p class=\"ft-helper-fontColor-quaternary ft-helper-fontSize-body-S ft-helper-spacer-t-xxs\">Jos\u00e9 Manaut con sus hijos, Ariel y Stella, a su regreso a casa en libertad condicional.  \/ L-EMV<\/p>\n<p class=\"ft-text\">En los \u00faltimos a\u00f1os, su familia se ha esforzado en rehabilitar la memoria del artista e intelectual Jos\u00e9 Manaut. Su hija Stella impuls\u00f3 primero una asociaci\u00f3n de amigos en recuerdo del artista y, despu\u00e9s, <a class=\"ft-link ft-link--decoration\" href=\"https:\/\/www.josemanaut.com\/fundacion-manaut\/\" rel=\"nofollow noopener\" target=\"_blank\">una fundaci\u00f3n<\/a> que ha promovido varias exposiciones sobre \u00e9l \u2014la \u00faltima, en este mismo 2025 en el Museu de la Ciutat\u2014, ha gestionado su legado, ha firmado un convenio con la Unviersidad Carlos III e incluso creado un peque\u00f1o museo en el edificio Torres del T\u00faria. Adem\u00e1s, tambi\u00e9n este a\u00f1o la Real Academia de Bellas Artes de San Carlos <a class=\"ft-link ft-link--decoration\" href=\"https:\/\/www.levante-emv.com\/cultura\/2025\/03\/25\/real-academia-san-carlos-cataloga-115632064.html\" rel=\"nofollow noopener\" target=\"_blank\">ha catalogado medio millar de dibujos del pintor de Ll\u00edria<\/a> en su archivo, tras la donaci\u00f3n de su hija.<\/p>\n<p class=\"ft-text\">\u00abOjal\u00e1 se hubiera hecho antes justicia con mi padre\u00bb, se\u00f1alaba ayer Stella, que habl\u00f3 del artista como un \u00abhombre que solo se dedic\u00f3 a ofrecer y ense\u00f1ar cultura\u00bb. \u00abPintaba, escrib\u00eda, daba conferencias, hac\u00eda pedagog\u00eda\u2026 Mi padre \u2014subray\u00f3 Stella\u2014 fue un hombre muy valiente, muy lanzado y, para m\u00ed, el artista espa\u00f1ol m\u00e1s completo del siglo XX\u00bb.<\/p>\n<p><img decoding=\"async\" src=\"https:\/\/www.europesays.com\/es\/wp-content\/uploads\/2025\/08\/c3330741-835f-4d87-82d3-72cc3415d533_alta-libre-aspect-ratio_default_0.jpg\" width=\"1200\" height=\"900\" alt=\"Autorretrato.\" class=\"ft-helper-img-rd\" loading=\"lazy\" hasdataaida=\"true\"\/><\/p>\n<p class=\"ft-helper-fontColor-quaternary ft-helper-fontSize-body-S ft-helper-spacer-t-xxs\">Autorretrato.  \/ L-EMV<\/p>\n<p data-close=\"closedContent\" class=\"subscribeHideForDisplay\">Suscr\u00edbete para seguir leyendo<\/p>\n","protected":false},"excerpt":{"rendered":"\u00abY el prisionero ya no es \u00e9l; es otro. Poco a poco, cual un paisaje que va borrando&hellip;\n","protected":false},"author":2,"featured_media":35882,"comment_status":"","ping_status":"","sticky":false,"template":"","format":"standard","meta":{"footnotes":""},"categories":[173],"tags":[14670,988,229,233,231,230,209,232,234,146,147,25,24,1470,18120,18121,5012,5518,23,11054,4655,706],"class_list":{"0":"post-35881","1":"post","2":"type-post","3":"status-publish","4":"format-standard","5":"has-post-thumbnail","7":"category-arte-y-diseno","8":"tag-14670","9":"tag-anos","10":"tag-arte","11":"tag-arte-y-diseno","12":"tag-arts","13":"tag-arts-and-design","14":"tag-cultura","15":"tag-design","16":"tag-diseno","17":"tag-entertainment","18":"tag-entretenimiento","19":"tag-es","20":"tag-espana","21":"tag-franquismo","22":"tag-jose-manaut","23":"tag-justificia","24":"tag-llega","25":"tag-ropa","26":"tag-spain","27":"tag-tarde","28":"tag-torres","29":"tag-valenciano"},"share_on_mastodon":{"url":"","error":""},"_links":{"self":[{"href":"https:\/\/www.europesays.com\/es\/wp-json\/wp\/v2\/posts\/35881","targetHints":{"allow":["GET"]}}],"collection":[{"href":"https:\/\/www.europesays.com\/es\/wp-json\/wp\/v2\/posts"}],"about":[{"href":"https:\/\/www.europesays.com\/es\/wp-json\/wp\/v2\/types\/post"}],"author":[{"embeddable":true,"href":"https:\/\/www.europesays.com\/es\/wp-json\/wp\/v2\/users\/2"}],"replies":[{"embeddable":true,"href":"https:\/\/www.europesays.com\/es\/wp-json\/wp\/v2\/comments?post=35881"}],"version-history":[{"count":0,"href":"https:\/\/www.europesays.com\/es\/wp-json\/wp\/v2\/posts\/35881\/revisions"}],"wp:featuredmedia":[{"embeddable":true,"href":"https:\/\/www.europesays.com\/es\/wp-json\/wp\/v2\/media\/35882"}],"wp:attachment":[{"href":"https:\/\/www.europesays.com\/es\/wp-json\/wp\/v2\/media?parent=35881"}],"wp:term":[{"taxonomy":"category","embeddable":true,"href":"https:\/\/www.europesays.com\/es\/wp-json\/wp\/v2\/categories?post=35881"},{"taxonomy":"post_tag","embeddable":true,"href":"https:\/\/www.europesays.com\/es\/wp-json\/wp\/v2\/tags?post=35881"}],"curies":[{"name":"wp","href":"https:\/\/api.w.org\/{rel}","templated":true}]}}