{"id":358906,"date":"2026-01-24T15:57:11","date_gmt":"2026-01-24T15:57:11","guid":{"rendered":"https:\/\/www.europesays.com\/es\/358906\/"},"modified":"2026-01-24T15:57:11","modified_gmt":"2026-01-24T15:57:11","slug":"romain-bardet-debuta-en-el-gravel-con-factor-y-rapha-ganando-la-primera-gran-carrera-del-ano","status":"publish","type":"post","link":"https:\/\/www.europesays.com\/es\/358906\/","title":{"rendered":"Romain Bardet debuta en el gravel con Factor y Rapha ganando la primera gran carrera del a\u00f1o"},"content":{"rendered":"<p>Romain Bardet inicia su etapa en el gravel con Factor y Rapha logrando la victoria en la RADL GRVL de Australia, la primera gran cita del calendario 2026, confirmando su competitividad inmediata tras dejar la carretera.<\/p>\n<p><a href=\"https:\/\/www.europesays.com\/es\/wp-content\/uploads\/2026\/01\/barde.jpg\" title=\"Podio\"><img loading=\"lazy\" decoding=\"async\" itemprop=\"image\" class=\"size-full\" src=\"https:\/\/www.europesays.com\/es\/wp-content\/uploads\/2026\/01\/barde.jpg\" alt=\"\" width=\"1300\" height=\"1008\"\/><\/a><\/p>\n<p class=\"wp-caption-text\">Podio<\/p>\n<blockquote class=\"quote-card lateral\">\n<p>Bardet se pasa al 100% al gravel con Rapha y Factor<\/p>\n<\/blockquote>\n<p>Romain Bardet abre una nueva etapa en el gravel de la mano de Factor Bikes y Rapha, y lo hace con una victoria de peso en su debut en la temporada 2026. El franc\u00e9s ha ganado la RADL GRVL en Australia, considerada la primera gran cita relevante del calendario internacional de gravel del a\u00f1o, confirmando que su transici\u00f3n desde la carretera va mucho m\u00e1s all\u00e1 de una experiencia puntual.<\/p>\n<p>\t Contin\u00faa tras los patrocinadores<\/p>\n<p>Reencuentro con Factor y nuevo enfoque deportivo<\/p>\n<blockquote class=\"quote-card lateral\">\n<p>Ya hab\u00eda competido con Factor en el pasado<\/p>\n<\/blockquote>\n<p>El acuerdo de Bardet con Factor supone, en realidad, un reencuentro. El ciclista franc\u00e9s ya hab\u00eda trabajado estrechamente con la marca durante su etapa en AG2R La Mondiale, cuando Factor era proveedor t\u00e9cnico del equipo. Entonces, Bardet ya destacaba por su inter\u00e9s en la innovaci\u00f3n, la optimizaci\u00f3n del material y el trabajo conjunto con los ingenieros, un enfoque que ahora traslada al gravel dentro de la estructura Factor Racing.<\/p>\n<p>Tras cerrar su carrera en la carretera, Bardet afronta esta nueva fase con un planteamiento distinto, m\u00e1s flexible y centrado en el equilibrio personal, pero sin renunciar a la exigencia competitiva. Su programa incluye competir en gravel al m\u00e1ximo nivel y colaborar activamente en el desarrollo de los productos de la marca, especialmente en las plataformas espec\u00edficas para esta disciplina.<\/p>\n<p><img fetchpriority=\"high\" decoding=\"async\" class=\"size-large wp-image-159846 \" src=\"https:\/\/www.europesays.com\/es\/wp-content\/uploads\/2026\/01\/rdet-1024x717.jpg\" alt=\"\" width=\"1024\" height=\"717\"  \/><\/p>\n<p class=\"wp-caption-text\">Romain Bardet<\/p>\n<p>Victoria en la RADL GRVL, primer gran test del a\u00f1o<\/p>\n<blockquote class=\"quote-card lateral\">\n<p>Llegar y ganar para \u00e9l<\/p>\n<\/blockquote>\n<p>El estreno competitivo de Bardet en 2026 no ha podido ser m\u00e1s contundente. El franc\u00e9s se impuso en la RADL GRVL, disputada sobre 127 km exigentes en los alrededores de McLaren Vale, en Australia. Un recorrido largo, con terreno irregular y un final acumulando desgaste, ideal para medir el estado de forma real de los favoritos.<\/p>\n<p>Bardet construy\u00f3 su victoria en el tramo decisivo, endureciendo la carrera con varios cambios de ritmo en la parte m\u00e1s selectiva del recorrido hasta lograr una ventaja definitiva de 54 segundos en meta. Cruz\u00f3 la l\u00ednea de llegada con un tiempo de 3:30:07, imponi\u00e9ndose a un grupo perseguidor de alto nivel internacional.<\/p>\n<p><img loading=\"lazy\" decoding=\"async\" class=\"size-full wp-image-159843 \" src=\"https:\/\/www.europesays.com\/es\/wp-content\/uploads\/2026\/01\/batder27.jpg\" alt=\"\" width=\"940\" height=\"788\"  \/><\/p>\n<p class=\"wp-caption-text\">Romain Bardet<\/p>\n<p>Dominio del equipo Factor Racing Rapha CC<\/p>\n<blockquote class=\"quote-card lateral\">\n<p>Cameron Jones, ganador del Life Time Grand Prix, ha sido 2\u00ba<\/p>\n<\/blockquote>\n<p>La actuaci\u00f3n del equipo fue pr\u00e1cticamente perfecta. Cameron Jones finaliz\u00f3 segundo en la prueba masculina, mientras que Nicole Frain se llev\u00f3 la victoria en la carrera femenina, confirmando el excelente inicio de temporada del conjunto. Adem\u00e1s, la prueba ten\u00eda el valor a\u00f1adido de coronar a los primeros campeones de Ocean\u00eda de gravel, un t\u00edtulo que refuerza a\u00fan m\u00e1s el prestigio del triunfo.<\/p>\n<p>En la clasificaci\u00f3n masculina, nombres consolidados del gravel internacional como Alexey Vermeulen, Mark O\u2019Brien o Ian Boswell completaron el top 10, subrayando el nivel competitivo de una carrera que ya se ha consolidado como referencia en el hemisferio sur.<\/p>\n<p><img loading=\"lazy\" decoding=\"async\" class=\"size-full wp-image-159844 \" src=\"https:\/\/www.europesays.com\/es\/wp-content\/uploads\/2026\/01\/bardet1.jpg\" alt=\"\" width=\"940\" height=\"788\"  \/><\/p>\n<p class=\"wp-caption-text\">Grupo delantero<\/p>\n<p>Un debut que marca el tono de 2026<\/p>\n<blockquote class=\"quote-card lateral\">\n<p>\u00bfDe qu\u00e9 ser\u00e1 capaz en este a\u00f1o centrado en el gravel?<\/p>\n<\/blockquote>\n<p>Con este resultado, Bardet demuestra que su salto al gravel no es una transici\u00f3n simb\u00f3lica tras una larga carrera en la \u00e9lite de la carretera. El franc\u00e9s, segundo en el Tour de Francia 2016 y ganador del maillot de la monta\u00f1a en 2019, ha sabido adaptar su experiencia, lectura de carrera y capacidad f\u00edsica a un escenario muy distinto, pero igualmente exigente.<\/p>\n<p>Su victoria en la RADL GRVL no solo inaugura su palmar\u00e9s en la disciplina, sino que tambi\u00e9n env\u00eda un mensaje claro al resto del pelot\u00f3n: Bardet llega al gravel para competir al m\u00e1ximo nivel desde el primer d\u00eda.<\/p>\n<p>Clasificaci\u00f3n RADL GRVL 2026<\/p>\n<tr>\nPos.<br \/>\nNombre<br \/>\nTiempo<br \/>\n<\/tr>\n<tr>\n<td>1<\/td>\n<td>Romain Bardet<\/td>\n<td>3:30:07<\/td>\n<\/tr>\n<tr>\n<td>2<\/td>\n<td>Cameron Jones<\/td>\n<td>+0:54<\/td>\n<\/tr>\n<tr>\n<td>3<\/td>\n<td>Alexey Vermeulen<\/td>\n<td>+1:42<\/td>\n<\/tr>\n<tr>\n<td>4<\/td>\n<td>Mark O\u2019Brien<\/td>\n<td>+1:44<\/td>\n<\/tr>\n<tr>\n<td>5<\/td>\n<td>Brent Rees<\/td>\n<td>+2:41<\/td>\n<\/tr>\n<tr>\n<td>6<\/td>\n<td>Ian Boswell<\/td>\n<td>+3:42<\/td>\n<\/tr>\n<tr>\n<td>7<\/td>\n<td>Jeremy Presbury<\/td>\n<td>+6:29<\/td>\n<\/tr>\n<tr>\n<td>8<\/td>\n<td>Cassius Anderson<\/td>\n<td>+9:51<\/td>\n<\/tr>\n<tr>\n<td>9<\/td>\n<td>Jasper Albrecht<\/td>\n<td>+9:51<\/td>\n<\/tr>\n<tr>\n<td>10<\/td>\n<td>Curtis Dowdell<\/td>\n<td>+9:52<\/td>\n<\/tr>\n<p>\u00a0<\/p>\n","protected":false},"excerpt":{"rendered":"Romain Bardet inicia su etapa en el gravel con Factor y Rapha logrando la victoria en la RADL&hellip;\n","protected":false},"author":2,"featured_media":358907,"comment_status":"","ping_status":"","sticky":false,"template":"","format":"standard","meta":{"footnotes":""},"categories":[273],"tags":[313,312,168,25,24,8834,18236,65437,23,167],"class_list":["post-358906","post","type-post","status-publish","format-standard","has-post-thumbnail","category-ciclismo","tag-ciclismo","tag-cycling","tag-deportes","tag-es","tag-espana","tag-factor","tag-gravel","tag-romain-bardet","tag-spain","tag-sports"],"share_on_mastodon":{"url":"https:\/\/pubeurope.com\/@es\/115950901265926390","error":""},"_links":{"self":[{"href":"https:\/\/www.europesays.com\/es\/wp-json\/wp\/v2\/posts\/358906","targetHints":{"allow":["GET"]}}],"collection":[{"href":"https:\/\/www.europesays.com\/es\/wp-json\/wp\/v2\/posts"}],"about":[{"href":"https:\/\/www.europesays.com\/es\/wp-json\/wp\/v2\/types\/post"}],"author":[{"embeddable":true,"href":"https:\/\/www.europesays.com\/es\/wp-json\/wp\/v2\/users\/2"}],"replies":[{"embeddable":true,"href":"https:\/\/www.europesays.com\/es\/wp-json\/wp\/v2\/comments?post=358906"}],"version-history":[{"count":0,"href":"https:\/\/www.europesays.com\/es\/wp-json\/wp\/v2\/posts\/358906\/revisions"}],"wp:featuredmedia":[{"embeddable":true,"href":"https:\/\/www.europesays.com\/es\/wp-json\/wp\/v2\/media\/358907"}],"wp:attachment":[{"href":"https:\/\/www.europesays.com\/es\/wp-json\/wp\/v2\/media?parent=358906"}],"wp:term":[{"taxonomy":"category","embeddable":true,"href":"https:\/\/www.europesays.com\/es\/wp-json\/wp\/v2\/categories?post=358906"},{"taxonomy":"post_tag","embeddable":true,"href":"https:\/\/www.europesays.com\/es\/wp-json\/wp\/v2\/tags?post=358906"}],"curies":[{"name":"wp","href":"https:\/\/api.w.org\/{rel}","templated":true}]}}