{"id":35893,"date":"2025-08-09T11:52:09","date_gmt":"2025-08-09T11:52:09","guid":{"rendered":"https:\/\/www.europesays.com\/es\/35893\/"},"modified":"2025-08-09T11:52:09","modified_gmt":"2025-08-09T11:52:09","slug":"un-estudio-relaciona-un-problema-de-colesterol-con-padecer-alzheimer","status":"publish","type":"post","link":"https:\/\/www.europesays.com\/es\/35893\/","title":{"rendered":"Un estudio relaciona un problema de colesterol con padecer alzheimer"},"content":{"rendered":"<p class=\"v-mdl-ath__p v-mdl-ath__p--6\">\nS\u00e1bado, 9 de agosto 2025, 01:13<\/p>\n<p class=\"v-p\">Una investigaci\u00f3n liderada por el Hospital de Sant Pau (Barcelona) ha identificado una alteraci\u00f3n clave en el transporte de colesterol al cerebro y su captaci\u00f3n por parte de las neuronas en pacientes con Alzheimer y presencia del gen APOE4, un hallazgo que podr\u00eda ayudar a explicar el origen de la enfermedad.<\/p>\n<p class=\"v-p\">Los resultados del estudio, publicados en &#8216;Journal of Lipid Research&#8217;, apuntan a que las lipoprote\u00ednas del l\u00edquido cefalorraqu\u00eddeo de pacientes con esta patolog\u00eda neurodegenerativa tienen una capacidad reducida para suministrar colesterol a las neuronas, y que este defecto podr\u00eda estar vinculado a la presencia de la variante gen\u00e9tica APOE4, uno de los principales factores de riesgo conocidos para desarrollar la enfermedad.<\/p>\n<p class=\"v-p\">\u00abSabemos desde hace tiempo que las personas con la variante APOE4, sobre todo en forma homocig\u00f3tica, tienen un riesgo muy elevado de desarrollar Alzheimer, pero hasta ahora no se conoc\u00eda bien por qu\u00e9. Nuestro estudio apunta a que uno de los factores que podr\u00eda contribuir es que las neuronas, en presencia de esta variante, captan peor el colesterol que les llega por el l\u00edquido cefalorraqu\u00eddeo\u00bb, ha detallado la investigadora Mireia Tondo, del Instituto de Investigaci\u00f3n Sant Pau.<\/p>\n<p class=\"v-p\"><strong>EL PAPEL \u00abVITAL\u00bb DEL COLESTEROL<\/strong><\/p>\n<p class=\"v-p\">El colesterol tiene un papel vital para el correcto funcionamiento de las neuronas, interviene en la formaci\u00f3n de membranas, en la transmisi\u00f3n sin\u00e1ptica y en la producci\u00f3n de mielina. Sin embargo, el cerebro no recibe esta mol\u00e9cula de la sangre, como s\u00ed ocurre en otros \u00f3rganos, ya que la barrera hematoencef\u00e1lica lo impide.<\/p>\n<p class=\"v-p\">\u00abTodo el colesterol necesario se produce localmente\u00bb, ha explicado la doctora Tondo, que precisa que despu\u00e9s \u00abse almacena en unas part\u00edculas lipoproteicas espec\u00edficas que lo transportan desde las c\u00e9lulas gliales hasta las neuronas\u00bb y, en caso de que este proceso falle, \u00abla neurona puede no recibir los recursos estructurales y funcionales que necesita\u00bb.<\/p>\n<p class=\"v-p\">Los investigadores analizaron muestras de l\u00edquido cefalorraqu\u00eddeo de 10 pacientes con Alzheimer y 10 personas sin enfermedad, procedentes de la cohorte &#8216;Sant Pau Initiative on Neurodegeneration&#8217; (SPIN). A partir de estos, evaluaron dos etapas del transporte lip\u00eddico cerebral; por un lado, la capacidad de los astrocitos para ceder colesterol al l\u00edquido cefalorraqu\u00eddeo; y, por otro, la capacidad de las neuronas para captar ese colesterol.<\/p>\n<p>Comenta<\/p>\n<p>Reporta un error<\/p>\n","protected":false},"excerpt":{"rendered":"S\u00e1bado, 9 de agosto 2025, 01:13 Una investigaci\u00f3n liderada por el Hospital de Sant Pau (Barcelona) ha identificado&hellip;\n","protected":false},"author":2,"featured_media":35894,"comment_status":"","ping_status":"","sticky":false,"template":"","format":"standard","meta":{"footnotes":""},"categories":[92],"tags":[3350,6972,25,24,1292,165,18127,9632,18126,166,23],"class_list":["post-35893","post","type-post","status-publish","format-standard","has-post-thumbnail","category-salud","tag-alzheimer","tag-colesterol","tag-es","tag-espana","tag-estudio","tag-health","tag-padecer","tag-problema","tag-relaciona","tag-salud","tag-spain"],"share_on_mastodon":{"url":"","error":""},"_links":{"self":[{"href":"https:\/\/www.europesays.com\/es\/wp-json\/wp\/v2\/posts\/35893","targetHints":{"allow":["GET"]}}],"collection":[{"href":"https:\/\/www.europesays.com\/es\/wp-json\/wp\/v2\/posts"}],"about":[{"href":"https:\/\/www.europesays.com\/es\/wp-json\/wp\/v2\/types\/post"}],"author":[{"embeddable":true,"href":"https:\/\/www.europesays.com\/es\/wp-json\/wp\/v2\/users\/2"}],"replies":[{"embeddable":true,"href":"https:\/\/www.europesays.com\/es\/wp-json\/wp\/v2\/comments?post=35893"}],"version-history":[{"count":0,"href":"https:\/\/www.europesays.com\/es\/wp-json\/wp\/v2\/posts\/35893\/revisions"}],"wp:featuredmedia":[{"embeddable":true,"href":"https:\/\/www.europesays.com\/es\/wp-json\/wp\/v2\/media\/35894"}],"wp:attachment":[{"href":"https:\/\/www.europesays.com\/es\/wp-json\/wp\/v2\/media?parent=35893"}],"wp:term":[{"taxonomy":"category","embeddable":true,"href":"https:\/\/www.europesays.com\/es\/wp-json\/wp\/v2\/categories?post=35893"},{"taxonomy":"post_tag","embeddable":true,"href":"https:\/\/www.europesays.com\/es\/wp-json\/wp\/v2\/tags?post=35893"}],"curies":[{"name":"wp","href":"https:\/\/api.w.org\/{rel}","templated":true}]}}