{"id":359114,"date":"2026-01-24T18:30:07","date_gmt":"2026-01-24T18:30:07","guid":{"rendered":"https:\/\/www.europesays.com\/es\/359114\/"},"modified":"2026-01-24T18:30:07","modified_gmt":"2026-01-24T18:30:07","slug":"kilian-jornet-tras-la-muerte-de-stephane-brosse-me-emborrachaba-para-asumir-el-duelo-despues-no-he-vuelto-a-beber-el-montanista-deportes","status":"publish","type":"post","link":"https:\/\/www.europesays.com\/es\/359114\/","title":{"rendered":"Kilian Jornet: \u201cTras la muerte de St\u00e9phane Brosse me emborrachaba para asumir el duelo. Despu\u00e9s, no he vuelto a beber\u201d | El Monta\u00f1ista | Deportes"},"content":{"rendered":"<p class=\"\">El 17 de junio de 2012, <a href=\"https:\/\/elpais.com\/deportes\/2025-06-28\/kilian-jornet-hay-momentos-en-que-no-se-si-estoy-vivo-o-muerto.html\" target=\"_self\" rel=\"nofollow noopener\" title=\"https:\/\/elpais.com\/deportes\/2025-06-28\/kilian-jornet-hay-momentos-en-que-no-se-si-estoy-vivo-o-muerto.html\">Kilian Jornet estuvo a un suspiro<\/a>, un gesto, un algo que jam\u00e1s llegar\u00e1 a comprender\u2026 de perder la vida. En su lugar, se mat\u00f3 St\u00e9phane Brosse, un campe\u00f3n franc\u00e9s de esqu\u00ed de monta\u00f1a, un ser admirado, una suerte de mentor. Ambos estaban a punto de alcanzar la Aguja de Argenti\u00e8re, durante la traves\u00eda del macizo del Mont Blanc en la compa\u00f1\u00eda de dos amigos m\u00e1s. Ninguno advirti\u00f3 que las pieles de sus esqu\u00eds se deslizaban sobre un terreno inestable, ef\u00edmero casi: estaban sobre una cornisa de nieve, un capricho creado por el viento que acumula nieve sobre el filo de la monta\u00f1a creando una suerte de pasarela sobre el vac\u00edo tan d\u00e9bil como aparentemente s\u00f3lido. La cornisa cedi\u00f3 bajo el peso de Brosse, ligeramente adelantado al grupo y escorado hacia el abismo. Sufri\u00f3 una ca\u00edda fatal de 600 metros de desnivel. Kilian Jornet sobrevivi\u00f3, pero empez\u00f3 a hacerse preguntas, tal y como revela <a href=\"https:\/\/www.nytimes.com\/2026\/01\/17\/magazine\/kilian-jornet-interview.html?smid=nytcore-ios-share\" target=\"_self\" rel=\"nofollow noopener\" title=\"https:\/\/www.nytimes.com\/2026\/01\/17\/magazine\/kilian-jornet-interview.html?smid=nytcore-ios-share\">en una entrevista concedida a The New York Times<\/a>. <\/p>\n<p class=\"\">Pero las preguntas planteadas dif\u00edcilmente encuentran respuestas satisfactorias cuando se mezclan la incomprensi\u00f3n, la culpa, la desaz\u00f3n. \u201cDespu\u00e9s de cada carrera, iba a la fiesta posterior y beb\u00eda mucho alcohol. Y no me gusta el sabor del alcohol. Durante un par de a\u00f1os, me emborrachaba un par de veces al a\u00f1o solo para tratar de escapar y lidiar con el duelo\u201d, afirma para el rotativo estadounidense. \u00bfKilian con problemas de alcohol? En conversaci\u00f3n telef\u00f3nica, Jornet aborda el asunto con la misma naturalidad con la que se enfrenta a los peligros de la monta\u00f1a: \u201cLo cierto es que as\u00ed fue. <a href=\"https:\/\/elpais.com\/deportes\/2018\/03\/08\/actualidad\/1520509446_605950.html\" target=\"_self\" rel=\"nofollow noopener\" title=\"https:\/\/elpais.com\/deportes\/2018\/03\/08\/actualidad\/1520509446_605950.html\">Tras la muerte de St\u00e9phane<\/a>, los meses que siguieron me emborrachaba en las fiestas tras las carreras. Despu\u00e9s de ese episodio que dur\u00f3 unos meses nunca he vuelto a probar el alcohol, pero en aquel entonces era muy joven (25 a\u00f1os) y fue mi manera de pasar el duelo por su muerte. Es curioso c\u00f3mo podemos cambiar los patrones de conducta cuando nos enfrentamos a situaciones de duelo o a hechos extraordinarios\u201d.<\/p>\n<p class=\"\">Kilian Jornet vive ahora m\u00e1s alejado de la seguridad de la competici\u00f3n, tanto en carreras de ultra trail como de esqu\u00ed de monta\u00f1a y m\u00e1s conectado con el alpinismo, lo que le ha llevado no solo a imaginar retos inmensos como la traves\u00eda de los Pirineos, los Alpes, su cabalgada States of Elevation en Estados Unidos o <a href=\"https:\/\/elpais.com\/deportes\/2025-08-08\/kilian-jornet-a-la-conquista-del-oeste.html\" target=\"_self\" rel=\"nofollow noopener\" title=\"https:\/\/elpais.com\/deportes\/2025-08-08\/kilian-jornet-a-la-conquista-del-oeste.html\">su intento de ascenso de la arista oeste del Everest<\/a>, donde un alud estuvo cerca de acabar con sus d\u00edas. La monta\u00f1a obliga al alpinista a mantener una relaci\u00f3n directa con la muerte. Aquel que sobrevive a la muerte de amigos, compa\u00f1eros o conocidos o aquel que escapa a la fatalidad sin saber por qu\u00e9 se plantea obligatoriamente preguntas de imposible respuesta. \u00bfPor qu\u00e9 la roca que cae de la parte superior de la monta\u00f1a mata a mi amigo y no a m\u00ed, que camino a su lado? \u00bfPor qu\u00e9 el rayo parte en dos a mi compa\u00f1ero de cuerda y no a m\u00ed? \u00bfPor qu\u00e9 se desencadena el alud despu\u00e9s de que yo haya pasado? \u00bfPor qu\u00e9 cae una persona en una grieta oculta por la que han pasado cinco personas unos segundos antes? A falta de evidencias cient\u00edficas, muchos atajan considerando que algo llamado destino se lleva a unos y no a otros. Otros lo consideran un capricho de la fortuna.<\/p>\n<p class=\"\">Kilian Jornet reconoce en la entrevista al The New York Times que es preciso contar con la suerte para sobrevivir en la monta\u00f1a. Finalmente, se trata de aceptar o no el peaje emocional y la exposici\u00f3n al riesgo. Kilian super\u00f3 la desaparici\u00f3n de Brosse permiti\u00e9ndose una v\u00e1lvula de escape en las fiestas post carrera y acudiendo m\u00e1s y m\u00e1s al encuentro de las cimas \u201cpara tratar de ver si era yo quien estaba destinado a morir en la monta\u00f1a ese d\u00eda y \u00e9l estaba en el lado equivocado de la cresta\u201d. Poco despu\u00e9s de escalar los 82 cuatromiles de los Alpes en apenas 19 d\u00edas del verano de 2024, Jornet apenas ten\u00eda un pero que esbozar: \u201cHe asumido demasiados riesgos\u201d, confi\u00f3 a este peri\u00f3dico. Una parte del terreno de cresta escogido para completar su conexi\u00f3n alpina era un vertedero de roca sin cohesi\u00f3n alguna, hu\u00e9rfano del soporte del permafrost: una ruleta rusa de bloques gigantes inestables capaces donde el alpinista catal\u00e1n se vio atrapado, superados los l\u00edmites tolerables. Padre de tres hijos, Jornet busca ahora un equilibrio complicado para seguir gozando de su conexi\u00f3n con la monta\u00f1a, de sus retos, tratando de no tentar la rueda del destino.<\/p>\n","protected":false},"excerpt":{"rendered":"El 17 de junio de 2012, Kilian Jornet estuvo a un suspiro, un gesto, un algo que jam\u00e1s&hellip;\n","protected":false},"author":2,"featured_media":359115,"comment_status":"","ping_status":"","sticky":false,"template":"","format":"standard","meta":{"footnotes":""},"categories":[42],"tags":[12967,17,18,1540,12969,76069,168,927,13,14,11,61,62,63,64,33472,19,20,9,10,15,16,717,12,17240,21,22,65,66,67],"class_list":["post-359114","post","type-post","status-publish","format-standard","has-post-thumbnail","category-internacional","tag-alpinismo","tag-breaking-news","tag-breakingnews","tag-competiciones","tag-deporte-aventura","tag-deporte-extremo","tag-deportes","tag-deportistas","tag-featured-news","tag-featurednews","tag-headlines","tag-internacional","tag-international","tag-international-news","tag-internationalnews","tag-kilian-jornet","tag-latest-news","tag-latestnews","tag-news","tag-noticias","tag-noticias-destacadas","tag-noticiasdestacadas","tag-running","tag-titulares","tag-trail-running","tag-ultimas-noticias","tag-ultimasnoticias","tag-world","tag-world-news","tag-worldnews"],"share_on_mastodon":{"url":"","error":"Validation failed: Text character limit of 500 exceeded"},"_links":{"self":[{"href":"https:\/\/www.europesays.com\/es\/wp-json\/wp\/v2\/posts\/359114","targetHints":{"allow":["GET"]}}],"collection":[{"href":"https:\/\/www.europesays.com\/es\/wp-json\/wp\/v2\/posts"}],"about":[{"href":"https:\/\/www.europesays.com\/es\/wp-json\/wp\/v2\/types\/post"}],"author":[{"embeddable":true,"href":"https:\/\/www.europesays.com\/es\/wp-json\/wp\/v2\/users\/2"}],"replies":[{"embeddable":true,"href":"https:\/\/www.europesays.com\/es\/wp-json\/wp\/v2\/comments?post=359114"}],"version-history":[{"count":0,"href":"https:\/\/www.europesays.com\/es\/wp-json\/wp\/v2\/posts\/359114\/revisions"}],"wp:featuredmedia":[{"embeddable":true,"href":"https:\/\/www.europesays.com\/es\/wp-json\/wp\/v2\/media\/359115"}],"wp:attachment":[{"href":"https:\/\/www.europesays.com\/es\/wp-json\/wp\/v2\/media?parent=359114"}],"wp:term":[{"taxonomy":"category","embeddable":true,"href":"https:\/\/www.europesays.com\/es\/wp-json\/wp\/v2\/categories?post=359114"},{"taxonomy":"post_tag","embeddable":true,"href":"https:\/\/www.europesays.com\/es\/wp-json\/wp\/v2\/tags?post=359114"}],"curies":[{"name":"wp","href":"https:\/\/api.w.org\/{rel}","templated":true}]}}