{"id":359217,"date":"2026-01-24T19:50:09","date_gmt":"2026-01-24T19:50:09","guid":{"rendered":"https:\/\/www.europesays.com\/es\/359217\/"},"modified":"2026-01-24T19:50:09","modified_gmt":"2026-01-24T19:50:09","slug":"resumen-goles-y-resultado-del-ud-poblense","status":"publish","type":"post","link":"https:\/\/www.europesays.com\/es\/359217\/","title":{"rendered":"Resumen, goles y resultado del UD Poblense"},"content":{"rendered":"<p class=\"ft-text\"><a class=\"ft-link ft-link--decoration\" href=\"https:\/\/www.sport.es\/es\/noticias\/barca\/futbol-base\/poblense-barca-atletic-directo-hoy-126031327\" rel=\"nofollow noopener\" target=\"_blank\">Otro desplazamiento que el Bar\u00e7a Atl\u00e8tic se va de vac\u00edo, el tercero de los \u00faltimos cuatro, un punto de 12 fuera de casa.<\/a> N\u00fameros dif\u00edciles de sostener en el obligado objetivo del ascenso de categor\u00eda. La derrota por 1-0 en el feudo del l\u00edder, un Poblense que saca adelante sus partidos siendo muy eficaz arriba y serio en defensa, deja ya casi como una quimera que el equipo de Juliano Belletti pueda subir de forma directa, pues el cuadro de Sa Pobla ya est\u00e1 7 puntos por arriba del filial azulgrana y con el goal-average a favor (en la primera vuelta, en el Johan Cruyff, el resultado fue de empate a dos). Y ojo, porque el play-off tambi\u00e9n est\u00e1 en peligro, y de hecho, <strong>este domingo el Bar\u00e7a Atl\u00e8tic saldr\u00e1 de las 5 primeras plazas si el Alcoyano derrota al Olot. Todo se complica.<\/strong><\/p>\n<p class=\"ft-text\"><strong>Mereci\u00f3 m\u00e1s el filial azulgrana sobre un c\u00e9sped totalmente impracticable<\/strong>, con zonas de tierra que se convirtieron en barro cuando empez\u00f3 a llover. Aun as\u00ed, los de Belletti encerraron a su rival en una gran fase de la primera mitad y a ra\u00edz del 1-0 en contra, en una acci\u00f3n en la que el estadounidense Diego Kochen no estuvo nada fino. Pero nada puede servir de excusa cuando el potencial del Bar\u00e7a Atl\u00e8tic es tan superior al de sus rivales y esta diferencia no se est\u00e1 reflejando en los resultados. La categor\u00eda, ya no queda ninguna duda, se est\u00e1 atragantando.<\/p>\n<p>Un error que se pag\u00f3 caro<\/p>\n<p class=\"ft-text\"><a class=\"ft-link ft-link--decoration\" href=\"https:\/\/www.sport.es\/es\/noticias\/barca\/barca-guarda-porcentaje-pase-andres-126012400\" rel=\"nofollow noopener\" target=\"_blank\">Belletti mantuvo a Andr\u00e9s Cuenca en la titularidad pese a que el central puede salir en direcci\u00f3n al Como italiano y releg\u00f3 a Toni Fern\u00e1ndez a la suplencia.<\/a> Dani Rodr\u00edguez fue el futbolista m\u00e1s incisivo del filial azulgrana en la primera mitad, si bien la mejor ocasi\u00f3n la tuvo Brian Fari\u00f1as a los 18 minutos, en un libre directo que se fue envenenando por el viento y el bal\u00f3n se estrell\u00f3 en la cepa del palo. Tambi\u00e9n Juan Hern\u00e1ndez en el 35&#8242; y Tommy Marqu\u00e9s, solo un minuto despu\u00e9s, tuvieron sus ocasiones, pero en disparos que salieron flojos. La \u00faltima del primer tiempo fue para Dani Rodr\u00edguez, al palo corto, replicada por la buena intervenci\u00f3n del meta local Sabater. <strong>El equipo se fue al descanso con el resultado inicial tras haber merecido por ocasiones, al menos, un gol.<\/strong><\/p>\n<p class=\"ft-text\">Cambi\u00f3 el panorama en el arranque del segundo tiempo. El Poblense empez\u00f3 a tener m\u00e1s bal\u00f3n y a dar muestras de por qu\u00e9 lidera este grupo. Un equipo al que es muy dif\u00edcil marcarle un gol y que aprovecha al m\u00e1ximo sus ocasiones. En el 55&#8242;, Kochen sac\u00f3 unos buenos pu\u00f1os ante Pe\u00f1afort, pero cuatro minutos despu\u00e9s, al de Miami se le col\u00f3 el bal\u00f3n en el lanzamiento de falta lateral de Nofre, no lleg\u00f3 al remate Pe\u00f1afort, pero despist\u00f3 al meta del Bar\u00e7a Atl\u00e8tic.<\/p>\n<p class=\"ft-text\">Con el resultado en contra, los de Belletti se volcaron hacia el empate. Aziz hab\u00eda salido en la reanudaci\u00f3n, el brasile\u00f1o orden\u00f3 tras el 1-0 un triple cambio para entrar Toni, Guille y Gistau, que tuvo un par de oportunidades, sobre todo un buen disparo que hizo volar a Sabater. Tambi\u00e9n Toni roz\u00f3 el gol, sac\u00f3 la defensa local bajo palos, y Aziz ya en la \u00faltima acci\u00f3n, pero el bal\u00f3n sali\u00f3 fuera por poco. <strong>No hubo manera y el Bar\u00e7a Atl\u00e8tic cay\u00f3 en un partido donde se escap\u00f3 medio ascenso directo.<\/strong><\/p>\n<p>La ficha t\u00e9cnica<\/p>\n<p class=\"ft-text\"><strong>UD Poblense:\u00a0<\/strong>Sabater; Marco Alarc\u00f3n (Giaquinto, 46&#8242;) (Gori, 73&#8242;), Pep Payeras, Marc Garcia, Dieguito (Alberto Fern\u00e1ndez, 73&#8242;), Miquel Soler (Joan Salv\u00e0, 89&#8242;), Mart\u00ed Payeras, Fullana, Nofre, Pe\u00f1afort y Prohens (Aitor Pons, 82&#8242;).<\/p>\n<p class=\"ft-text\"><strong>Bar\u00e7a Atl\u00e8tic:\u00a0<\/strong>Kochen; Anaya, Andr\u00e9s Cuenca (Shane Kluivert, 79&#8242;), \u00c1lvaro Cort\u00e9s, Jofre Torrents; Roger Mart\u00ednez, Brian Fari\u00f1as, Tommy Marqu\u00e9s (Guille Fern\u00e1ndez, 63&#8242;);, Dani Rodr\u00edguez (Gistau, 63&#8242;), Joaqu\u00edn Delgado (Toni Fern\u00e1ndez, 63&#8242;) y Juan Hern\u00e1ndez (Aziz, 46&#8242;).<\/p>\n<p class=\"ft-text\"><strong>Gol: <\/strong>1-0 M.59 Nofre.<\/p>\n<p class=\"ft-text\"><strong>\u00c1rbitro:<\/strong> Alejandro Mart\u00ednez (Comit\u00e9 Valenciano). TA: Fullana (64&#8242;) \/ Tommy Marqu\u00e9s (43&#8242;).<\/p>\n<p class=\"ft-text\"><strong>Incidencias:<\/strong> Municipal de Sa Pobla. Se guard\u00f3 un minuto de silencio por las v\u00edctimas del accidente ferroviario.<\/p>\n","protected":false},"excerpt":{"rendered":"Otro desplazamiento que el Bar\u00e7a Atl\u00e8tic se va de vac\u00edo, el tercero de los \u00faltimos cuatro, un punto&hellip;\n","protected":false},"author":2,"featured_media":359218,"comment_status":"","ping_status":"","sticky":false,"template":"","format":"standard","meta":{"footnotes":""},"categories":[268],"tags":[6421,46603,59564,20139,168,25,24,6077,280,282,5564,21121,20633,20634,281,23,167],"class_list":["post-359217","post","type-post","status-publish","format-standard","has-post-thumbnail","category-futbol","tag-ascenso","tag-azulgrana","tag-barca-atletic","tag-belletti","tag-deportes","tag-es","tag-espana","tag-filial","tag-football","tag-futbol","tag-lider","tag-play-off","tag-poblense","tag-segunda-rfef","tag-soccer","tag-spain","tag-sports"],"share_on_mastodon":{"url":"https:\/\/pubeurope.com\/@es\/115951817528914322","error":""},"_links":{"self":[{"href":"https:\/\/www.europesays.com\/es\/wp-json\/wp\/v2\/posts\/359217","targetHints":{"allow":["GET"]}}],"collection":[{"href":"https:\/\/www.europesays.com\/es\/wp-json\/wp\/v2\/posts"}],"about":[{"href":"https:\/\/www.europesays.com\/es\/wp-json\/wp\/v2\/types\/post"}],"author":[{"embeddable":true,"href":"https:\/\/www.europesays.com\/es\/wp-json\/wp\/v2\/users\/2"}],"replies":[{"embeddable":true,"href":"https:\/\/www.europesays.com\/es\/wp-json\/wp\/v2\/comments?post=359217"}],"version-history":[{"count":0,"href":"https:\/\/www.europesays.com\/es\/wp-json\/wp\/v2\/posts\/359217\/revisions"}],"wp:featuredmedia":[{"embeddable":true,"href":"https:\/\/www.europesays.com\/es\/wp-json\/wp\/v2\/media\/359218"}],"wp:attachment":[{"href":"https:\/\/www.europesays.com\/es\/wp-json\/wp\/v2\/media?parent=359217"}],"wp:term":[{"taxonomy":"category","embeddable":true,"href":"https:\/\/www.europesays.com\/es\/wp-json\/wp\/v2\/categories?post=359217"},{"taxonomy":"post_tag","embeddable":true,"href":"https:\/\/www.europesays.com\/es\/wp-json\/wp\/v2\/tags?post=359217"}],"curies":[{"name":"wp","href":"https:\/\/api.w.org\/{rel}","templated":true}]}}