{"id":359918,"date":"2026-01-25T05:24:13","date_gmt":"2026-01-25T05:24:13","guid":{"rendered":"https:\/\/www.europesays.com\/es\/359918\/"},"modified":"2026-01-25T05:24:13","modified_gmt":"2026-01-25T05:24:13","slug":"clasificaciones-completas-de-la-classica-camp-de-morvedre-2026-esciclismo","status":"publish","type":"post","link":"https:\/\/www.europesays.com\/es\/359918\/","title":{"rendered":"Clasificaciones completas de la Cl\u00e0ssica Camp de Morvedre 2026 &#8211; Esciclismo"},"content":{"rendered":"<ol>\n<li><a href=\"https:\/\/news.google.com\/rss\/articles\/CBMiakFVX3lxTE5pem14X0ZBRmNvVTdvVkxZWjRPclVnT2FGRElMaWJBRmFfMzZHUjdwNFRlQzVSZThVZEM1amo4NHVsMUU5Rm9WREx6eHZQMnBtemUxT1htN0IyYTFfWWxIQkJWRHctSElvakE?oc=5\" target=\"_blank\" rel=\"nofollow noopener\">Clasificaciones completas de la Cl\u00e0ssica Camp de Morvedre 2026<\/a>&nbsp;&nbsp;Esciclismo<\/li>\n<li><a href=\"https:\/\/news.google.com\/rss\/articles\/CBMirgFBVV95cUxQNFk4LXpPNG9oMDl6TVBzcXNVcTZ1WkFfTzFRUXZZcmk4Rk1aSjlMcTJJcElLeXlHOS15Wm5FbFpwcGVMNU1RQWs0T0tPMG0tenJjTDdEaDZfM28wNy1wd3BfVDJ0MEo1MWJsaldRQ0ZlazFtNU5KOFZsdjBnNWdkb2dUNEtfZEZ4SF9WWFAxbkQ0bTM5dEhSRm1VQzM5T3RlbFgycFJHbXYwY1daaUE?oc=5\" target=\"_blank\" rel=\"nofollow noopener\">Arranca la temporada en Espa\u00f1a con la Cl\u00e0ssica Camp de Morvedre (dorsales oficiales)<\/a>&nbsp;&nbsp;Zikloland<\/li>\n<li><a href=\"https:\/\/news.google.com\/rss\/articles\/CBMiXkFVX3lxTE1Lamc1WVcwc2RsS01qNW5UZUMzbUk2N2NUVzZLbjhNbi10MmVqYWpFMllrcTd5ZmppMUd0U3lKdEgyZWV5Nld2eDBiSWZpNlhNMnpGREx5YkNCS2pUcEE?oc=5\" target=\"_blank\" rel=\"nofollow noopener\">Otra vez Levante alza el tel\u00f3n del ciclismo en Europa<\/a>&nbsp;&nbsp;joanseguidor.com<\/li>\n<li><a href=\"https:\/\/news.google.com\/rss\/articles\/CBMiogFBVV95cUxNOXNIMUpyWkF5VzlLYkx2OW1GZjYwUElEckRfLVJ6WktUNzlzc0JtbTcyNTRERjl5Z0JhcVNpRk9haEZYYXBtakl3eXhEbWVGa3JWUlMtYm9JN09sWldBZi0tb1VfQTNnY04yU2xGc2VqclUtZzJuYzZMSlBvaWN1bnVIdTJKUHR3UUtXdlZCVmpWaTVSdjdGdXlrbUJzQ1ZCSWfSAaIBQVVfeXFMTTJyazIyTmE3Y0dKWl9ZdVNqRkJXampjWTYxMC1DQWlicXRNa2xPWEt1VW9tQ0wtYWlUNmllb0Q2ZEU5a3lBbVZqWS1WQ1Q3UzdSRzlnY1g2OXpDREsxLVBlN2ZpQ1NpUUtDa3VxbU9LYjRQa1RNbHUyNE5DZDBESW90UjRKLUJZLVRHbGQ2Yk5ZczlKblQ4Q01yZldTN29SVXRB?oc=5\" target=\"_blank\" rel=\"nofollow noopener\">Scaroni se impone en Morvedre y Movistar logra el podio con Pescador<\/a>&nbsp;&nbsp;MARCA<\/li>\n<li><a href=\"https:\/\/news.google.com\/rss\/articles\/CBMiqgFBVV95cUxObjhKNXRyenF1X2NiR0E4MHJLMUZWQkEwVHQxbG9pc2hCVzBJRU4tbkNfbDF1UGQ3Q1p2TGhoSjhHRy01YTVmZ3ZNdnhPRmNVY2xfXzdFSk11YlhLN2EtS1drTl9UUFZmM2pITF9JZzVUS0huR2ViRDFZbzFoZk5FVVdNSFk4MXdKY2xXSEJlaFZoN0R1czZRdFEwVDdGN01hcm9IYXdObFZMQQ?oc=5\" target=\"_blank\" rel=\"nofollow noopener\">El Camp de Morvedre vive su vuelta ciclista m\u00e1s internacional<\/a>&nbsp;&nbsp;levante-emv.com<\/li>\n<\/ol>\n","protected":false},"excerpt":{"rendered":"Clasificaciones completas de la Cl\u00e0ssica Camp de Morvedre 2026&nbsp;&nbsp;Esciclismo Arranca la temporada en Espa\u00f1a con la Cl\u00e0ssica Camp&hellip;\n","protected":false},"author":2,"featured_media":359919,"comment_status":"","ping_status":"","sticky":false,"template":"","format":"standard","meta":{"footnotes":""},"categories":[273],"tags":[10605,517,6783,7991,18791,313,1757,2683,12652,76606,55199,312,168,978,7368,17936,25,24,53841,79628,406,5807,48998,628,887,5215,5808,6598,10379,2761,1965,57,23,167,316,12165,11214,11004,1261],"class_list":["post-359918","post","type-post","status-publish","format-standard","has-post-thumbnail","category-ciclismo","tag-a","tag-actualidad","tag-calendario","tag-camp","tag-carretera","tag-ciclismo","tag-ciclista","tag-clasica","tag-clasificaciones","tag-classica","tag-completas","tag-cycling","tag-deportes","tag-dia","tag-disputada","tag-enero","tag-es","tag-espana","tag-estas","tag-estivella","tag-europe","tag-exigente","tag-html","tag-italia","tag-jueves","tag-kilometros","tag-llegada","tag-localidad","tag-morvedre","tag-prueba","tag-salida","tag-sobre","tag-spain","tag-sports","tag-tour","tag-trazado","tag-uci","tag-valenciana","tag-victoria"],"share_on_mastodon":{"url":"https:\/\/pubeurope.com\/@es\/115954074388924259","error":""},"_links":{"self":[{"href":"https:\/\/www.europesays.com\/es\/wp-json\/wp\/v2\/posts\/359918","targetHints":{"allow":["GET"]}}],"collection":[{"href":"https:\/\/www.europesays.com\/es\/wp-json\/wp\/v2\/posts"}],"about":[{"href":"https:\/\/www.europesays.com\/es\/wp-json\/wp\/v2\/types\/post"}],"author":[{"embeddable":true,"href":"https:\/\/www.europesays.com\/es\/wp-json\/wp\/v2\/users\/2"}],"replies":[{"embeddable":true,"href":"https:\/\/www.europesays.com\/es\/wp-json\/wp\/v2\/comments?post=359918"}],"version-history":[{"count":0,"href":"https:\/\/www.europesays.com\/es\/wp-json\/wp\/v2\/posts\/359918\/revisions"}],"wp:featuredmedia":[{"embeddable":true,"href":"https:\/\/www.europesays.com\/es\/wp-json\/wp\/v2\/media\/359919"}],"wp:attachment":[{"href":"https:\/\/www.europesays.com\/es\/wp-json\/wp\/v2\/media?parent=359918"}],"wp:term":[{"taxonomy":"category","embeddable":true,"href":"https:\/\/www.europesays.com\/es\/wp-json\/wp\/v2\/categories?post=359918"},{"taxonomy":"post_tag","embeddable":true,"href":"https:\/\/www.europesays.com\/es\/wp-json\/wp\/v2\/tags?post=359918"}],"curies":[{"name":"wp","href":"https:\/\/api.w.org\/{rel}","templated":true}]}}