{"id":35999,"date":"2025-08-09T12:56:10","date_gmt":"2025-08-09T12:56:10","guid":{"rendered":"https:\/\/www.europesays.com\/es\/35999\/"},"modified":"2025-08-09T12:56:10","modified_gmt":"2025-08-09T12:56:10","slug":"cinco-actividades-gratuitas-de-la-feria-de-editores-durante-el-fin-de-semana","status":"publish","type":"post","link":"https:\/\/www.europesays.com\/es\/35999\/","title":{"rendered":"Cinco actividades gratuitas de la Feria de Editores durante el fin de semana"},"content":{"rendered":"<p class=\"article-text\">\n        Con buena asistencia de p\u00fablico y <strong>gran entusiasmo de parte de sus organizadores<\/strong>, arranc\u00f3 la Feria de Editores 2025 en Buenos Aires. Adem\u00e1s de <a href=\"https:\/\/www.eldiarioar.com\/cultura\/feria-editores-2025-seleccion-libros-buscar-novelas-hibridos-grandes-rescates_1_12519187.html\" target=\"_blank\" data-mrf-recirculation=\"links-noticia\" class=\"link\" rel=\"nofollow noopener\">la venta de libros de sellos independientes<\/a>, el encuentro propone una serie de actividades vinculadas a la literatura, al debate de ideas y la edici\u00f3n.\n    <\/p>\n<p>    <a href=\"https:\/\/www.eldiarioar.com\/cultura\/feria-editores-2025-seleccion-libros-buscar-novelas-hibridos-grandes-rescates_1_12519187.html\" data-mrf-recirculation=\"saber-mas\" data-dl-event=\"saber-mas\" rel=\"nofollow noopener\" target=\"_blank\"><\/p>\n<p class=\"know-more__title\">Feria de Editores 2025: una selecci\u00f3n de libros para buscar entre novelas, h\u00edbridos y grandes rescates<\/p>\n<p>            <img decoding=\"async\" class=\"lazy\" loading=\"lazy\" data-src=\"https:\/\/static.eldiario.es\/clip\/815d9b7b-5000-450d-ae95-eb880f30d1ea_16-9-aspect-ratio_default_0.jpg\" src=\"data:image\/svg+xml,%3Csvg xmlns=\" http:=\"\" viewbox=\"0 0 880 495\" alt=\"Feria de Editores 2025: una selecci\u00f3n de libros para buscar entre novelas, h\u00edbridos y grandes rescates\"\/><\/p>\n<p>                        <\/a><\/p>\n<p class=\"article-text\">\n        A continuaci\u00f3n, cinco actividades programadas por la FED \u201825 para este fin de semana.\n    <\/p>\n<p class=\"article-text\">\n        <strong>1. Firma de libros.<\/strong> El s\u00e1bado 9, a las 15, <strong>Yael Frankel<\/strong>, ilustradora y ganadora el premio Bologna Ragazzi 2023, firmar\u00e1 ejemplares de Peque\u00f1os lectores (editado por el sello mexicano Gris Tormenta), un texto donde por primera vez pone en palabras algunas impresiones sobre su actividad. Tambi\u00e9n firmar\u00e1 ejemplares de Todo lo que pas\u00f3 antes de que llegaras y De un gris antiguo, ambos editados por el sello Limonero.\n    <\/p>\n<blockquote class=\"instagram-media\" data-instgrm-version=\"14\" data-instgrm-permalink=\"https:\/\/www.instagram.com\/p\/DMdoSwEpygz\/\" data-instgrm-captioned=\"\"\/>\n<p class=\"article-text\">\n        <strong>2 . Charla \u201cPesadilla para gauchoides\u201d.<\/strong> Tambi\u00e9n el s\u00e1bado 9, desde las 15, tendr\u00e1 lugar una conversaci\u00f3n <strong>entre los escritores Juan Mattio y Michel Nieva, con moderaci\u00f3n de Nadia Rivero<\/strong>. Estos dos referentes de la ciencia ficci\u00f3n y el new weird hablar\u00e1n sobre c\u00f3mo es retomar la tradici\u00f3n literaria argentina de los siglos XIX y XX para ponerla en di\u00e1logo con la tecnolog\u00eda, la historia reciente y los terrores contempor\u00e1neos. Presenta la editorial Caja negra que edit\u00f3 libros de ambos autores.\n    <\/p>\n<p class=\"article-text\">\n        <strong>3. Encuentro de autoras.<\/strong> Otra actividad destacada del s\u00e1bado 9, a partir de las 17.30. Se trata de la mesa \u201cEscribir a pesar del dolor. El duelo en la literatura latinoamericana\u201d de la que p<strong>articipar\u00e1n las escritoras Socorro Venegas (M\u00e9xico) y Paula Tomassoni (Argentina)<\/strong> moderadas por <strong>Alicia Salomone.<\/strong> \u00bfC\u00f3mo escribir literatura acerca de la p\u00e9rdida? \u00bfQu\u00e9 hace que las historias de lugares tan distintos nos resulten tan cercanas? ser\u00e1n algunas preguntas que servir\u00e1n como puntapi\u00e9 para el di\u00e1logo. Presentan las editoriales La parte maldita y Corregidor.\n    <\/p>\n<blockquote class=\"instagram-media\" data-instgrm-version=\"14\" data-instgrm-permalink=\"https:\/\/www.instagram.com\/p\/DMqSdbqMaKV\/\" data-instgrm-captioned=\"\"\/>\n<p class=\"article-text\">\n        <strong>4. Mesa de debate.<\/strong> El domingo 10, desde las 17.30 se llevar\u00e1 adelante el encuentro titulado \u201cFeminismo en tiempos de ultraderecha\u201d. <strong>Pablo Sem\u00e1n, Ver\u00f3nica Gago y Carolina Spataro<\/strong> conversar\u00e1n sobre los desaf\u00edos del feminismo frente al avance de los discursos y pol\u00edticas de ultraderecha. Modera <strong>Florencia Alcaraz <\/strong>y presenta la editorial Siglo XXI.\n    <\/p>\n<p class=\"article-text\">\n        <strong>5. Charla. <\/strong>Tambi\u00e9n el domingo 10, a partir de las 19, se llevar\u00e1 adelante un encuentro \u201cC\u00f3mo los videojuegos est\u00e1n cambiando el mundo\u201d. \u201cLa industria de los videojuegos, m\u00e1s grande que la cinematogr\u00e1fica y la musical juntas, tiene la capacidad de desafiar el statu quo. \u00bfPodemos pensarla como una fuerza para la igualdad o est\u00e1 destinada a alimentar agendas reaccionarias e hipermaterialistas?\u201d, plantean los organizadores de la charla, de la que participar\u00e1n <strong>la escritora lituano-brit\u00e1nica Marijam Did\u017egalvyt\u0117 y el autor argentino Juan Ruocco.<\/strong> Presenta la editorial Ediciones Godot.\n    <\/p>\n<p class=\"article-text\">\n        AL\/MG\n    <\/p>\n<p class=\"article-text\">\n        <strong>La Feria de Editores 2025 tendr\u00e1 lugar los d\u00edas jueves 7, viernes 8, s\u00e1bado 9 y domingo 10 de agosto, de 14 a 21, en el Complejo Art Media (Corrientes 6271, CABA). La entrada es libre y gratuita. La agenda completa de actividades d\u00eda por d\u00eda <\/strong><a href=\"https:\/\/feriadeeditores.com.ar\/charlas\" target=\"_blank\" data-mrf-recirculation=\"links-noticia\" class=\"link\" rel=\"nofollow noopener\"><strong>se puede encontrar en este enlace<\/strong><\/a><strong>.<\/strong>\n    <\/p>\n<p>                                    <script async src=\"\/\/www.instagram.com\/embed.js\"><\/script><\/p>\n","protected":false},"excerpt":{"rendered":"Con buena asistencia de p\u00fablico y gran entusiasmo de parte de sus organizadores, arranc\u00f3 la Feria de Editores&hellip;\n","protected":false},"author":2,"featured_media":36000,"comment_status":"","ping_status":"","sticky":false,"template":"","format":"standard","meta":{"footnotes":""},"categories":[172],"tags":[7825,224,5810,4169,17431,146,147,25,24,599,5017,225,773,23],"class_list":{"0":"post-35999","1":"post","2":"type-post","3":"status-publish","4":"format-standard","5":"has-post-thumbnail","7":"category-libros","8":"tag-actividades","9":"tag-books","10":"tag-cinco","11":"tag-durante","12":"tag-editores","13":"tag-entertainment","14":"tag-entretenimiento","15":"tag-es","16":"tag-espana","17":"tag-feria","18":"tag-gratuitas","19":"tag-libros","20":"tag-semana","21":"tag-spain"},"share_on_mastodon":{"url":"","error":""},"_links":{"self":[{"href":"https:\/\/www.europesays.com\/es\/wp-json\/wp\/v2\/posts\/35999","targetHints":{"allow":["GET"]}}],"collection":[{"href":"https:\/\/www.europesays.com\/es\/wp-json\/wp\/v2\/posts"}],"about":[{"href":"https:\/\/www.europesays.com\/es\/wp-json\/wp\/v2\/types\/post"}],"author":[{"embeddable":true,"href":"https:\/\/www.europesays.com\/es\/wp-json\/wp\/v2\/users\/2"}],"replies":[{"embeddable":true,"href":"https:\/\/www.europesays.com\/es\/wp-json\/wp\/v2\/comments?post=35999"}],"version-history":[{"count":0,"href":"https:\/\/www.europesays.com\/es\/wp-json\/wp\/v2\/posts\/35999\/revisions"}],"wp:featuredmedia":[{"embeddable":true,"href":"https:\/\/www.europesays.com\/es\/wp-json\/wp\/v2\/media\/36000"}],"wp:attachment":[{"href":"https:\/\/www.europesays.com\/es\/wp-json\/wp\/v2\/media?parent=35999"}],"wp:term":[{"taxonomy":"category","embeddable":true,"href":"https:\/\/www.europesays.com\/es\/wp-json\/wp\/v2\/categories?post=35999"},{"taxonomy":"post_tag","embeddable":true,"href":"https:\/\/www.europesays.com\/es\/wp-json\/wp\/v2\/tags?post=35999"}],"curies":[{"name":"wp","href":"https:\/\/api.w.org\/{rel}","templated":true}]}}