{"id":361190,"date":"2026-01-25T21:23:08","date_gmt":"2026-01-25T21:23:08","guid":{"rendered":"https:\/\/www.europesays.com\/es\/361190\/"},"modified":"2026-01-25T21:23:08","modified_gmt":"2026-01-25T21:23:08","slug":"queque-anuncia-un-descanso-de-hora-veintipico-tras-las-criticas-por-sus-programas-sobre-el-accidente-de-adamuz","status":"publish","type":"post","link":"https:\/\/www.europesays.com\/es\/361190\/","title":{"rendered":"Quequ\u00e9 anuncia un descanso de &#8216;Hora Veintipico&#8217; tras las cr\u00edticas por sus programas sobre el accidente de Adamuz"},"content":{"rendered":"<p style=\"\">Tras una carrera profesional de cerca de 30 a\u00f1os, que no ha estado exenta de controversia, el humorista <strong>H\u00e9ctor de Miguel<\/strong>, conocido popularmente como <strong>&#8216;Quequ\u00e9&#8217;, ha anunciado su retirada<\/strong>, sin especificar si es temporal o definitiva. <\/p>\n<p style=\"\">\u00ab<strong>Ha llegado el momento de <\/strong> &#8230; <strong>parar<\/strong>. El cuerpo me lo ped\u00eda y la mente disimulaba, pero lo acontecido en las \u00faltimas horas precipita una decisi\u00f3n que -quien me sufri\u00f3 lo sabe-<strong> llevaba tiempo barruntando<\/strong>\u00bb, ha escrito en una emotiva carta publicada en su cuenta de X.<\/p>\n<p class=\"voc-p\" style=\"\">El c\u00f3mico ha estado en los \u00faltimos en el foco de la pol\u00e9mica por una <strong>parodia sobre la cobertura de Nacho Abad del accidente de Adamuz<\/strong>. En su programa &#8216;Hora Veintipico&#8217; de la Cadena Ser, Quequ\u00e9, con el alias de <strong>&#8216;Macho Abad&#8217;<\/strong>, mont\u00f3 un falso set televisivo bautizado como <strong>&#8216;En boca de bobos&#8217;<\/strong>, desde el que satiriz\u00f3 y critic\u00f3 los excesos del programa presentado por Abad.<\/p>\n<p class=\"voc-p\" style=\"\">Este cap\u00edtulo no tard\u00f3 en hacerse viral, generando una <strong>oleada de cr\u00edticas<\/strong> por haber sido capaz de hacer cualquier tipo de humor sobre algo tan delicado como el <a href=\"https:\/\/www.abc.es\/sociedad\/adamuz-despide-victimas-tragico-accidente-ferroviario-20260125194029-vi.html\" title=\"www.abc.es\" data-voc-vtm-id=\"in-text-traffic\" data-mrf-link=\"www.abc.es\" rel=\"nofollow noopener\" target=\"_blank\">accidente ferroviario<\/a>, en el que <a href=\"https:\/\/www.abc.es\/sociedad\/adamuz-despide-victimas-tragico-accidente-ferroviario-20260125194029-vi.html\" title=\"www.abc.es\" data-voc-vtm-id=\"in-text-traffic\" data-mrf-link=\"www.abc.es\" rel=\"nofollow noopener\" target=\"_blank\">murieron 45 personas<\/a>.<\/p>\n<p>\nQuequ\u00e9 afirma estar \u00abmuy orgulloso\u00bb\n<\/p>\n<p class=\"voc-p\" style=\"\">Ante este aluvi\u00f3n de reproches, el humorista ha aprovechado la misiva para pedir perd\u00f3n: \u00ab<strong>No tengo madera de h\u00e9roe ni me apetece ser un m\u00e1rtir<\/strong>. Si te ha molestado lo que hemos hecho estos d\u00edas -o cualquier otro d\u00eda- en Hora Veintipico, <strong>mis m\u00e1s sinceras disculpas<\/strong>\u00bb.<\/p>\n<p class=\"voc-p\" style=\"\">Aun as\u00ed, afirma estar <strong>\u00abmuy orgulloso\u00bb de los programas<\/strong> que sac\u00f3 en una semana que califica de \u00abdif\u00edcil\u00bb, asegurando que nunca tuvo la intenci\u00f3n de burlarse de los afectados por el accidente.<\/p>\n<p class=\"voc-p\" style=\"\">\u00abNos centramos en hacer comedia con lo que hab\u00eda alrededor de la desgracia, y <strong>quien sostenga que le faltamos al respeto a las v\u00edctimas de los accidentes ferroviarios, simplemente est\u00e1 mintiendo<\/strong>\u00bb, argumenta.<\/p>\n<p class=\"voc-p\" style=\"\">\u00abSi la parodia del inefable escoci\u00f3, fue porque <strong>el dardo hizo diana<\/strong>. No fue nuestro programa el que mostr\u00f3 im\u00e1genes truculentas para aumentar unas d\u00e9cias el &#8216;share&#8217; ni quien fomenta la desinformaci\u00f3n y el conflicto a diario a base de debates maniqueos\u00bb, a\u00f1ade, haciendo referencia al programa dirigido por Nacho Abad.<\/p>\n<p>\nAgradecimientos para todos los que marcaron su carrera profesional y un final abierto\n<\/p>\n<p class=\"voc-p\" style=\"\">M\u00e1s all\u00e1 de la pol\u00e9mica, Quequ\u00e9 ha dedicado un espacio a quienes han marcado su extensa trayectoria profesional. Desde la <strong>Cadena Ser<\/strong>, a la que agradece su <strong>\u00abapoyo durante todos estos a\u00f1os<\/strong>\u00bb, hasta todas las personas que le han acompa\u00f1ado a lo largo de su carrera.<\/p>\n<p class=\"voc-p\" style=\"\">\u00abGracias a <strong>todxs lxs compa\u00f1erxs de la radio<\/strong> que al principio nos miraban con extra\u00f1eza y que acabaron siendo fieles c\u00f3mplices de nuestras andanzas\u00bb, ha enfatizado.<\/p>\n<p class=\"voc-p\" style=\"\">Tampoco se ha olvidado del <strong>p\u00fablico que ha estado presente \u00aben las buenas y en las malas\u00bb<\/strong> en sus diversas etapas: bares, salas, teatros, televisi\u00f3n, radio, redes sociales&#8230; \u00abLograsteis que un muchachito de Salamanca sin estudios ni padrinos cumpliera su sue\u00f1o de trabajar poco y madrugar lo menos posible. <strong>Estoy en deuda con vosotros<\/strong>\u00bb.<\/p>\n<p class=\"voc-p\" style=\"\">Aunque todo esto suena a despedida definitiva, el humorista ha dejado la puerta abierta a una posible vuelta: <strong>\u00abTengo que descansar un rato y luego ya veremos\u00bb<\/strong>.<\/p>\n","protected":false},"excerpt":{"rendered":"Tras una carrera profesional de cerca de 30 a\u00f1os, que no ha estado exenta de controversia, el humorista&hellip;\n","protected":false},"author":2,"featured_media":361191,"comment_status":"","ping_status":"","sticky":false,"template":"","format":"standard","meta":{"footnotes":""},"categories":[8],"tags":[17,18,25,24,13,14,11,19,20,9,10,15,16,45484,23,12,21,22],"class_list":["post-361190","post","type-post","status-publish","format-standard","has-post-thumbnail","category-espana","tag-breaking-news","tag-breakingnews","tag-es","tag-espana","tag-featured-news","tag-featurednews","tag-headlines","tag-latest-news","tag-latestnews","tag-news","tag-noticias","tag-noticias-destacadas","tag-noticiasdestacadas","tag-queque","tag-spain","tag-titulares","tag-ultimas-noticias","tag-ultimasnoticias"],"share_on_mastodon":{"url":"https:\/\/pubeurope.com\/@es\/115957845410648338","error":""},"_links":{"self":[{"href":"https:\/\/www.europesays.com\/es\/wp-json\/wp\/v2\/posts\/361190","targetHints":{"allow":["GET"]}}],"collection":[{"href":"https:\/\/www.europesays.com\/es\/wp-json\/wp\/v2\/posts"}],"about":[{"href":"https:\/\/www.europesays.com\/es\/wp-json\/wp\/v2\/types\/post"}],"author":[{"embeddable":true,"href":"https:\/\/www.europesays.com\/es\/wp-json\/wp\/v2\/users\/2"}],"replies":[{"embeddable":true,"href":"https:\/\/www.europesays.com\/es\/wp-json\/wp\/v2\/comments?post=361190"}],"version-history":[{"count":0,"href":"https:\/\/www.europesays.com\/es\/wp-json\/wp\/v2\/posts\/361190\/revisions"}],"wp:featuredmedia":[{"embeddable":true,"href":"https:\/\/www.europesays.com\/es\/wp-json\/wp\/v2\/media\/361191"}],"wp:attachment":[{"href":"https:\/\/www.europesays.com\/es\/wp-json\/wp\/v2\/media?parent=361190"}],"wp:term":[{"taxonomy":"category","embeddable":true,"href":"https:\/\/www.europesays.com\/es\/wp-json\/wp\/v2\/categories?post=361190"},{"taxonomy":"post_tag","embeddable":true,"href":"https:\/\/www.europesays.com\/es\/wp-json\/wp\/v2\/tags?post=361190"}],"curies":[{"name":"wp","href":"https:\/\/api.w.org\/{rel}","templated":true}]}}