{"id":36122,"date":"2025-08-09T14:14:07","date_gmt":"2025-08-09T14:14:07","guid":{"rendered":"https:\/\/www.europesays.com\/es\/36122\/"},"modified":"2025-08-09T14:14:07","modified_gmt":"2025-08-09T14:14:07","slug":"entrevistar-con-inteligencia-artificial-a-un-adolescente-muerto-otro-clavo-para-el-periodismo-television","status":"publish","type":"post","link":"https:\/\/www.europesays.com\/es\/36122\/","title":{"rendered":"Entrevistar con inteligencia artificial a un adolescente muerto, otro clavo para el periodismo | Televisi\u00f3n"},"content":{"rendered":"<p class=\"\">Cada duelo es un mundo, y es dif\u00edcil juzgar los actos de lo que hace alguien por recuperar algo (aunque sea m\u00ednimo) de un ser querido fallecido. Es dif\u00edcil, adem\u00e1s, para quienes no tenemos hijos entender del todo lo que pasa por el cuerpo cuando pierdes a uno para siempre. La inteligencia artificial est\u00e1 haciendo este debate todav\u00eda m\u00e1s complicado.<\/p>\n<p>M\u00e1s informaci\u00f3n<\/p>\n<p class=\"\">Hace unos d\u00edas, los padres de uno de los j\u00f3venes asesinados del <a href=\"https:\/\/elpais.com\/internacional\/2022-07-18\/el-eco-de-los-ultimos-tiroteos-masivos-enmarca-el-juicio-por-la-matanza-del-instituto-de-parkland-en-2018.html\" target=\"_self\" rel=\"nofollow noopener\" title=\"https:\/\/elpais.com\/internacional\/2022-07-18\/el-eco-de-los-ultimos-tiroteos-masivos-enmarca-el-juicio-por-la-matanza-del-instituto-de-parkland-en-2018.html\">tiroteo de Parkland<\/a>, Joaquin Oliver, concedieron <a href=\"https:\/\/elpais.com\/internacional\/2018\/11\/13\/actualidad\/1542125551_671269.html\" target=\"_self\" rel=\"nofollow noopener\" title=\"https:\/\/elpais.com\/internacional\/2018\/11\/13\/actualidad\/1542125551_671269.html\">al periodista Jim Acosta<\/a> la \u201cprimera entrevista\u201d con la representaci\u00f3n digital del adolescente de 17 a\u00f1os muerto. El padre utilizaba as\u00ed esta tecnolog\u00eda para abogar <a href=\"https:\/\/elpais.com\/internacional\/2024-02-17\/victimas-de-los-tiroteos-en-estados-unidos-llamaran-a-los-legisladores-por-medio-de-inteligencia-artificial.html\" target=\"_self\" rel=\"nofollow noopener\" title=\"https:\/\/elpais.com\/internacional\/2024-02-17\/victimas-de-los-tiroteos-en-estados-unidos-llamaran-a-los-legisladores-por-medio-de-inteligencia-artificial.html\">por el control de armas que lleva promulgando desde 2018<\/a>, mediante <a href=\"https:\/\/elpais.com\/internacional\/2018\/11\/07\/actualidad\/1541616631_115445.html\" target=\"_self\" rel=\"nofollow noopener\" title=\"https:\/\/elpais.com\/internacional\/2018\/11\/07\/actualidad\/1541616631_115445.html\">una de las voces m\u00e1s cr\u00edticas con Trump<\/a>, la de un presentador al que echaron de CNN tras llamar al presidente \u201ctirano\u201d.<\/p>\n<p class=\"\">En la inc\u00f3moda charla de cinco minutos en el canal de Youtube del periodista por el 25\u00ba cumplea\u00f1os de la v\u00edctima se acababa hablando incluso de la afici\u00f3n del joven por el baloncesto, LeBron James y Star Wars. \u201cFui apartado de este mundo por la violencia de las armas. Es importante que hablemos de estos problemas. Creo en leyes m\u00e1s duras\u201d, dec\u00eda el avatar con voz y movimientos rob\u00f3ticas. <\/p>\n<p class=\"\">\u201cParec\u00eda que lo estaba entrevistando de verdad. Creo que lo he conocido\u201d, aseguraba Acosta al padre en el programa, quien anticipaba que seguir\u00e1n <a href=\"https:\/\/elpais.com\/internacional\/2019\/08\/05\/estados_unidos\/1564987590_890000.html\" target=\"_self\" rel=\"nofollow noopener\" title=\"https:\/\/elpais.com\/internacional\/2019\/08\/05\/estados_unidos\/1564987590_890000.html\">paseando a Joaqu\u00edn por cada rinc\u00f3n<\/a>. Pero en realidad nunca dejaba de ser un ordenador que apelaba directamente a su entrevistado a cada frase puntuada con una pregunta: \u201cLo \u00fanico que quiero es amor, risas y vivir la vida al completo. Amo a mi familia, y quiero inspirar a otros\u201d, arengaba. <\/p>\n<p class=\"\"><a href=\"https:\/\/www.antena3.com\/programas\/el-hormiguero\/experiencia-real-mas-emotiva-hormiguero-hablando-familiares-fallecidos-gracias_2024013165bac12d327cdd00019cc8d3.html\" target=\"_self\" rel=\"nofollow noopener\" title=\"https:\/\/www.antena3.com\/programas\/el-hormiguero\/experiencia-real-mas-emotiva-hormiguero-hablando-familiares-fallecidos-gracias_2024013165bac12d327cdd00019cc8d3.html\">El a\u00f1o pasado El hormiguero cre\u00f3 una pieza lacrim\u00f3gena<\/a> en la que varias personas escuchaban las voces de sus familiares fallecidos. Todos acababan como una magdalena. Era de esperar. \u00bfEs esta la mejor manera de lidiar con el duelo? Black Mirror y cientos de pel\u00edculas nos han avisado sobre sus peligros, pero est\u00e1 claro que el ser humano caer\u00e1 igualmente en todas las trampas. \u00bfLlena ese personaje falso nuestro vac\u00edo o lo hace peor? \u00bfNos ayuda a recordarlo o nos hace sufrir innecesariamente? Est\u00e1 por responder. Cada luto es un mundo. <\/p>\n<p class=\"\">Pero dejando el duelo a un lado, existe otro debate: \u00bfEs realmente periodismo una entrevista preprogramada? No lo creo. Plegarse a esa pantomima con discurso solo vuelve rid\u00edculo un mensaje que tiene todo el sentido. Porque la tecnolog\u00eda se convierte en protagonista (el medio es el mensaje, y tal), y no tanto lo que supuestamente piensa el joven, programado ya con objetivo. Utilizarlo para vender un canal de Youtube no suena a la manera m\u00e1s humana de honrarlo. <\/p>\n<p class=\"\"><a href=\"https:\/\/elpais.com\/elpais\/2015\/09\/07\/estilo\/1441622388_803518.html\" rel=\"nofollow noopener\" target=\"_blank\">Zelda Williams, hija del c\u00f3mico Robin Williams<\/a>, calific\u00f3 a quienes resucitaban <a href=\"https:\/\/elpais.com\/cultura\/2024-09-28\/este-actor-muerto-esta-muy-vivo-la-moda-de-resucitar-digitalmente-a-las-estrellas-llega-a-los-juzgados.html\" target=\"_self\" rel=\"nofollow noopener\" title=\"https:\/\/elpais.com\/cultura\/2024-09-28\/este-actor-muerto-esta-muy-vivo-la-moda-de-resucitar-digitalmente-a-las-estrellas-llega-a-los-juzgados.html\">a sus muertos en el cine<\/a> de \u201ctitiriteros de los muertos por dinero\u201d. Del mismo modo, Acosta sacar\u00e1 r\u00e9dito de esa publicidad (porque sea buena o mala, es publicidad), pero, por mucho que lo asegure, no ha podido conocer nada real y profundo del joven. \u00bfQue le gusta el baloncesto? Vale. Entrevistar a una IA sin cuestionarla es solo un clavo m\u00e1s en el periodismo televisivo. Y no ser\u00e1 el \u00faltimo.<\/p>\n","protected":false},"excerpt":{"rendered":"Cada duelo es un mundo, y es dif\u00edcil juzgar los actos de lo que hace alguien por recuperar&hellip;\n","protected":false},"author":2,"featured_media":36123,"comment_status":"","ping_status":"","sticky":false,"template":"","format":"standard","meta":{"footnotes":""},"categories":[42],"tags":[17,18,18175,13,14,11,136,61,62,63,64,19,20,9,10,15,16,2151,953,120,807,8180,5223,12,21,22,65,66,67,5006],"class_list":{"0":"post-36122","1":"post","2":"type-post","3":"status-publish","4":"format-standard","5":"has-post-thumbnail","7":"category-internacional","8":"tag-breaking-news","9":"tag-breakingnews","10":"tag-cnn","11":"tag-featured-news","12":"tag-featurednews","13":"tag-headlines","14":"tag-inteligencia-artificial","15":"tag-internacional","16":"tag-international","17":"tag-international-news","18":"tag-internationalnews","19":"tag-latest-news","20":"tag-latestnews","21":"tag-news","22":"tag-noticias","23":"tag-noticias-destacadas","24":"tag-noticiasdestacadas","25":"tag-periodismo","26":"tag-programas-informativos","27":"tag-tecnologia","28":"tag-television","29":"tag-tiroteos","30":"tag-tiroteos-en-estados-unidos","31":"tag-titulares","32":"tag-ultimas-noticias","33":"tag-ultimasnoticias","34":"tag-world","35":"tag-world-news","36":"tag-worldnews","37":"tag-youtube"},"share_on_mastodon":{"url":"","error":""},"_links":{"self":[{"href":"https:\/\/www.europesays.com\/es\/wp-json\/wp\/v2\/posts\/36122","targetHints":{"allow":["GET"]}}],"collection":[{"href":"https:\/\/www.europesays.com\/es\/wp-json\/wp\/v2\/posts"}],"about":[{"href":"https:\/\/www.europesays.com\/es\/wp-json\/wp\/v2\/types\/post"}],"author":[{"embeddable":true,"href":"https:\/\/www.europesays.com\/es\/wp-json\/wp\/v2\/users\/2"}],"replies":[{"embeddable":true,"href":"https:\/\/www.europesays.com\/es\/wp-json\/wp\/v2\/comments?post=36122"}],"version-history":[{"count":0,"href":"https:\/\/www.europesays.com\/es\/wp-json\/wp\/v2\/posts\/36122\/revisions"}],"wp:featuredmedia":[{"embeddable":true,"href":"https:\/\/www.europesays.com\/es\/wp-json\/wp\/v2\/media\/36123"}],"wp:attachment":[{"href":"https:\/\/www.europesays.com\/es\/wp-json\/wp\/v2\/media?parent=36122"}],"wp:term":[{"taxonomy":"category","embeddable":true,"href":"https:\/\/www.europesays.com\/es\/wp-json\/wp\/v2\/categories?post=36122"},{"taxonomy":"post_tag","embeddable":true,"href":"https:\/\/www.europesays.com\/es\/wp-json\/wp\/v2\/tags?post=36122"}],"curies":[{"name":"wp","href":"https:\/\/api.w.org\/{rel}","templated":true}]}}