{"id":361437,"date":"2026-01-26T00:55:09","date_gmt":"2026-01-26T00:55:09","guid":{"rendered":"https:\/\/www.europesays.com\/es\/361437\/"},"modified":"2026-01-26T00:55:09","modified_gmt":"2026-01-26T00:55:09","slug":"patrick-reed-asegura-que-aun-no-ha-renovado-para-este-ano-con-liv-golf","status":"publish","type":"post","link":"https:\/\/www.europesays.com\/es\/361437\/","title":{"rendered":"Patrick Reed asegura que a\u00fan no ha renovado para este a\u00f1o con LIV Golf"},"content":{"rendered":"<p>&#13;<br \/>\n        &#13;<br \/>\n&#13;<br \/>\n        &#13;<\/p>\n<p>            <a href=\"https:\/\/ten-golf.com\/wp-content\/uploads\/2026\/01\/reedlivgolfdfubai26.jpg\" data-caption=\"Patrick Reed, durante la \u00faltima ronda del Dubai Desert Classic.(Photo by Andrew Redington\/Getty Images)\" rel=\"nofollow noopener\" target=\"_blank\"><img decoding=\"async\" loading=\"lazy\" width=\"666\" height=\"444\" class=\"entry-thumb td-modal-image\" src=\"https:\/\/www.europesays.com\/es\/wp-content\/uploads\/2026\/01\/reedlivgolfdfubai26-666x444.jpg\"   alt=\"Patrick Reed, durante la \u00faltima ronda del Dubai Desert Classic.\" title=\"Hero Dubai Desert Classic 2026 - Day Four\"\/><\/a>Patrick Reed, durante la \u00faltima ronda del Dubai Desert Classic.(Photo by Andrew Redington\/Getty Images)<\/p>\n<p>            LIV Golf anunci\u00f3 hace once d\u00edas la renovaci\u00f3n del contrato de Dustin Johnson, as\u00ed como el fichaje de Thomas Detry para completar el equipo de los Aces. Los otros dos miembros del cuarteto, seg\u00fan rezaba en el comunicado de la liga saud\u00ed, son Thomas Pieters y Patrick Ree<\/p>\n<p>Para seguir leyendo, Suscr\u00edbete<\/p>\n<p>    Subscription OptionsMENSUAL<\/p>\n<p>Unlimited  Entradas<\/p>\n<p>Unlimited  Galer\u00edas<\/p>\n<p>Unlimited  \u00c1lbumes<\/p>\n<p>Unlimited  P\u00e1ginas<\/p>\n<p>ANUAL + LIBRO<\/p>\n<p>Unlimited  Entradas<\/p>\n<p>Unlimited  Galer\u00edas<\/p>\n<p>Unlimited  \u00c1lbumes<\/p>\n<p>Unlimited  P\u00e1ginas<\/p>\n<p>ANUAL<\/p>\n<p>Unlimited  Entradas<\/p>\n<p>Unlimited  Galer\u00edas<\/p>\n<p>Unlimited  \u00c1lbumes<\/p>\n<p>Unlimited  P\u00e1ginas<\/p>\n<p>    Recibe 30 mulligans para gastar en <a href=\"https:\/\/thegame.ten-golf.com\" target=\"_blank\" rel=\"nofollow noopener\">TheGame<\/a> junto a tu suscripci\u00f3n anual (al final de la temporada se quitar\u00e1n los mulligans no gastados)<\/p>\n<p>    Pincha <a href=\"https:\/\/ten-golf.com\/tengolf-pone-en-marcha-el-muro-de-pago-y-crea-el-club-tengolf\" target=\"_blank\" rel=\"nofollow noopener\">aqu\u00ed<\/a> para saber m\u00e1s sobre las distintas suscripciones<\/p>\n<p>        &#13;<br \/>\n&#13;<br \/>\n        &#13;<br \/>\n            &#13;<br \/>\n            &#13;<br \/>\n&#13;<\/p>\n<p class=\"join-telegram\"><img decoding=\"async\" class=\"loading\" src=\"https:\/\/www.europesays.com\/es\/wp-content\/uploads\/2025\/11\/telegram-icon.png\" alt=\"\"\/> S\u00edguenos tambi\u00e9n en <a href=\"https:\/\/telegram.org\/\" target=\"_blank\" style=\"font-weight: normal;\" rel=\"nofollow noopener\">Telegram<\/a> en el canal <a href=\"https:\/\/t.me\/tengolf\" target=\"_blank\" rel=\"nofollow\">@tengolf<\/a><\/p>\n<p>        &#13;<br \/>\n        <a class=\"will-load\" name=\"end-article\" data-id=\"post-214754\"\/>&#13;<\/p>\n","protected":false},"excerpt":{"rendered":"&#13; &#13; &#13; &#13; Patrick Reed, durante la \u00faltima ronda del Dubai Desert Classic.(Photo by Andrew Redington\/Getty Images)&hellip;\n","protected":false},"author":2,"featured_media":361438,"comment_status":"","ping_status":"","sticky":false,"template":"","format":"standard","meta":{"footnotes":""},"categories":[275],"tags":[168,7316,25,24,329,968,336,21479,1960,339,340,1909,1910,23,167],"class_list":["post-361437","post","type-post","status-publish","format-standard","has-post-thumbnail","category-golf","tag-deportes","tag-dp-world-tour","tag-es","tag-espana","tag-golf","tag-liv-golf","tag-notificacion","tag-patrick-reed","tag-pga-tour","tag-portada-america","tag-portada-global","tag-portada-top","tag-portada-top-america","tag-spain","tag-sports"],"share_on_mastodon":{"url":"https:\/\/pubeurope.com\/@es\/115958678998368784","error":""},"_links":{"self":[{"href":"https:\/\/www.europesays.com\/es\/wp-json\/wp\/v2\/posts\/361437","targetHints":{"allow":["GET"]}}],"collection":[{"href":"https:\/\/www.europesays.com\/es\/wp-json\/wp\/v2\/posts"}],"about":[{"href":"https:\/\/www.europesays.com\/es\/wp-json\/wp\/v2\/types\/post"}],"author":[{"embeddable":true,"href":"https:\/\/www.europesays.com\/es\/wp-json\/wp\/v2\/users\/2"}],"replies":[{"embeddable":true,"href":"https:\/\/www.europesays.com\/es\/wp-json\/wp\/v2\/comments?post=361437"}],"version-history":[{"count":0,"href":"https:\/\/www.europesays.com\/es\/wp-json\/wp\/v2\/posts\/361437\/revisions"}],"wp:featuredmedia":[{"embeddable":true,"href":"https:\/\/www.europesays.com\/es\/wp-json\/wp\/v2\/media\/361438"}],"wp:attachment":[{"href":"https:\/\/www.europesays.com\/es\/wp-json\/wp\/v2\/media?parent=361437"}],"wp:term":[{"taxonomy":"category","embeddable":true,"href":"https:\/\/www.europesays.com\/es\/wp-json\/wp\/v2\/categories?post=361437"},{"taxonomy":"post_tag","embeddable":true,"href":"https:\/\/www.europesays.com\/es\/wp-json\/wp\/v2\/tags?post=361437"}],"curies":[{"name":"wp","href":"https:\/\/api.w.org\/{rel}","templated":true}]}}