{"id":361446,"date":"2026-01-26T01:04:08","date_gmt":"2026-01-26T01:04:08","guid":{"rendered":"https:\/\/www.europesays.com\/es\/361446\/"},"modified":"2026-01-26T01:04:08","modified_gmt":"2026-01-26T01:04:08","slug":"alba-flores-reconoce-que-le-hubiera-gustado-que-su-familia-fuera-mas-combativa-contra-el-regimen-franquista-pero-contextualiza-a-lola-flores","status":"publish","type":"post","link":"https:\/\/www.europesays.com\/es\/361446\/","title":{"rendered":"Alba Flores reconoce que le hubiera gustado que su familia fuera \u00abm\u00e1s combativa\u00bb contra el r\u00e9gimen franquista, pero contextualiza a Lola Flores"},"content":{"rendered":"<p class=\"L6-news-detail__text\">Tras charlar con <b>Jordi \u00c9vole<\/b> sobre las <b>nuevas masculinidades, la libertad sexual y el auge de la extrema derecha<\/b> -mientras hace un cocido vegano- la <b><a title=\"Alba Flores\" href=\"https:\/\/www.lasexta.com\/programas\/lo-de-evole\/nunca-sobran-artistas-cuando-hay-felicidad-tierno-video-alba-flores-padre-antonio-cuando-era-nina-programa-nieves-herrero_202601256975bf89f21351044da7f85c.html\" target=\"_blank\" rel=\"nofollow noopener\">Alba Flores<\/a><\/b> m\u00e1s combativa dirige su mirada cr\u00edtica a los suyos cuando Jordi se lo pide.<\/p>\n<p class=\"L6-news-detail__text\">\u00ab<b>\u00bfTe hubiese gustado que tu familia hubiese sido m\u00e1s combativa durante el r\u00e9gimen<\/b>?\u00bb, le pregunta. \u00abS\u00ed, me hubiese gustado. Me hubiese gustado que todo el mundo hubiese sido m\u00e1s combativo. Pero no solo mi familia\u00bb, dice con contundencia.<\/p>\n<p class=\"L6-news-detail__text\">Su abuela <b><a title=\"Lola Flores\" href=\"https:\/\/www.lasexta.com\/programas\/lasexta-clave\/asi-convirtio-palacio-granja-fiesta-cultural-artistas-como-raphael-lola-flores-regimen-franco_2024071866996dc3ef89480001eeed0e.html\" target=\"_blank\" rel=\"nofollow noopener\">Lola Flores<\/a><\/b>, afirma, no ten\u00eda intereses pol\u00edticos y se centraba, a principios de su vida, en sobrevivir. \u00abY tambi\u00e9n alimentaba muchas bocas, entonces, como muchas personas, <b>por necesidad haces lo que haga falta<\/b>\u00ab, a\u00f1ade.<\/p>\n<p>\u00abCon Franco he vivido muy bien, pero si hubiesen venido los barbudos&#8230;\u00bb<\/p>\n<p class=\"L6-news-detail__text\">Alba recuerda en ese momento una entrevista que le hicieron a su abuela hace tiempo. Ella la tiene muy reciente en su memoria porque la vision\u00f3 junto a <b><a title=\"Isaki Lacuesta\" href=\"https:\/\/www.lasexta.com\/noticias\/cultura\/isaki-lacuesta-tuve-que-hacer-pelicula-como-planetas-estuviesen-muertos_20240521664c9af517629a0001ebfd91.html\" target=\"_blank\" rel=\"nofollow noopener\">Isaki Lacuesta<\/a><\/b> -el director del documental que Alba ha producido en memoria de su padre, <b><a title=\"Flores para Antonio\" href=\"https:\/\/www.lasexta.com\/noticias\/cultura\/flores-antonio-homenaje-padre-recordando-musico-estaba-enfadada-cuando-murio_2025092368d28f745f87ee0831f99049.html\" target=\"_blank\" rel=\"nofollow noopener\">Flores para Antonio<\/a><\/b>&#8211; y que es una de las favoritas de Lola Flores para el cineasta.<\/p>\n<p class=\"L6-news-detail__text\">\u00abYo <b>con Franco he vivido muy bien<\/b>, con \u00e9l he estado tranquila\u00bb, aseguraba &#8216;La Faraona&#8217;. \u00abAhora, si hubiesen venido <b>los barbudos<\/b> (los comunistas) y me hubiesen tratado as\u00ed de bien, yo tambi\u00e9n les habr\u00eda estado agradecida eternamente\u00bb, destacaba.<\/p>\n<p>Antonio Flores, antifascista<\/p>\n<p class=\"L6-news-detail__text\">El hijo de Lola Flores, en cambio, s\u00ed que tomaba partido, sobre todo a trav\u00e9s de la m\u00fasica. \u00ab<b>Tiene una canci\u00f3n que se llama Al caer el sol<\/b>, que sale en la peli. Seg\u00fan cuenta mi madre, viene de cuando <b>los legionarios de Cristo Rey<\/b> iban por ah\u00ed esperando a la gente para pegarles, a los que ve\u00edan con el pelo largo, y a obligarles a <b>cantar el Cara al sol<\/b>\u00ab, cuenta Alba, que no duda en recitarla.<\/p>\n<p class=\"L6-news-detail__text\">Soy un hombre tranquilo,<\/p>\n<p class=\"L6-news-detail__text\">me gusta salir al caer el sol.<\/p>\n<p class=\"L6-news-detail__text\">Pienso a menudo en m\u00ed mismo<\/p>\n<p class=\"L6-news-detail__text\">y lo que ocurre a mi alrededor,<\/p>\n<p class=\"L6-news-detail__text\">pero hay personas que deciden<\/p>\n<p class=\"L6-news-detail__text\">lo que t\u00fa y yo tenemos que pensar,<\/p>\n<p class=\"L6-news-detail__text\">pero hay personas que no admiten<\/p>\n<p class=\"L6-news-detail__text\">que seas diferente,<\/p>\n<p class=\"L6-news-detail__text\">que cantes a la libertad.<\/p>\n<p class=\"L6-news-detail__text\">No estoy solo en el mundo,<\/p>\n<p class=\"L6-news-detail__text\">tengo mi idea sobre el bien y el mal.<\/p>\n<p class=\"L6-news-detail__text\">No leo libros sagrados,<\/p>\n<p class=\"L6-news-detail__text\">pues no me sirven en este lugar,<\/p>\n<p class=\"L6-news-detail__text\">porque hay personas que deciden<\/p>\n<p class=\"L6-news-detail__text\">que pueden matar en nombre de un Dios,<\/p>\n<p class=\"L6-news-detail__text\">porque hay personas que no admiten<\/p>\n<p class=\"L6-news-detail__text\">que seas diferente,<\/p>\n<p class=\"L6-news-detail__text\">que tu gu\u00eda sea la raz\u00f3n.<\/p>\n<p class=\"L6-news-detail__text\">Con cascos, palos y cadenas<\/p>\n<p class=\"L6-news-detail__text\">quieren quitarte tu derecho a vivir.<\/p>\n<p class=\"L6-news-detail__text\">Libres recorren las calles<\/p>\n<p class=\"L6-news-detail__text\">al acecho de alg\u00fan hombre feliz.<\/p>\n<p class=\"L6-news-detail__text\">Ten cuidado, te puede tocar a ti.<\/p>\n<p class=\"L6-news-detail__text\">El tema pertenece a su primer disco, en el que tambi\u00e9n se encuentra la m\u00edtica <b>No dudar\u00eda<\/b>, un canto \u00abtotalmente <b>antibelicista<\/b>\u00ab, se\u00f1ala su hija, que tambi\u00e9n se acuerda de la letra de la canci\u00f3n que Antonio dedic\u00f3 a <b>Juan El Golosina<\/b>: \u00abY vino el cambio y la derrota del fascista, y Juan por fin consigui\u00f3 ser un artista\u00bb.<\/p>\n<p class=\"L6-news-detail__text\">\u00abClaramente, mi padre s\u00ed que ten\u00eda una ideolog\u00eda<b> antifascista<\/b>\u00ab, concluye.<\/p>\n<p class=\"L6-news-detail__text\"><b><a title=\"*Sigue a laSexta en Google. Toda la actualidad y el mejor contenido aqu\u00ed.\" href=\"https:\/\/profile.google.com\/cp\/CgkvbS8wZG5xejA\" target=\"_blank\" rel=\"nofollow noopener\">*Sigue a laSexta en Google. Toda la actualidad y el mejor contenido aqu\u00ed.<\/a><\/b><\/p>\n<p class=\"L6-support-news-video__title\">Durante toda la vida<\/p>\n<p>            <a href=\"https:\/\/www.lasexta.com\/programas\/lo-de-evole\/alba-flores-denuncia-que-sufrido-comportamientos-racistas-barbara-lennie-aitana-les-pasa-esto-artista-gitanos_2026012569768b65f21351044da8a1d9.html\" class=\"L6-news__link\" rel=\"nofollow noopener\" target=\"_blank\"><br \/>\n                Alba Flores denuncia que ha sufrido comportamientos racistas: \u00abNi a B\u00e1rbara Lennie ni a Aitana les pasa esto; no es por artista, es por gitanos\u00bb<\/p>\n<p class=\"recirculation-video-desc\">La actriz afirma en esta entrevista junto a su prima, Elena Furiase, que ha sufrido el racismo en su propia piel. Incluso Jordi \u00c9vole ha hecho sin querer un comentario, a su juicio, poco ajustado a la realidad.<\/p>\n<p>            <\/a><\/p>\n","protected":false},"excerpt":{"rendered":"Tras charlar con Jordi \u00c9vole sobre las nuevas masculinidades, la libertad sexual y el auge de la extrema&hellip;\n","protected":false},"author":2,"featured_media":361447,"comment_status":"","ping_status":"","sticky":false,"template":"","format":"standard","meta":{"footnotes":""},"categories":[171],"tags":[146,147,25,24,23,214],"class_list":{"0":"post-361446","1":"post","2":"type-post","3":"status-publish","4":"format-standard","5":"has-post-thumbnail","7":"category-tv","8":"tag-entertainment","9":"tag-entretenimiento","10":"tag-es","11":"tag-espana","12":"tag-spain","13":"tag-tv"},"share_on_mastodon":{"url":"https:\/\/pubeurope.com\/@es\/115958714450074312","error":""},"_links":{"self":[{"href":"https:\/\/www.europesays.com\/es\/wp-json\/wp\/v2\/posts\/361446","targetHints":{"allow":["GET"]}}],"collection":[{"href":"https:\/\/www.europesays.com\/es\/wp-json\/wp\/v2\/posts"}],"about":[{"href":"https:\/\/www.europesays.com\/es\/wp-json\/wp\/v2\/types\/post"}],"author":[{"embeddable":true,"href":"https:\/\/www.europesays.com\/es\/wp-json\/wp\/v2\/users\/2"}],"replies":[{"embeddable":true,"href":"https:\/\/www.europesays.com\/es\/wp-json\/wp\/v2\/comments?post=361446"}],"version-history":[{"count":0,"href":"https:\/\/www.europesays.com\/es\/wp-json\/wp\/v2\/posts\/361446\/revisions"}],"wp:featuredmedia":[{"embeddable":true,"href":"https:\/\/www.europesays.com\/es\/wp-json\/wp\/v2\/media\/361447"}],"wp:attachment":[{"href":"https:\/\/www.europesays.com\/es\/wp-json\/wp\/v2\/media?parent=361446"}],"wp:term":[{"taxonomy":"category","embeddable":true,"href":"https:\/\/www.europesays.com\/es\/wp-json\/wp\/v2\/categories?post=361446"},{"taxonomy":"post_tag","embeddable":true,"href":"https:\/\/www.europesays.com\/es\/wp-json\/wp\/v2\/tags?post=361446"}],"curies":[{"name":"wp","href":"https:\/\/api.w.org\/{rel}","templated":true}]}}