{"id":361575,"date":"2026-01-26T02:46:10","date_gmt":"2026-01-26T02:46:10","guid":{"rendered":"https:\/\/www.europesays.com\/es\/361575\/"},"modified":"2026-01-26T02:46:10","modified_gmt":"2026-01-26T02:46:10","slug":"el-humorista-y-presentador-queque-anuncia-su-retirada-temporal-television","status":"publish","type":"post","link":"https:\/\/www.europesays.com\/es\/361575\/","title":{"rendered":"El humorista y presentador Quequ\u00e9 anuncia su retirada temporal | Televisi\u00f3n"},"content":{"rendered":"<p class=\"\">\u201cHa llegado el momento de parar. El cuerpo me lo ped\u00eda y la mente disimulaba, pero lo acontecido en las \u00faltimas horas precipita una decisi\u00f3n que -quien me sufri\u00f3 lo sabe- llevaba tiempo barruntando\u201d. El humorista y presentador <a href=\"https:\/\/elpais.com\/television\/2025-05-15\/hector-de-miguel-queque-tenemos-suerte-de-tener-la-ultraderecha-mas-lerda-de-europa-y-probablemente-del-mundo.html\" target=\"_blank\" rel=\"nofollow noopener\" title=\"https:\/\/elpais.com\/television\/2025-05-15\/hector-de-miguel-queque-tenemos-suerte-de-tener-la-ultraderecha-mas-lerda-de-europa-y-probablemente-del-mundo.html\">H\u00e9ctor de Miguel, m\u00e1s conocido como Quequ\u00e9<\/a>, ha anunciado este domingo su retirada temporal de la escena medi\u00e1tica con un comunicado en sus redes sociales. En la carta repasa tanto su carrera profesional como los motivos personales que le llevan a tomar esta decisi\u00f3n.<\/p>\n<p>M\u00e1s informaci\u00f3n<\/p>\n<p class=\"\">En el texto, Quequ\u00e9 explica que no tiene \u201cmadera de h\u00e9roe, ni me apetece ser m\u00e1rtir\u201d y, tras 25 a\u00f1os de carrera, reconoce que su cuerpo y su mente le piden un descanso. El humorista agradece a la Cadena SER el apoyo recibido durante todos estos a\u00f1os y recuerda con cari\u00f1o los programas en los que ha trabajado, como La Vida Moderna y La Lengua Moderna, antes de llegar al que califica como \u201cel mejor programa que he hecho nunca\u201d: Hora Veintipico, del que ahora se descuelga.<\/p>\n<p class=\"\">La decisi\u00f3n de Quequ\u00e9 de anunciar su retiro coincide con una fuerte pol\u00e9mica suscitada esta semana tras la tragedia ferroviaria del pasado d\u00eda 18 en Adamuz. Varios medios y plataformas digitales cr\u00edticos han se\u00f1alado que en episodios recientes de Hora Veintipico se han incluido bromas o referencias humor\u00edsticas sobre el accidente, lo que habr\u00eda generado malestar en varios sectores. Especialmente, <a href=\"https:\/\/motor.elpais.com\/actualidad\/ya-se-sabe-quien-rayo-el-tesla-de-nacho-abad-no-te-vas-a-creer-la-profesion-de-la-agresora\/\" target=\"_blank\" rel=\"noreferrer nofollow noopener\" title=\"https:\/\/motor.elpais.com\/actualidad\/ya-se-sabe-quien-rayo-el-tesla-de-nacho-abad-no-te-vas-a-creer-la-profesion-de-la-agresora\/\">se ha hecho viral un clip en el que parodia al periodista Nacho Abad<\/a> y habla sobre el accidente de tren.<\/p>\n<blockquote class=\"twitter-tweet\">\n<p lang=\"es\" dir=\"ltr\">\ud83d\udda4 45 personas fallecidas en el tr\u00e1gico accidente ferroviario de Adamuz (C\u00f3rdoba), entre ellas un compa\u00f1ero de la Polic\u00eda Nacional, y este \u201clocutor\u201d realizando una parodia lamentable desde <a href=\"https:\/\/twitter.com\/La_SER?ref_src=twsrc%5Etfw\" rel=\"nofollow noopener\" target=\"_blank\">@La_SER<\/a>.<\/p>\n<p>No es la primera vez. Ya el pasado 20 de enero, en pleno luto nacional, volvi\u00f3 a\u2026 <a href=\"https:\/\/t.co\/SV7H7pJ6kP\" rel=\"nofollow\">pic.twitter.com\/SV7H7pJ6kP<\/a><\/p>\n<p>\u2014 jusapol (@jusapol) <a href=\"https:\/\/twitter.com\/jusapol\/status\/2014685833027060013?ref_src=twsrc%5Etfw\" rel=\"nofollow noopener\" target=\"_blank\">January 23, 2026<\/a><\/p><\/blockquote>\n<p class=\"\">\u201cSi he molestado lo que hemos hecho estos d\u00edas \u2014o cualquier otro d\u00eda\u2014 mis m\u00e1s sinceras disculpas\u201d, escribi\u00f3, para a\u00f1adir: \u201cLa \u00faltima semana fue dif\u00edcil y decidimos sacar adelante unos programas de los que estoy muy orgulloso. Nos centramos en hacer comedia con lo que hab\u00eda alrededor de la desgracia, y quien sostenga que faltamos al respeto a las v\u00edctimas de los accidentes ferroviarios simplemente est\u00e1 mintiendo\u201d.<\/p>\n<p class=\"\">\u201cY gracias a todxs lxs que hab\u00e9is estado ah\u00ed en alg\u00fan momento de mi alocada trayectoria durante estos 25 a\u00f1os\u201d, finaliza la carta. \u201cEn los bares, en las salas, en los teatros, en la TV, en la radio, en las redes&#8230; En las buenas y en las malas. Lograsteis que un muchacho de Salamanca sin estudios ni padrinos cumpliera su sue\u00f1o de trabajar poco y madrugar lo menos posible\u201d.<\/p>\n<p><script async src=\"https:\/\/platform.twitter.com\/widgets.js\" charset=\"utf-8\"><\/script><\/p>\n","protected":false},"excerpt":{"rendered":"\u201cHa llegado el momento de parar. El cuerpo me lo ped\u00eda y la mente disimulaba, pero lo acontecido&hellip;\n","protected":false},"author":2,"featured_media":361576,"comment_status":"","ping_status":"","sticky":false,"template":"","format":"standard","meta":{"footnotes":""},"categories":[5],"tags":[78792,17,18,6699,59809,25,24,13,14,11,52913,19,20,9,10,15,16,45484,1922,23,807,12,21,22,431],"class_list":["post-361575","post","type-post","status-publish","format-standard","has-post-thumbnail","category-titulares","tag-accidente-trenes-adamuz","tag-breaking-news","tag-breakingnews","tag-cadena-ser","tag-criticas-politicas","tag-es","tag-espana","tag-featured-news","tag-featurednews","tag-headlines","tag-humoristas","tag-latest-news","tag-latestnews","tag-news","tag-noticias","tag-noticias-destacadas","tag-noticiasdestacadas","tag-queque","tag-redes-sociales","tag-spain","tag-television","tag-titulares","tag-ultimas-noticias","tag-ultimasnoticias","tag-victimas"],"share_on_mastodon":{"url":"https:\/\/pubeurope.com\/@es\/115959115433736612","error":""},"_links":{"self":[{"href":"https:\/\/www.europesays.com\/es\/wp-json\/wp\/v2\/posts\/361575","targetHints":{"allow":["GET"]}}],"collection":[{"href":"https:\/\/www.europesays.com\/es\/wp-json\/wp\/v2\/posts"}],"about":[{"href":"https:\/\/www.europesays.com\/es\/wp-json\/wp\/v2\/types\/post"}],"author":[{"embeddable":true,"href":"https:\/\/www.europesays.com\/es\/wp-json\/wp\/v2\/users\/2"}],"replies":[{"embeddable":true,"href":"https:\/\/www.europesays.com\/es\/wp-json\/wp\/v2\/comments?post=361575"}],"version-history":[{"count":0,"href":"https:\/\/www.europesays.com\/es\/wp-json\/wp\/v2\/posts\/361575\/revisions"}],"wp:featuredmedia":[{"embeddable":true,"href":"https:\/\/www.europesays.com\/es\/wp-json\/wp\/v2\/media\/361576"}],"wp:attachment":[{"href":"https:\/\/www.europesays.com\/es\/wp-json\/wp\/v2\/media?parent=361575"}],"wp:term":[{"taxonomy":"category","embeddable":true,"href":"https:\/\/www.europesays.com\/es\/wp-json\/wp\/v2\/categories?post=361575"},{"taxonomy":"post_tag","embeddable":true,"href":"https:\/\/www.europesays.com\/es\/wp-json\/wp\/v2\/tags?post=361575"}],"curies":[{"name":"wp","href":"https:\/\/api.w.org\/{rel}","templated":true}]}}