{"id":361601,"date":"2026-01-26T03:08:11","date_gmt":"2026-01-26T03:08:11","guid":{"rendered":"https:\/\/www.europesays.com\/es\/361601\/"},"modified":"2026-01-26T03:08:11","modified_gmt":"2026-01-26T03:08:11","slug":"la-xunta-activa-el-es-alert-en-el-interior-de-pontevedra-ante-el-riesgo-de-inundaciones-de-este-lunes","status":"publish","type":"post","link":"https:\/\/www.europesays.com\/es\/361601\/","title":{"rendered":"La Xunta activa el ES-Alert en el interior de Pontevedra ante el riesgo de inundaciones de este lunes"},"content":{"rendered":"<p class=\"article-text\">\n        La Direcci\u00f3n Xeral de Emerxencias e Interior ha enviado un mensaje de alerta &#8211;a trav\u00e9s del sistema de Protecci\u00f3n Civil &#8216;ES-Alert&#8217;&#8211; a la poblaci\u00f3n del interior de Pontevedra ante el riesgo de inundaciones e incidencias asociadas a las lluvias intensas previstas para este lunes.\n    <\/p>\n<p class=\"article-text\">\n        El mensaje fue enviado a los tel\u00e9fonos m\u00f3viles que se encontraban en los siguientes municipios: Agolada, Campo Lameiro, A Ca\u00f1iza, Cerdedo-Cotobade, Covelo, Cuntis, Doz\u00f3n, A Estrada, Forcarei, Fornelos de Montes, Lal\u00edn, A Lama, Mora\u00f1a, Rodeiro, Silleda y Vila de Cruces. Con todo, debido a la proximidad de las zonas afectadas, la alerta pudo llegar tambi\u00e9n a terminales situados en municipios lim\u00edtrofes.\n    <\/p>\n<p class=\"article-text\">\n        Adem\u00e1s, Galicia activa la alerta roja para el interior de la provincia de Pontevedra y suspende la actividad lectiva y el transporte escolar. La frecuencia de lluvias pronosticada para el inicio de semana han motivado la decisi\u00f3n que se extiende tambi\u00e9n a la zona costera de A Coru\u00f1a y al interior de Ourense, pero en forma de alerta naranja. Es la segunda vez en pocos d\u00edas que los alumnos de la provincia de Pontevedra tendr\u00e1n que quedarse en casa por las inclemencias del temporal. El viernes una alerta de las mismas caracter\u00edsticas cerr\u00f3 los coles de la provincia del sur gallego. Los \u00faltimos d\u00edas han sido de avisos constantes por lluvias, temporal mar\u00edtimo y nevadas en las zonas por encima de los 400 metros.\n    <\/p>\n<p class=\"article-text\">\n        La direcci\u00f3n Xeral de Emerxencias e Interior informa de que se prev\u00e9n precipitaciones en las pr\u00f3ximas horas que podr\u00edan alcanzar los 150 mm en 12 horas en esa zona de Pontevedra y 80 mm en 12 horas en el noroeste, sur y zona del Mi\u00f1o en Ourense. Por todo ello la Comisi\u00f3n Escolar de Alertas ha decidido suspender las clases durante toda la jornada del lunes en los centros educativos y escuelas infantiles del interior de Pontevedra. Del mimso modo han quedado suspendidas las actividades deportivas federadas como medida de prudencia.\n    <\/p>\n<p class=\"article-text\">\n        Contin\u00faa adem\u00e1s la alerta naranja por temporal en todo el litoral gallego. El Gobierno gallego recuerda la importancia de mantenerse alejado de la l\u00ednea de costa y extremar las precauciones a la hora de realizar cualquier actividad en el mar. Se pide tambi\u00e9n que se realicen revisiones sobre los cabos y amarres de las embarcaciones que esperan el temporal en los puertos.\n    <\/p>\n","protected":false},"excerpt":{"rendered":"La Direcci\u00f3n Xeral de Emerxencias e Interior ha enviado un mensaje de alerta &#8211;a trav\u00e9s del sistema de&hellip;\n","protected":false},"author":2,"featured_media":361602,"comment_status":"","ping_status":"","sticky":false,"template":"","format":"standard","meta":{"footnotes":""},"categories":[8],"tags":[517,1705,17,18,25,24,13,14,816,11,7386,19,20,7318,9,10,15,16,1925,7387,1146,23,12,21,22],"class_list":["post-361601","post","type-post","status-publish","format-standard","has-post-thumbnail","category-espana","tag-actualidad","tag-analisis","tag-breaking-news","tag-breakingnews","tag-es","tag-espana","tag-featured-news","tag-featurednews","tag-galicia","tag-headlines","tag-la-coruna","tag-latest-news","tag-latestnews","tag-lugo","tag-news","tag-noticias","tag-noticias-destacadas","tag-noticiasdestacadas","tag-opinion","tag-orense","tag-pontevedra","tag-spain","tag-titulares","tag-ultimas-noticias","tag-ultimasnoticias"],"share_on_mastodon":{"url":"https:\/\/pubeurope.com\/@es\/115959202043594892","error":""},"_links":{"self":[{"href":"https:\/\/www.europesays.com\/es\/wp-json\/wp\/v2\/posts\/361601","targetHints":{"allow":["GET"]}}],"collection":[{"href":"https:\/\/www.europesays.com\/es\/wp-json\/wp\/v2\/posts"}],"about":[{"href":"https:\/\/www.europesays.com\/es\/wp-json\/wp\/v2\/types\/post"}],"author":[{"embeddable":true,"href":"https:\/\/www.europesays.com\/es\/wp-json\/wp\/v2\/users\/2"}],"replies":[{"embeddable":true,"href":"https:\/\/www.europesays.com\/es\/wp-json\/wp\/v2\/comments?post=361601"}],"version-history":[{"count":0,"href":"https:\/\/www.europesays.com\/es\/wp-json\/wp\/v2\/posts\/361601\/revisions"}],"wp:featuredmedia":[{"embeddable":true,"href":"https:\/\/www.europesays.com\/es\/wp-json\/wp\/v2\/media\/361602"}],"wp:attachment":[{"href":"https:\/\/www.europesays.com\/es\/wp-json\/wp\/v2\/media?parent=361601"}],"wp:term":[{"taxonomy":"category","embeddable":true,"href":"https:\/\/www.europesays.com\/es\/wp-json\/wp\/v2\/categories?post=361601"},{"taxonomy":"post_tag","embeddable":true,"href":"https:\/\/www.europesays.com\/es\/wp-json\/wp\/v2\/tags?post=361601"}],"curies":[{"name":"wp","href":"https:\/\/api.w.org\/{rel}","templated":true}]}}