{"id":361682,"date":"2026-01-26T04:21:17","date_gmt":"2026-01-26T04:21:17","guid":{"rendered":"https:\/\/www.europesays.com\/es\/361682\/"},"modified":"2026-01-26T04:21:17","modified_gmt":"2026-01-26T04:21:17","slug":"el-viento-hace-volar-una-mesa-auxiliar-por-los-aires-y-golpea-a-un-aficionado-durante-el-partido-real-zaragoza-castellon","status":"publish","type":"post","link":"https:\/\/www.europesays.com\/es\/361682\/","title":{"rendered":"El viento hace volar una mesa auxiliar por los aires y golpea a un aficionado durante el partido Real Zaragoza-Castell\u00f3n"},"content":{"rendered":"<p>            El viento hace volar una mesa auxiliar por los aires y golpea a un aficionado durante el partido Real Zaragoza-Castell\u00f3n                <\/p>\n<p>El viento hace volar una mesa auxiliar por los aires y golpea a un aficionado durante el partido Real Zaragoza-Castell\u00f3n<\/p>\n<p class=\"epigraph\">La pieza, situada en la zona alta del estadio, sali\u00f3 disparada con violencia por las fuertes rachas de viento. El choque se detuvo m\u00e1s de cinco minutos y el seguidor fue atendido por los servicios m\u00e9dicos.<\/p>\n<p class=\"paragraph\">El <a href=\"https:\/\/www.heraldo.es\/noticias\/deportes\/futbol\/real-zaragoza\/2026\/01\/25\/partido-real-zaragoza-castellon-en-directo-1888190.html\" title=\"Partido Real Zaragoza-Castell\u00f3n, en directo\" rel=\"nofollow noopener\" target=\"_blank\">Real Zaragoza-Castell\u00f3n de este domingo<\/a> se suspendi\u00f3 a los 10 minutos de juego por un enorme susto que pudo acabar en tragedia en el Ibercaja Estadio. Las fuertes rachas de viento que se registraron en la capital aragonesa, sobre todo a la hora del inicio del encuentro (18.30), <b>hicieron volar por los aires una mesa auxiliar situada en la zona alta del estadio, <\/b>en el sector donde se ubican las cabinas de los medios de comunicaci\u00f3n.<\/p>\n<p>            Conforme a los criterios de<br \/>\n            <a class=\"trustproject_img\" id=\"trustproject_img\" href=\"https:\/\/thetrustproject.org\/\" target=\"_blank\" rel=\"nofollow noopener\" aria-label=\"Trust Project\"><img decoding=\"async\" loading=\"lazy\" src=\"https:\/\/www.heraldo.es\/images\/Trust-Logo-Horizontal.svg\" alt=\"Logo Trust Project\" width=\"200\" height=\"34\"\/><\/a><\/p>\n<p>        <a href=\"https:\/\/www.henneo.com\/\" title=\"Grupo Henneo\" class=\"logo\" rel=\"nofollow noopener\" target=\"_blank\"><br \/>\n            <img decoding=\"async\" src=\"https:\/\/www.heraldo.es\/images\/logo_henneo_gris.svg\" alt=\"Logo Henneo\" width=\"559\" height=\"389\" loading=\"lazy\"\/><br \/>\n        <\/a><\/p>\n<p>\u00a9 HERALDO DE ARAGON EDITORA, S.L.U.<br \/>Tel\u00e9fono 976 765 000 \/ &#8211; P\u00ba. Independencia, 29, 50001 Zaragoza &#8211; CIF: B99288763 &#8211; Inscrita en el Registro Mercantil de Zaragoza al Tomo 3796, Libro 0, Folio 177, Secci\u00f3n 8, Hoja Z-50564<br \/>Queda prohibida toda reproducci\u00f3n sin permiso escrito de la empresa a los efectos del art\u00edculo 32.1, p\u00e1rrafo segundo, de la Ley de Propiedad Intelectual<\/p>\n<p>\n                P\u00ba Independencia, 29, 50001 Zaragoza<br \/> Tel\u00e9fono 976 765 000\n            <\/p>\n<p>                    Actualmente tu navegador no permite ejecutar JavaScript. Para poder disfrutar de nuestro contenido es necesario que lo permita.<br \/>\n                                        <img decoding=\"async\" loading=\"lazy\" alt=\"Heraldo logo\" src=\"https:\/\/dkumiip2e9ary.cloudfront.net\/xalok\/heraldo\/especiales\/hola-de-nuevo\/logo-heraldo.svg\" width=\"215\" height=\"43\"\/><\/p>\n","protected":false},"excerpt":{"rendered":"El viento hace volar una mesa auxiliar por los aires y golpea a un aficionado durante el partido&hellip;\n","protected":false},"author":2,"featured_media":361683,"comment_status":"","ping_status":"","sticky":false,"template":"","format":"standard","meta":{"footnotes":""},"categories":[5],"tags":[65934,17,18,3965,13486,25,24,13,14,11,19,20,9,10,15,16,972,23,12,21,22,491],"class_list":["post-361682","post","type-post","status-publish","format-standard","has-post-thumbnail","category-titulares","tag-auxiliar","tag-breaking-news","tag-breakingnews","tag-castellon","tag-detener","tag-es","tag-espana","tag-featured-news","tag-featurednews","tag-headlines","tag-latest-news","tag-latestnews","tag-news","tag-noticias","tag-noticias-destacadas","tag-noticiasdestacadas","tag-obliga","tag-spain","tag-titulares","tag-ultimas-noticias","tag-ultimasnoticias","tag-zaragoza"],"share_on_mastodon":{"url":"https:\/\/pubeurope.com\/@es\/115959489142210094","error":""},"_links":{"self":[{"href":"https:\/\/www.europesays.com\/es\/wp-json\/wp\/v2\/posts\/361682","targetHints":{"allow":["GET"]}}],"collection":[{"href":"https:\/\/www.europesays.com\/es\/wp-json\/wp\/v2\/posts"}],"about":[{"href":"https:\/\/www.europesays.com\/es\/wp-json\/wp\/v2\/types\/post"}],"author":[{"embeddable":true,"href":"https:\/\/www.europesays.com\/es\/wp-json\/wp\/v2\/users\/2"}],"replies":[{"embeddable":true,"href":"https:\/\/www.europesays.com\/es\/wp-json\/wp\/v2\/comments?post=361682"}],"version-history":[{"count":0,"href":"https:\/\/www.europesays.com\/es\/wp-json\/wp\/v2\/posts\/361682\/revisions"}],"wp:featuredmedia":[{"embeddable":true,"href":"https:\/\/www.europesays.com\/es\/wp-json\/wp\/v2\/media\/361683"}],"wp:attachment":[{"href":"https:\/\/www.europesays.com\/es\/wp-json\/wp\/v2\/media?parent=361682"}],"wp:term":[{"taxonomy":"category","embeddable":true,"href":"https:\/\/www.europesays.com\/es\/wp-json\/wp\/v2\/categories?post=361682"},{"taxonomy":"post_tag","embeddable":true,"href":"https:\/\/www.europesays.com\/es\/wp-json\/wp\/v2\/tags?post=361682"}],"curies":[{"name":"wp","href":"https:\/\/api.w.org\/{rel}","templated":true}]}}