{"id":361688,"date":"2026-01-26T04:30:15","date_gmt":"2026-01-26T04:30:15","guid":{"rendered":"https:\/\/www.europesays.com\/es\/361688\/"},"modified":"2026-01-26T04:30:15","modified_gmt":"2026-01-26T04:30:15","slug":"puntos-uno-a-uno-del-betis-en-el-partido-de-laliga-contra-el-alaves-abde-fue-el-unico-que-no-dejo-de-intentarlo","status":"publish","type":"post","link":"https:\/\/www.europesays.com\/es\/361688\/","title":{"rendered":"Puntos uno a uno del Betis en el partido de LaLiga contra el Alav\u00e9s: Abde fue el \u00fanico que no dej\u00f3 de intentarlo"},"content":{"rendered":"<p>El Betis mostr\u00f3 su peor versi\u00f3n en Mendizorroza y lo pag\u00f3 con una clara derrota que tan s\u00f3lo el marroqu\u00ed pudo maquillar ya en el tiempo a\u00f1adido: solo dos titulares aprueban <\/p>\n<p class=\"parrafo\"><a href=\"https:\/\/www.estadiodeportivo.com\/futbol\/primera-division\/alaves-betis-invitado-lujo-cumpleanos-babazorro-20260125-527764.html\" target=\"_blank\" class=\"intext-link\" rel=\"nofollow noopener\">El <strong>Real <\/strong><strong>Betis <\/strong>cay\u00f3 derrotado en su visita a <\/a><strong><a href=\"https:\/\/www.estadiodeportivo.com\/futbol\/primera-division\/alaves-betis-invitado-lujo-cumpleanos-babazorro-20260125-527764.html\" target=\"_blank\" class=\"intext-link\" rel=\"nofollow noopener\">Mendizorroza<\/a><\/strong>, ante un rival que no ganaba desde el 6 de diciembre, lo que le llev\u00f3 a los puestos de descenso de los hoy ha logrado salir merced a su mayor intensidad y voluntad por encontrar los tres puntos. Dos goles tempraneros en la primera y segunda mitad del choque sirvieron para que el <strong>Alav\u00e9s<\/strong> se impusiera un <strong>Betis <\/strong>que solo en el tiempo de descuento supo perforar la porter\u00eda de Sivera gracia a su jugador m\u00e1s insistente hoy, Abde. Estas son las puntuaciones de los futbolistas del Betis en Mendizorroza:<\/p>\n<p>Noticias RelacionadasPau L\u00f3pez: 4<\/p>\n<p class=\"parrafo\">Sorprendido por el disparo de Carlos Vicente, que atraviesa una muralla de jugadores para meterse en su porter\u00eda, s\u00ed que respondi\u00f3 muy bien y con reflejos al remate de puntera de Protesoni. En el segundo gol, el de Toni Mart\u00ednez, posiblemente pudo hacer m\u00e1s que ya su remate no iba muy colocado pero s\u00ed que le sorprendi\u00f3 ya que fue casi a bocajarro. <\/p>\n<p>\u00c1ngel Ortiz: 4<\/p>\n<p class=\"parrafo\">El canterano volv\u00eda al once titular por el lesionado Beller\u00edn y en la primera parte no pudo pronunciarse en ataque tanto como le gusta. Tampoco le ayud\u00f3 el hecho de que Antony apenas creo peligro por su banda, por lo que fue un partido donde se tuvo que limitar m\u00e1s a defender que a atacar.<\/p>\n<p><img decoding=\"async\" src=\"https:\/\/www.europesays.com\/es\/wp-content\/uploads\/2026\/01\/4cd24400-0853-4f35-8709-1e7c46af4fe5_800x533.jpeg\" loading=\"lazy\"\/>Bartra: 5<\/p>\n<p class=\"parrafo\">Providencial el catal\u00e1n para evitar el disparo de Jonny Otto ante Pau L\u00f3pez. Muy bien durante todo el partido, mandando y liderando la defensa, aunque en el gol de Toni Mart\u00ednez pierde la marca del delantero y tampoco llega a despejar el centro que s\u00ed conecta el ariete babazorro para hacer el 2-0.<\/p>\n<p>Natan: 4<\/p>\n<p class=\"parrafo\">Muy exigido el brasile\u00f1o, m\u00e1s que su compa\u00f1ero. En la acci\u00f3n del gol peca de ir blando a la pugna con Carlos Vicente. Recibi\u00f3 un fuerte pisot\u00f3n de Boy\u00e9 que le dej\u00f3 renqueante y adem\u00e1s vio la cartulina amarilla en la primera parte, que no le permitir\u00e1 estar frente al Valencia. Con todos esos alicientes era un cambio cantado y Pellegrini lo sac\u00f3 a la hora de juego.<\/p>\n<p><a class=\"elementos-rel-t2\" href=\"https:\/\/www.estadiodeportivo.com\/futbol\/primera-division\/alaves-betis-invitado-lujo-cumpleanos-babazorro-20260125-527764.html\" title=\"Alav\u00e9s 2-1 Betis: Invitado de lujo al cumplea\u00f1os babazorro\" rel=\"nofollow noopener\" target=\"_blank\"><\/p>\n<p class=\"titular titulo-4\">Alav\u00e9s 2-1 Betis: Invitado de lujo al cumplea\u00f1os babazorro<\/p>\n<p><img decoding=\"async\" src=\"https:\/\/www.europesays.com\/es\/wp-content\/uploads\/2026\/01\/61effe4d-5241-4d25-945b-7bccedef19a1_320x180.jpeg\" alt=\"Alav\u00e9s 2-1 Betis: Invitado de lujo al cumplea\u00f1os babazorro\"\/><\/a><img decoding=\"async\" src=\"https:\/\/www.europesays.com\/es\/wp-content\/uploads\/2026\/01\/d8634afe-5390-4916-900c-3fdcca0c93e4_800x533.jpeg\" loading=\"lazy\"\/>Valent\u00edn G\u00f3mez: 4<\/p>\n<p class=\"parrafo\">Muy exigido por su banda con el siempre peligroso y vertical Carlos Vicente, como demostr\u00f3 en la acci\u00f3n del gol. El argentino recibi\u00f3 la ayuda continua de Natan porque sufre mucho m\u00e1s en el costado que en el eje de la zaga, sobre todo si tiene enfrente un extremo vertical.<\/p>\n<p>Altimira: 4<\/p>\n<p class=\"parrafo\">El centrocampista se vio en ocasiones desbordado ante el empuje babazorro, perdiendo varios balones. Tampoco pudo aparecer mucho en ataque para sorprender aunque prob\u00f3 un disparo desde fuera del \u00e1rea. Fue sustituido a la hora de juego cuando Pellegrini buscaba un dibujo m\u00e1s ofensivo con 2-0 en contra.<\/p>\n<p><img decoding=\"async\" src=\"https:\/\/www.europesays.com\/es\/wp-content\/uploads\/2026\/01\/363c0231-2f46-494b-8077-d91f5b13cb61_800x533.jpeg\" loading=\"lazy\"\/>Marc Roca: 4<\/p>\n<p class=\"parrafo\">El catal\u00e1n no tuvo su d\u00eda, sufri\u00f3 mucho con Altimira como compa\u00f1ero y aunque intent\u00f3 ser una referencia por delante de su pareja en la medular, apenas consigui\u00f3 servir de conductor, lo que not\u00f3 y mucho el Betis para no poder crear peligro.<\/p>\n<p>Antony: 2<\/p>\n<p class=\"parrafo\">El brasile\u00f1o era finalmente titular pese a estar entre algodones durante toda la semana, y visto lo visto sobre el c\u00e9sped de Mendizorroza, bien pudo descansar porque se nota que no est\u00e1 en plenas facultades. Ni desbord\u00f3 por su banda ni pudo encontrar porter\u00eda. A punto estuvo de conseguirlo con un remate de puntera en el descuento del primer tiempo pero no lleg\u00f3 por cent\u00edmetros. De hecho, el brasile\u00f1o fue sustituido en el primer turno, a la hora de juego,<a href=\"https:\/\/www.estadiodeportivo.com\/futbol\/primera-division\/alaves-betis-directo-partido-laliga-sports-vivo-online-20260125-527747.html\" target=\"_blank\" class=\"intext-link\" rel=\"nofollow noopener\"> visiblemente enfadado llegando a pegar una patada a unas prendas<\/a>, posiblemente porque no le sali\u00f3 nada.<\/p>\n<p>Fornals: 4<\/p>\n<p class=\"parrafo\">El b\u00e9tico pas\u00f3 muy desapercibido en Mendizorroza, de nuevo jugando como enganche, por delante de los dos centrocampistas para aprovechar su buen disparo y su llegada, pero nada de eso pudo sacar a relucir en un partido para olvidar. Acab\u00f3 jugando como centrocampista antes de ser sustituido a falta de 15 minutos para el final. <\/p>\n<p>Abde: 6<\/p>\n<p class=\"parrafo\">A cuentagotas en la primera parte. El marroqu\u00ed dej\u00f3 destellos de su velocidad y desborde pero sin continuidad en el juego. Fue el protogonista de la acci\u00f3n VAR del primer tiempo, por un penalti que recibi\u00f3 que finalmente no fue porque \u00e9l fue el que piso a Tenaglia y no al contrario. El que m\u00e1s lo intent\u00f3 en el segundo tiempo, ya fuera por dentro o por fuera, con disparo o buscando la asistencia, as\u00ed que al menos recibi\u00f3 la recompensa del gol, ya en el descuento, aunque no sirviera de mucho.<\/p>\n<p><img decoding=\"async\" src=\"https:\/\/www.europesays.com\/es\/wp-content\/uploads\/2026\/01\/02a7d5d6-10da-4cca-92e4-a7908876cc32_800x533.jpeg\" loading=\"lazy\"\/>Bakambu: 4<\/p>\n<p class=\"parrafo\">Muy fall\u00f3n el congole\u00f1o. No aprovech\u00f3 la oportunidad ante la baja del Cucho y se top\u00f3 en un par de ocasiones con Sivera y otras con la defensa babazorra. Dispuso de hasta tres ocasiones en los primeros 20 minutos que no supo traducir en gol. Casi acaba en gol un cabezazo suyo que repeli\u00f3 Sivera pero estaba en fuera de juego.<\/p>\n<p>Diego Llorente: 5<\/p>\n<p class=\"parrafo\">Entro para dar aire fresco a la defensa y m\u00e1s seguridad, cosa que s\u00ed logro mejor que el brasile\u00f1o Natan, del que fue el recambio.<\/p>\n<p>Chimy \u00c1vila: 4<\/p>\n<p class=\"parrafo\">Lo intent\u00f3 de todas la formas el argentino, que siempre se deja todo en el campo, pero sin fortuna esta vez. Tuvo un lanzamiento de falta que despej\u00f3 Pacheco, pero sobre todo un remate franco delante de Sivera que no logr\u00f3 conectar.<\/p>\n<p><img decoding=\"async\" src=\"https:\/\/www.europesays.com\/es\/wp-content\/uploads\/2026\/01\/6c52ae46-485b-4e40-9357-4c90547f562c_800x800.jpeg\" loading=\"lazy\"\/>Pablo Garc\u00eda: 5<\/p>\n<p class=\"parrafo\">El canterano fue el recambio de Antony y aunque tuvo m\u00e1s presencia que el brasile\u00f1o, no fue suficiente para sacar algo positivo de Mendizorroza.<\/p>\n<p>Deossa: 5<\/p>\n<p class=\"parrafo\">La entrada del colombiano dio m\u00e1s empaque al centro del campo y una alternativa de peligro desde fuera del \u00e1rea, con \u00e9l el Betis mejor\u00f3 su imagen.<\/p>\n<p>Corralejo: 5<\/p>\n<p class=\"parrafo\">El canterano entr\u00f3 dando frescura al ataque aunque no pudo entrar mucho en contacto con el bal\u00f3n.<\/p>\n","protected":false},"excerpt":{"rendered":"El Betis mostr\u00f3 su peor versi\u00f3n en Mendizorroza y lo pag\u00f3 con una clara derrota que tan s\u00f3lo&hellip;\n","protected":false},"author":2,"featured_media":361689,"comment_status":"","ping_status":"","sticky":false,"template":"","format":"standard","meta":{"footnotes":""},"categories":[268],"tags":[6960,17937,37591,168,68261,25,24,284,12112,280,282,39503,80699,976,52428,41330,6741,1945,286,76344,281,23,167],"class_list":["post-361688","post","type-post","status-publish","format-standard","has-post-thumbnail","category-futbol","tag-angel-ortiz","tag-cedric-bakambu","tag-chimy-avila","tag-deportes","tag-diego-llorente","tag-es","tag-espana","tag-estadio-deportivo","tag-ez-abde","tag-football","tag-futbol","tag-marc-bartra","tag-marc-roca","tag-natan","tag-pablo-fornals","tag-pablo-garcia","tag-pau-lopez","tag-primera-division","tag-real-betis-balompie","tag-sergi-altimira","tag-soccer","tag-spain","tag-sports"],"share_on_mastodon":{"url":"https:\/\/pubeurope.com\/@es\/115959524583914346","error":""},"_links":{"self":[{"href":"https:\/\/www.europesays.com\/es\/wp-json\/wp\/v2\/posts\/361688","targetHints":{"allow":["GET"]}}],"collection":[{"href":"https:\/\/www.europesays.com\/es\/wp-json\/wp\/v2\/posts"}],"about":[{"href":"https:\/\/www.europesays.com\/es\/wp-json\/wp\/v2\/types\/post"}],"author":[{"embeddable":true,"href":"https:\/\/www.europesays.com\/es\/wp-json\/wp\/v2\/users\/2"}],"replies":[{"embeddable":true,"href":"https:\/\/www.europesays.com\/es\/wp-json\/wp\/v2\/comments?post=361688"}],"version-history":[{"count":0,"href":"https:\/\/www.europesays.com\/es\/wp-json\/wp\/v2\/posts\/361688\/revisions"}],"wp:featuredmedia":[{"embeddable":true,"href":"https:\/\/www.europesays.com\/es\/wp-json\/wp\/v2\/media\/361689"}],"wp:attachment":[{"href":"https:\/\/www.europesays.com\/es\/wp-json\/wp\/v2\/media?parent=361688"}],"wp:term":[{"taxonomy":"category","embeddable":true,"href":"https:\/\/www.europesays.com\/es\/wp-json\/wp\/v2\/categories?post=361688"},{"taxonomy":"post_tag","embeddable":true,"href":"https:\/\/www.europesays.com\/es\/wp-json\/wp\/v2\/tags?post=361688"}],"curies":[{"name":"wp","href":"https:\/\/api.w.org\/{rel}","templated":true}]}}