{"id":362022,"date":"2026-01-26T09:11:14","date_gmt":"2026-01-26T09:11:14","guid":{"rendered":"https:\/\/www.europesays.com\/es\/362022\/"},"modified":"2026-01-26T09:11:14","modified_gmt":"2026-01-26T09:11:14","slug":"el-nuevo-y-vertiginoso-thriller-para-los-fans-de-la-casa-de-papel-tiene-solo-seis-episodios-y-es-perfecto-ver-del-tiron-en-amazon-prime","status":"publish","type":"post","link":"https:\/\/www.europesays.com\/es\/362022\/","title":{"rendered":"El nuevo y vertiginoso &#8216;thriller&#8217; para los fans de &#8216;La casa de papel&#8217;: tiene solo seis episodios y es perfecto ver del tir\u00f3n en Amazon Prime"},"content":{"rendered":"<p><img fetchpriority=\"high\" class=\"v-a-img\" src=\"https:\/\/www.europesays.com\/es\/wp-content\/uploads\/2026\/01\/robo-kPR-U24010172785852nH-1200x840@Las Provincias.jpg\" loading=\"eager\" decoding=\"async\" alt=\"'El robo'.\"  width=\"1200\" height=\"840\"\/><\/p>\n<p>&#8216;El robo&#8217;.          LP        <\/p>\n<p>Protagonizado por Sophie Turner, la trama arranca con un brutal atraco que destapa una oscura red de secretos<\/p>\n<p><a class=\"v-mdl-ath__fig-a\" href=\"https:\/\/www.lasprovincias.es\/autor\/tamara-villena-3279.html\" title=\"Tamara Villena\" rel=\"nofollow noopener\" target=\"_blank\"><br \/>\n<img decoding=\"async\" class=\"v-mdl-ath__img\" src=\"https:\/\/www.europesays.com\/es\/wp-content\/uploads\/2026\/01\/autor-3279-foto-2.jpeg\" alt=\"Tamara Villena\"\/><br \/>\n<\/a><\/p>\n<p class=\"v-mdl-ath__p v-mdl-ath__p--6\">\nLunes, 26 de enero 2026, 00:31<\/p>\n<p>| Actualizado 09:20h.<\/p>\n<p class=\"v-p\">Si te gust\u00f3 &#8216;La Casa de Papel&#8217; y te has quedado con ganas de m\u00e1s atracos a gran escala, la nueva serie que <a href=\"https:\/\/www.lasprovincias.es\/pantallas\/series\/series-estrenan-semana-20260113004044-ntrc.html\" data-voc-vtm-id=\"in-text-traffic\" title=\"acaba de aterrizar en Amazon Prime Video\" rel=\"nofollow noopener\" target=\"_blank\">acaba de aterrizar en Amazon Prime Video<\/a> tiene que ir directa a tu lista. Se trata de la nueva producci\u00f3n protagonizada por Sophie Turner, Sansa Stark en &#8216;Juego de Tronos&#8217;, que esta vez deja Poniente detr\u00e1s para meterse de lleno en el mundo de las joyas y los robos organizados. <\/p>\n<p class=\"v-p\">Este nuevo <a href=\"https:\/\/www.lasprovincias.es\/pantallas\/series\/netflix-tramposa-imposible-20260115174241-ntrc.html\" data-voc-vtm-id=\"in-text-traffic\" title=\"&#039;thriller&#039;\" rel=\"nofollow noopener\" target=\"_blank\">&#8216;thriller&#8217;<\/a> brit\u00e1nico, &#8216;El robo&#8217;, llega a la plataforma con una trama llena de giros que va aumentando su ritmo cap\u00edtulo tras cap\u00edtulo, en los que adem\u00e1s de un gran atraco no faltan secretos ocultos, conspiraciones gubernamentales ni una protagonista que tendr\u00e1 que hacer gala de su astucia para sobrevivir. <\/p>\n<p class=\"v-p\">La serie ha generado una gran expectaci\u00f3n en los estrenos de principios de a\u00f1o y supone el regreso a un papel protagonista potente de Turner. Es perfecta para ver del tir\u00f3n gracias al ritmo vertiginoso de sus seis cap\u00edtulos, que arrancan con un brutal atraco a un fondo de pensiones, donde los protagonistas son sorprendidos por un grupo de ladrones que no llevan m\u00e1scaras normales, sino pr\u00f3tesis hechas para burlar los sistemas de reconocimiento facial. Los empleados son obligados a colaborar con los delincuentes para poder salir con vida, en un primer episodio que marca el tono para el resto de la historia. <\/p>\n<p><a href=\"http:\/\/www.lasprovincias.es\/culturas\/tv\/nuevo-adictivo-thriller-psicologico-seis-capitulos-colado-20260114005838-nt.html#vtm_modulosEngag=mod-rel:culturas:noticia:1:cmp:1-not\" class=\"v-a-link\" aria-label=\"Imagen\" rel=\"nofollow noopener\" target=\"_blank\"><\/p>\n<p><img decoding=\"async\" loading=\"lazy\" src=\"https:\/\/www.europesays.com\/es\/wp-content\/uploads\/2026\/01\/netflix-kyUE--366x256@Las Provincias.jpg\" class=\"v-a-img\" alt=\"\" data-voc-vtm-id=\"in-text-traffic\" width=\"366\" height=\"256\"\/><\/p>\n<p><\/a><\/p>\n<p class=\"v-p\">Creada por Sotiris Nikias y dirigida por Hettie Macdonald y Sam Miller, la historia se centra en Zara (Turner), una empleada del fondo de inversiones donde se produce el asalto, donde se encontraba trabajando en el momento en el que los violentos atracadores ponen en marcha su plan para hacerse con miles de millones de libras. All\u00ed tratar\u00e1 de hacer frente a dilemas morales junto a su mejor amigo, Luke (Archie Madekwe), mientras el detective Rhys (Jacob Fortune-Lloyd) lucha por resolver el caso y hacer frente a sus propias adicciones. <\/p>\n<p class=\"v-p\">La serie se ha estrenado este 21 de enero y no ha tardado en hacerse con el favor del p\u00fablico, gracias a una historia que cuesta dejar de ver y que invita a disfrutar en modo marat\u00f3n desde el sof\u00e1 de casa. <\/p>\n<p>Reporta un error<\/p>\n","protected":false},"excerpt":{"rendered":"&#8216;El robo&#8217;. LP Protagonizado por Sophie Turner, la trama arranca con un brutal atraco que destapa una oscura&hellip;\n","protected":false},"author":2,"featured_media":362023,"comment_status":"","ping_status":"","sticky":false,"template":"","format":"standard","meta":{"footnotes":""},"categories":[171],"tags":[912,385,146,147,20893,25,24,7136,524,847,6492,521,1139,1138,23,6668,19328,214,809,80726],"class_list":["post-362022","post","type-post","status-publish","format-standard","has-post-thumbnail","category-tv","tag-amazon","tag-casa","tag-entertainment","tag-entretenimiento","tag-episodios","tag-es","tag-espana","tag-fans","tag-nuevo","tag-papel","tag-perfecto","tag-prime","tag-seis","tag-solo","tag-spain","tag-thriller","tag-tiron","tag-tv","tag-ver","tag-vertiginoso"],"share_on_mastodon":{"url":"https:\/\/pubeurope.com\/@es\/115960629489519125","error":""},"_links":{"self":[{"href":"https:\/\/www.europesays.com\/es\/wp-json\/wp\/v2\/posts\/362022","targetHints":{"allow":["GET"]}}],"collection":[{"href":"https:\/\/www.europesays.com\/es\/wp-json\/wp\/v2\/posts"}],"about":[{"href":"https:\/\/www.europesays.com\/es\/wp-json\/wp\/v2\/types\/post"}],"author":[{"embeddable":true,"href":"https:\/\/www.europesays.com\/es\/wp-json\/wp\/v2\/users\/2"}],"replies":[{"embeddable":true,"href":"https:\/\/www.europesays.com\/es\/wp-json\/wp\/v2\/comments?post=362022"}],"version-history":[{"count":0,"href":"https:\/\/www.europesays.com\/es\/wp-json\/wp\/v2\/posts\/362022\/revisions"}],"wp:featuredmedia":[{"embeddable":true,"href":"https:\/\/www.europesays.com\/es\/wp-json\/wp\/v2\/media\/362023"}],"wp:attachment":[{"href":"https:\/\/www.europesays.com\/es\/wp-json\/wp\/v2\/media?parent=362022"}],"wp:term":[{"taxonomy":"category","embeddable":true,"href":"https:\/\/www.europesays.com\/es\/wp-json\/wp\/v2\/categories?post=362022"},{"taxonomy":"post_tag","embeddable":true,"href":"https:\/\/www.europesays.com\/es\/wp-json\/wp\/v2\/tags?post=362022"}],"curies":[{"name":"wp","href":"https:\/\/api.w.org\/{rel}","templated":true}]}}