{"id":362146,"date":"2026-01-26T11:02:08","date_gmt":"2026-01-26T11:02:08","guid":{"rendered":"https:\/\/www.europesays.com\/es\/362146\/"},"modified":"2026-01-26T11:02:08","modified_gmt":"2026-01-26T11:02:08","slug":"victor-vale-mucho","status":"publish","type":"post","link":"https:\/\/www.europesays.com\/es\/362146\/","title":{"rendered":"V\u00edctor vale mucho"},"content":{"rendered":"<p>\n        Desembols\u00f3 <a href=\"https:\/\/www.noticiasdenavarra.com\/tags\/osasuna\/\" title=\"Osasuna\" target=\"_blank\" class=\"link copy\" rel=\"nofollow noopener\">Osasuna<\/a> <strong>en verano 5 millones de euros para hacerse con los servicios de V\u00edctor Mu\u00f1oz Villanueva (Barcelona, 13\/7\/2003)<\/strong>, un prometedor extremo cuya experiencia en el f\u00fatbol profesional, hasta antes de recalar en el cuadro rojillo, se limitaba a cuatro ratos con el primer equipo del Real Madrid: 34 minutos en Liga repartidos en dos partidos, con Carlos Ancelotti, y otros 13 entre dos apariciones en el Mundial de clubes, ya con Xabi Alonso en el banquillo. Abon\u00f3 el club navarro semejante cantidad <strong>por el 50 % de los derechos econ\u00f3micos<\/strong> de un jugador que por aquel entonces ten\u00eda un valor de mercado, seg\u00fan Transfermarkt, de 1 mill\u00f3n de euros. Ocurre que, media temporada despu\u00e9s, <a href=\"https:\/\/www.noticiasdenavarra.com\/tags\/victor-munoz\/\" title=\"V\u00edctor\" target=\"_blank\" class=\"link copy\" rel=\"nofollow noopener\"><strong>V\u00edctor<\/strong><\/a><strong> vale mucho m\u00e1s. Concretamente 10 millones<\/strong>, seg\u00fan la \u00faltima revisi\u00f3n que ha realizado este portal especializado en el mundo (el negocio, m\u00e1s bien) del f\u00fatbol.\n<\/p>\n<p class=\"article-body__text \">\n        Para entender<strong> la revalorizaci\u00f3n del menudo extremo catal\u00e1n<\/strong> (1,73 metros de altura y 70 kilos de peso, seg\u00fan la web de Osasuna), hay que observar una serie de factores. Por un lado, su salto desde Primera RFEF, donde hab\u00eda acumulado dos buenas temporadas como jugador del Castilla (29 partidos y 2 goles en el curso 2023-24; y 34 y 11 en el 2024-25), a la Primera Divisi\u00f3n de la mano de Osasuna,<strong> con el que ha firmado un contrato de cinco temporadas y una cl\u00e1usula de rescisi\u00f3n de 40 millones de euros<\/strong>. Por otro, y sin duda el m\u00e1s importante, su excelente rendimiento como rojillo, pues acumula en Liga 3 goles (otro m\u00e1s en Copa), 1 asistencia y varias actuaciones decisivas, como la del pasado s\u00e1bado en Vallecas, <strong>donde el \u00e1rbitro le priv\u00f3 de dos goles que le impidieron engordar m\u00e1s su estad\u00edstica<\/strong>. Uno, en el minuto 73 y con 1-1 en el marcador, por una m\u00e1s que dudosa falta previa de Budimir; y otro, al atribuir el trencilla el 1-2 en el minuto 91 al futbolista del Rayo Jozhua. Y es que el zapatazo de V\u00edctor, tras una soberbia acci\u00f3n individual, golpe\u00f3 en el defensor neerland\u00e9s y despist\u00f3 al portero local, Augusto Batalla.\n<\/p>\n<p class=\"article-body__text \">\n        El extremo rojillo ya fue decisivo en el anterior partido al marcar el definitivo 3-2, en el minuto 92, en la victoria de Osasuna contra el Oviedo en El Sadar. Tambi\u00e9n lo fue en Vallecas (1-3), donde oficialmente no marc\u00f3 ni asisti\u00f3, pero le nombraron MVP (mejor jugador del partido) por una descollante actuaci\u00f3n en la que, por ejemplo, bati\u00f3 el r\u00e9cord de regates en un partido de esta temporada. <strong>V\u00edctor complet\u00f3 12 de los 22 que intent\u00f3, arrebatando la plusmarca a Lamine Yamal, que una semana antes hab\u00eda salido airoso de 11 de los 14 con los que se atrevi\u00f3 en Anoeta contra la Real.<\/strong>\n<\/p>\n<p class=\"article-body__text \">\n        Con semejantes datos, a los que hay que a\u00f1adir una velocidad endiablada que ya han padecido unos cuantos defensas este curso, no es de extra\u00f1ar que exista preocupaci\u00f3n entre la hinchada rojilla con la posibilidad nada remota de que alg\u00fan club con mayor m\u00fasculo econ\u00f3mico y deportivo que Osasuna aparezca en escena para contratar a un futbolista que lo tiene todo para triunfar. <strong>El Real Madrid, que conserva el 50 % de sus derechos, puede repescar al extremo al t\u00e9rmino de sus tres primeras campa\u00f1as en Osasuna por una cantidad que ir\u00e1 en aumento cada a\u00f1o<\/strong> y que, aunque muy inferior a su cl\u00e1usula de rescisi\u00f3n, <strong>permitir\u00eda a Osasuna recuperar la inversi\u00f3n de 5 millones y adem\u00e1s sacar un buen pellizco de beneficio<\/strong>. Cuentan las fuentes consultadas que su club de origen <strong>podr\u00eda recuperar a V\u00edctor por 8 millones al t\u00e9rmino del presente ejercicio (en 2026), por 9 en 2027 y por 10 en 2028,<\/strong> aunque ni Real Madrid ni Osasuna informan ni confirman nada sobre estas cantidades. Para el resto de clubes vale 40, aunque s\u00f3lo la mitad ir\u00eda a parar a las arcas rojillas, cuyo equipo e hinchada son los que de momento disfrutan del explosivo futbolista. Y durante cinco temporadas, mientras nadie diga lo contrario. V\u00edctor vale mucho.<\/p>\n","protected":false},"excerpt":{"rendered":"Desembols\u00f3 Osasuna en verano 5 millones de euros para hacerse con los servicios de V\u00edctor Mu\u00f1oz Villanueva (Barcelona,&hellip;\n","protected":false},"author":2,"featured_media":362147,"comment_status":"","ping_status":"","sticky":false,"template":"","format":"standard","meta":{"footnotes":""},"categories":[268],"tags":[168,25,24,280,282,281,23,167,14272,1780],"class_list":["post-362146","post","type-post","status-publish","format-standard","has-post-thumbnail","category-futbol","tag-deportes","tag-es","tag-espana","tag-football","tag-futbol","tag-soccer","tag-spain","tag-sports","tag-vale","tag-victor"],"share_on_mastodon":{"url":"https:\/\/pubeurope.com\/@es\/115961065993000152","error":""},"_links":{"self":[{"href":"https:\/\/www.europesays.com\/es\/wp-json\/wp\/v2\/posts\/362146","targetHints":{"allow":["GET"]}}],"collection":[{"href":"https:\/\/www.europesays.com\/es\/wp-json\/wp\/v2\/posts"}],"about":[{"href":"https:\/\/www.europesays.com\/es\/wp-json\/wp\/v2\/types\/post"}],"author":[{"embeddable":true,"href":"https:\/\/www.europesays.com\/es\/wp-json\/wp\/v2\/users\/2"}],"replies":[{"embeddable":true,"href":"https:\/\/www.europesays.com\/es\/wp-json\/wp\/v2\/comments?post=362146"}],"version-history":[{"count":0,"href":"https:\/\/www.europesays.com\/es\/wp-json\/wp\/v2\/posts\/362146\/revisions"}],"wp:featuredmedia":[{"embeddable":true,"href":"https:\/\/www.europesays.com\/es\/wp-json\/wp\/v2\/media\/362147"}],"wp:attachment":[{"href":"https:\/\/www.europesays.com\/es\/wp-json\/wp\/v2\/media?parent=362146"}],"wp:term":[{"taxonomy":"category","embeddable":true,"href":"https:\/\/www.europesays.com\/es\/wp-json\/wp\/v2\/categories?post=362146"},{"taxonomy":"post_tag","embeddable":true,"href":"https:\/\/www.europesays.com\/es\/wp-json\/wp\/v2\/tags?post=362146"}],"curies":[{"name":"wp","href":"https:\/\/api.w.org\/{rel}","templated":true}]}}