{"id":362282,"date":"2026-01-26T13:01:27","date_gmt":"2026-01-26T13:01:27","guid":{"rendered":"https:\/\/www.europesays.com\/es\/362282\/"},"modified":"2026-01-26T13:01:27","modified_gmt":"2026-01-26T13:01:27","slug":"netflix-anuncia-las-13-series-espanolas-que-estrenara-en-2026-y-desvela-un-nuevo-proyecto-con-jon-sistiaga","status":"publish","type":"post","link":"https:\/\/www.europesays.com\/es\/362282\/","title":{"rendered":"Netflix anuncia las 13 series espa\u00f1olas que estrenar\u00e1 en 2026 y desvela un nuevo proyecto con Jon Sistiaga"},"content":{"rendered":"<p class=\"article-text\">\n        Tras un <a href=\"https:\/\/www.eldiario.es\/vertele\/series\/netflix-desvela-series-vistas-nivel-mundial-2025-confirmando-fenomeno-miercoles_1_12925069.html\" target=\"_blank\" data-mrf-recirculation=\"links-noticia\" class=\"link\" rel=\"nofollow noopener\">2025 plagado de t\u00edtulos<\/a>, <strong>Netflix <\/strong>seguir\u00e1 engrosando su cat\u00e1logo en <strong>2026 <\/strong>con un buen pu\u00f1ado de <strong>series, pel\u00edculas y documentales<\/strong> para todos los gustos. En total,<strong> son 9 las ficciones espa\u00f1olas<\/strong>, adem\u00e1s de 4 nuevas temporadas, que se sumar\u00e1n a las tambi\u00e9n esperadas producciones internacionales que ya son emblemas para la plataforma y que regresar\u00e1n en los pr\u00f3ximos 12 meses.\n    <\/p>\n<p>    <a href=\"https:\/\/www.eldiario.es\/vertele\/series\/netflix-desvela-series-vistas-nivel-mundial-2025-confirmando-fenomeno-miercoles_1_12925069.html\" data-mrf-recirculation=\"saber-mas\" data-dl-event=\"saber-mas\" rel=\"nofollow noopener\" target=\"_blank\"><\/p>\n<p class=\"know-more__title\">Netflix desvela las series m\u00e1s vistas a nivel mundial en 2025, confirmando el fen\u00f3meno de &#8216;Mi\u00e9rcoles&#8217;<\/p>\n<p>            <img decoding=\"async\" class=\"lazy\" loading=\"lazy\" data-src=\"https:\/\/static.eldiario.es\/clip\/4f4d7a8f-e6e6-429d-ab7f-42509bd446cb_16-9-aspect-ratio_default_0.jpg\" src=\"data:image\/svg+xml,%3Csvg xmlns=\" http:=\"\" viewbox=\"0 0 880 495\" alt=\"Netflix desvela las series m\u00e1s vistas a nivel mundial en 2025, confirmando el fen\u00f3meno de 'Mi\u00e9rcoles'\"\/><\/p>\n<p>                        <\/a><\/p>\n<p class=\"article-text\">\n        As\u00ed lo detall\u00f3 la compa\u00f1\u00eda norteamericana el pasado 22 de enero, en el evento de presentaci\u00f3n de sus contenidos para 2026 en el que estuvo presente <a href=\"https:\/\/www.eldiario.es\/vertele\/\" target=\"_blank\" data-mrf-recirculation=\"links-noticia\" class=\"link\" rel=\"nofollow noopener\">verTele<\/a>. En esencia, el gigante del streaming se dedic\u00f3 a <strong>recordar cu\u00e1les son las series que estrenar\u00e1 este a\u00f1o<\/strong>, todas ellas ya anunciadas previamente, y sum\u00f3 una sorpresa que todav\u00eda no estaba en el radar de los medios: la miniserie <strong>Lobo<\/strong>, protagonizada por<strong> Luis Tosar y Trist\u00e1n Ulloa<\/strong>, y basada en el caso real del primer asesino en serie documentado en el pa\u00eds.\n    <\/p>\n<p class=\"article-text\">\n        Adem\u00e1s, Netflix tambi\u00e9n desvel\u00f3 el pr\u00f3ximo estreno de una nueva pel\u00edcula documental a cargo de <strong>Jon Sistiaga <\/strong>sobre \u201cc\u00f3mo la sociedad vasca perdi\u00f3 el miedo a ETA\u201d. Contar\u00e1 c\u00f3mo fue el secuestro y posterior asesinato de la banda terrorista a <strong>Miguel \u00c1ngel Blanco<\/strong>, suceso que todav\u00eda reside en la memoria colectiva.\n    <\/p>\n<p>    <a href=\"https:\/\/www.eldiario.es\/vertele\/analisis\/caballero-siete-reinos-serie-hbo-max-demuestra-hay-historias-contar-poniente-juego-tronos_1_12934387.html\" data-mrf-recirculation=\"saber-mas-abajo\" data-dl-event=\"saber-mas-abajo\" rel=\"nofollow noopener\" target=\"_blank\"><\/p>\n<p class=\"know-more__title\">&#8216;El caballero de los Siete Reinos&#8217; demuestra que hay muchas peque\u00f1as grandes historias que contar en Poniente\n<\/p>\n<p>            <img decoding=\"async\" class=\"lazy\" loading=\"lazy\" data-src=\"https:\/\/static.eldiario.es\/clip\/1fdf2756-d61a-4355-8c21-787f6e3313d3_16-9-aspect-ratio_default_0.jpg\" src=\"data:image\/svg+xml,%3Csvg xmlns=\" http:=\"\" viewbox=\"0 0 880 495\" alt=\"'El caballero de los Siete Reinos' demuestra que hay muchas peque\u00f1as grandes historias que contar en Poniente\"\/><\/p>\n<p>                        <\/a><\/p>\n<p>            <img decoding=\"async\" class=\"lazy\" loading=\"lazy\" data-src=\"https:\/\/static.eldiario.es\/clip\/860f8999-6a88-41c1-a855-e8262a5074b2_16-9-discover-aspect-ratio_default_0.jpg\" src=\"data:image\/svg+xml,%3Csvg xmlns=\" http:=\"\" viewbox=\"0 0 1200 675\" alt=\"Los rostros de los proyectos que Netflix estrenar\u00e1 en 2026\"\/><\/p>\n<p class=\"article-text\">\n        Sin m\u00e1s dilaci\u00f3n, procedemos a enumerar todos los estrenos de la plataforma para 2026, con los m\u00e1ximos detalles que se conocen hasta ahora:\n    <\/p>\n<p>    <strong>SERIES<\/strong><\/p>\n<p>    <strong>\u00b7 Nuevas series espa\u00f1olas<\/strong><\/p>\n<ul>\n<li><strong>Salvador<\/strong>: Serie de 8 cap\u00edtulos creada por Aitor Gabilondo y protagonizada por <strong>Luis Tosar y Claudia Salas<\/strong>. Cuenta la historia de un padre cuya hija se mete en un grupo neonazi y \u00e9l decide acercarse para intentar recatarla. Estreno 6 de febrero. (<a href=\"https:\/\/www.eldiario.es\/vertele\/series\/netflix-trailer-fecha-estreno-salvador-nueva-serie-luis-tosar-claudia-salas_7_12865740.html\" target=\"_blank\" data-mrf-recirculation=\"links-noticia\" rel=\"nofollow noopener\">M\u00e1s detalles<\/a>)<\/li>\n<\/ul>\n<ul>\n<li><strong>El problema final<\/strong>: Miniserie basada en la novela hom\u00f3nima de <strong>Arturo P\u00e9rez-Reverte<\/strong>, ambientada en los a\u00f1os 50. <strong>Maribel Verd\u00fa, Jos\u00e9 Coronado y Marti\u00f1o Rivas<\/strong> son algunos de sus protagonistas. Tiene 4 cap\u00edtulos, y est\u00e1 dirigida por F\u00e9lix Viscarret. (<a href=\"https:\/\/www.eldiario.es\/vertele\/series\/netflix-adapta-perez-reverte-nueva-serie-jose-coronado-elenco-estelar-problema-final_3_12275098.html\" target=\"_blank\" data-mrf-recirculation=\"links-noticia\" rel=\"nofollow noopener\">M\u00e1s detalles<\/a>)<\/li>\n<\/ul>\n<p>            <img decoding=\"async\" class=\"lazy\" loading=\"lazy\" data-src=\"https:\/\/static.eldiario.es\/clip\/7c34b1d1-6134-40fa-9c09-2ecb67b05f29_16-9-discover-aspect-ratio_default_0.jpg\" src=\"data:image\/svg+xml,%3Csvg xmlns=\" http:=\"\" viewbox=\"0 0 1200 675\" alt=\"Primeras im\u00e1genes de 'El problema final'\"\/><\/p>\n<ul>\n<li><strong>El crimen de Pazos:<\/strong> Miniserie de 3 cap\u00edtulos basada en hechos reales y protagonizada por <strong>Trist\u00e1n Ulloa<\/strong>. Est\u00e1 creada por Ram\u00f3n Campos y completa una suerte de &#8216;trilog\u00eda&#8217; de true crime tras el estreno, del mismo creador y protagonista, de El caso Asunta y La viuda negra. (<a href=\"https:\/\/www.eldiario.es\/vertele\/series\/netflix-lanza-primera-imagen-crimen-pazos-tristan-ulloa-reparto-principal_1_12688934.html\" target=\"_blank\" data-mrf-recirculation=\"links-noticia\" rel=\"nofollow noopener\">M\u00e1s detalles<\/a>)<\/li>\n<\/ul>\n<ul>\n<li><strong>Esa noche<\/strong>: Adaptaci\u00f3n de la exitosa novela de Gilian McAllister, protagonizada por <strong>Clara Galle, Paula Usero y Claudia Salas<\/strong>. Es un thriller ambientado en Rep\u00fablica Dominicana que gira alrededor de la relaci\u00f3n de estas tres hermanas cuando una de ellas comete un crimen (<a href=\"https:\/\/www.eldiario.es\/vertele\/noticias\/netflix-anuncia-that-night-nueva-serie-clara-galle-paula-usero-claudia-salas-adaptara-novela-homonima_1_12026532.html\" target=\"_blank\" data-mrf-recirculation=\"links-noticia\" rel=\"nofollow noopener\">M\u00e1s detalles<\/a>)<\/li>\n<\/ul>\n<ul>\n<li><strong>Oasis<\/strong>: Una suerte de The White Lotus patria, ambientada en Oasis, el resort vacacional m\u00e1s lujoso del pa\u00eds. Est\u00e1 protagonizada por <strong>Ana Garc\u00e9s, Tomy Aguilera y Victoria Kantch<\/strong>, y creada por Ram\u00f3n Campos. (<a href=\"https:\/\/www.eldiario.es\/vertele\/series\/netflix-termina-rodaje-oasis-serie-protagonizada-ana-garces-muestra-nuevas-imagenes_1_12750928.html\" target=\"_blank\" data-mrf-recirculation=\"links-noticia\" rel=\"nofollow noopener\">M\u00e1s detalles<\/a>)<\/li>\n<\/ul>\n<ul>\n<li><strong>Toda la verdad de mis mentiras<\/strong>: Miniserie adaptaci\u00f3n de la novela hom\u00f3nima de El\u00edsabet Benavent sobre un grupo de amigos. <strong>Ricardo G\u00f3mez, Itziar Manero, Daniel Ib\u00e1\u00f1ez, Brays Efe y Clara Sans <\/strong>son los protagonistas. (<a href=\"https:\/\/www.eldiario.es\/vertele\/noticias\/netflix-elisabet-benavent-alargan-amor-anuncian-cuarta-ficcion-mentiras_1_12333400.html\" target=\"_blank\" data-mrf-recirculation=\"links-noticia\" rel=\"nofollow noopener\">M\u00e1s detalles<\/a>)<\/li>\n<\/ul>\n<p>            <img decoding=\"async\" class=\"lazy\" loading=\"lazy\" data-src=\"https:\/\/static.eldiario.es\/clip\/dd0e0707-66fd-48c2-85dc-1262cc90237a_16-9-discover-aspect-ratio_default_0.jpg\" src=\"data:image\/svg+xml,%3Csvg xmlns=\" http:=\"\" viewbox=\"0 0 1200 675\" alt=\"'Toda la verdad de mis mentiras'\"\/><\/p>\n<ul>\n<li><strong>El mapa de los anhelos<\/strong>: Miniserie que adapta la novela de Alice Kellen sobre una joven que pierde a su hermana y tiene que enfrentarse a su dolor. \u00a0<strong>Alicia Falc\u00f3, Pablo \u00c1lvarez<\/strong>\u00a0y\u00a0<strong>Georgina Amor\u00f3s <\/strong>son el tr\u00edo protagonista. (<a href=\"https:\/\/www.eldiario.es\/vertele\/series\/netflix-pone-cara-trio-protagonista-mapa-anhelos-nueva-miniserie-universo-alice-kellen_1_12463459.html\" target=\"_blank\" data-mrf-recirculation=\"links-noticia\" rel=\"nofollow noopener\">M\u00e1s detalles<\/a>)<\/li>\n<\/ul>\n<ul>\n<li><strong>Aquel<\/strong>: Biopic de <strong>Raphael<\/strong>, con los actores<strong> Javier Morgade y Carlos Santos<\/strong> interpretando al artista en distintos momentos de su vida. El propio Raphael ha participado en la elecci\u00f3n de los actores, tal como \u00e9l mismo coment\u00f3 en el evento. \u201cMe interesaba mucho la persona. Me han emocionado much\u00edsimo\u201d, admiti\u00f3. (<a href=\"https:\/\/www.eldiario.es\/vertele\/series\/netflix-arranca-rodaje-serie-biografica-raphael-revela-reparto-completo_1_12451871.html\" target=\"_blank\" data-mrf-recirculation=\"links-noticia\" rel=\"nofollow noopener\">M\u00e1s detalles<\/a>)<\/li>\n<\/ul>\n<ul>\n<li><strong>Lobo<\/strong>: Miniserie basada en el caso de <strong>Manuel Blanco Ramasanta<\/strong>, primer asesino en serie documentado en Espa\u00f1a. Est\u00e1 protagonizada por <strong>Luis Tosar y Trist\u00e1n Ulloa<\/strong>, y se ambienta en la Galicia de 1850. Tosar interpreta al protagonista, y Ulloa al fiscal que se enfrenta a \u00e9l en el juicio, desmontando la defensa. \u201cLos guiones me produjeron terror, es de las pocas veces que he sentido miedo\u201d, coment\u00f3 Ulloa en la presentaci\u00f3n. Es <strong>el \u00fanico nuevo proyecto de ficci\u00f3n<\/strong> de Netflix anunciado en el evento. Est\u00e1 escrita por\u00a0<strong>Alberto Marini\u00a0<\/strong>y\u00a0<strong>Juan Gali\u00f1anes<\/strong>; dirigida por\u00a0<strong>Alberto Marini<\/strong>\u00a0y\u00a0<strong>Javier Rodr\u00edguez Delgado<\/strong>\u00a0y producida por\u00a0<strong>Vaca Films<\/strong>.<\/li>\n<\/ul>\n<p>            <img decoding=\"async\" class=\"lazy\" loading=\"lazy\" data-src=\"https:\/\/static.eldiario.es\/clip\/5848f198-3788-45e4-80a5-bf826014857e_16-9-discover-aspect-ratio_default_0.jpg\" src=\"data:image\/svg+xml,%3Csvg xmlns=\" http:=\"\" viewbox=\"0 0 1200 675\" alt=\"Primera imagen de Luis Tosar en 'Lobo'\"\/><\/p>\n<p>    <strong>\u00b7 Nuevas temporadas de series espa\u00f1olas<\/strong><\/p>\n<ul>\n<li><strong>Berl\u00edn T2<\/strong> (Berl\u00edn y la Dama del Armi\u00f1o): Segunda temporada del spin-off de<strong> La casa de papel <\/strong>centrado en el personaje de <strong>Berl\u00edn <\/strong>y su nueva banda, antes de los acontecimientos narrados en la serie original. Se estrena el 15 de mayo y la definen como una temporada m\u00e1s \u201ccachonda, divertida y luminosa\u201d. <strong>Inma Cuesta <\/strong>se incorpora al grupo en una entrega muy \u201cib\u00e9rica\u201d. <\/li>\n<\/ul>\n<ul>\n<li><strong>Clanes T2<\/strong>:<strong> <\/strong>Segunda parte de la serie de<strong> Tamar Novas y Clara Lago<\/strong> sobre el narcotr\u00e1fico gallego.<\/li>\n<\/ul>\n<ul>\n<li><strong>Machos Alfa T5<\/strong>: Quinta temporada de la comedia de los hermanos Caballero, que este mismo enero ha estrenado la cuarta.<\/li>\n<\/ul>\n<ul>\n<li><strong>Muertos SL T4<\/strong>:<strong> <\/strong>Cuarta temporada de la serie que protagoniza <strong>Carlos Areces<\/strong> y que se ambienta en una funeraria. En 2025 pas\u00f3 de Movistar Plus+ a Netflix en un movimiento sorprendente dentro de la industria patria.<\/li>\n<\/ul>\n<p>            <img decoding=\"async\" class=\"lazy\" loading=\"lazy\" data-src=\"https:\/\/static.eldiario.es\/clip\/93f10d4f-704c-401a-941d-004413817d29_16-9-discover-aspect-ratio_default_0.jpg\" src=\"data:image\/svg+xml,%3Csvg xmlns=\" http:=\"\" viewbox=\"0 0 1200 675\" alt=\"Tamar Novas y Clara Lago en 'Clanes'\"\/><\/p>\n<p>    <strong>\u00b7 Nuevas temporadas de series internacionales<\/strong><\/p>\n<ul>\n<li><strong>Los Bridgeton T4<\/strong>: Cuenta la historia de La dama plateada. En esta tanda de cap\u00edtulos, Benedict conoce a una chica misteriosa llamada Sophie. La primera parte de la temporada se estrena el 29 de enero.<\/li>\n<\/ul>\n<ul>\n<li><strong>The Gentlemen T3<\/strong>: Nueva temporada de la serie de Guy Ritchie, que cuenta con Theo James y Kaya Scodelario como protagonistas.<\/li>\n<\/ul>\n<ul>\n<li><strong>Rabo de Peixe T3<\/strong>: Tercera parte de esta serie portuguesa que fue una aut\u00e9ntica revelaci\u00f3n en la plataforma con su primera temporada.<\/li>\n<\/ul>\n<ul>\n<li><strong>Lupin T4<\/strong>: La serie francesa liderada por Omar Sy tambi\u00e9n volver\u00e1 en 2026 con nuevos cap\u00edtulos.<\/li>\n<\/ul>\n<p>    <strong>PEL\u00cdCULAS<\/strong><\/p>\n<ul>\n<li><strong>Mi querida se\u00f1orita: <\/strong>Adaptaci\u00f3n libre de la pel\u00edcula hom\u00f3nima de Jos\u00e9 Luis L\u00f3pez V\u00e1zquez. En esta ocasi\u00f3n, son Alana S. Portero y Fernando Gonz\u00e1lez Molina quienes est\u00e1n a cargo de la pel\u00edcula, que cuenta con un reparto liderado por <strong>Elisabeth Mart\u00ednez, Anna Castillo y Paco Le\u00f3n<\/strong>, entre otros. <\/li>\n<\/ul>\n<ul>\n<li><strong>El ni\u00f1o:<\/strong> Drama inspirado en hechos reales, adaptaci\u00f3n a su vez de la novela de <strong>Fernando Aramburu<\/strong> sobre la tragedia de Ortuella de 1980 en la que una explosi\u00f3n de gas mat\u00f3 a 50 ni\u00f1os y 3 adultos en un colegio p\u00fablico. <strong>Karra Elejalde y Bel\u00e9n Cuesta<\/strong> son los protagonistas. <\/li>\n<\/ul>\n<ul>\n<li><strong>53 domingos<\/strong>:<strong> Javier C\u00e1mara, Carmen Machi, Javier Guti\u00e9rrez y Alexandra Jim\u00e9nez <\/strong>protagonizan esta nueva pel\u00edcula de <strong>Cesc Gay<\/strong> basada en su obra de teatro. Lo llamativo es que los cuatro protagonistas son los \u00fanicos actores, puesto que no hay ni secundarios ni figuraci\u00f3n.<\/li>\n<\/ul>\n<p>            <img decoding=\"async\" class=\"lazy\" loading=\"lazy\" data-src=\"https:\/\/static.eldiario.es\/clip\/02964caa-e90a-451d-9e48-fd26c2c5aca4_16-9-discover-aspect-ratio_default_0.jpg\" src=\"data:image\/svg+xml,%3Csvg xmlns=\" http:=\"\" viewbox=\"0 0 1200 675\" alt=\"El reparto de '53 domingos'\"\/><\/p>\n<ul>\n<li><strong>En nombre de otro<\/strong>: Nuevo thriller de <strong>Oriol Paulo<\/strong> protagonizado por<strong> Mario Casas y Blanca Su\u00e1rez<\/strong>. Alexandra Jim\u00e9nez y Eduard Fern\u00e1ndez son los otros grandes nombres del reparto.<\/li>\n<\/ul>\n<ul>\n<li><strong>Gracias, equipo<\/strong>: Comedia protagonizada por<strong> Maribel Verd\u00fa, Alexandra Jim\u00e9nez, Pedro Casablanc, Ra\u00fal Tej\u00f3n y Blanca Mart\u00ednez<\/strong>, entre otros. Cuenta la historia de la empresa T\u00edo Mochales, que fue hace a\u00f1os referente en del queso espa\u00f1ol.<\/li>\n<\/ul>\n<ul>\n<li><strong>Peaky Blinders: El hombre inmortal<\/strong>: Se ambienta en el Birmingham de 1940, cuatro a\u00f1os despu\u00e9s del final de la serie. La trama tiene lugar en mitad de la II Guerra Mundial y promete ser \u201cel cap\u00edtulo m\u00e1s intenso y espectacular de la historia\u201d. Se estrena el 20 de marzo. (<a href=\"https:\/\/www.eldiario.es\/vertele\/series\/peaky-blinders-finaliza-rodaje-pelicula-creador-planea-spin-off-nueva-generacion_1_11919664.html\" target=\"_blank\" data-mrf-recirculation=\"links-noticia\" rel=\"nofollow noopener\">M\u00e1s detalles<\/a>)<\/li>\n<\/ul>\n<ul>\n<li><strong>Heartstopper: para siempre<\/strong>:<strong> <\/strong>Pel\u00edcula que cerrar\u00e1 la historia de la serie <strong>Hearstopper <\/strong>con su adaptaci\u00f3n del sexto volumen de las novelas gr\u00e1ficas de Alice Oseman. Mostrar\u00e1 c\u00f3mo culmina todo para<strong> Nick y Charlie<\/strong>, y se podr\u00e1 ver este mismo 2026. (<a href=\"https:\/\/www.eldiario.es\/vertele\/series\/netflix-sorprende-anuncia-cerrara-hearstopper-pelicula-no-cuarta-temporada_1_12237274.html\" target=\"_blank\" data-mrf-recirculation=\"links-noticia\" rel=\"nofollow noopener\">M\u00e1s detalles<\/a>)<\/li>\n<\/ul>\n<p>            <img decoding=\"async\" class=\"lazy\" loading=\"lazy\" data-src=\"https:\/\/static.eldiario.es\/clip\/f92c760b-fbbf-4718-a9e8-e2ea0fa93ecd_16-9-discover-aspect-ratio_default_0.jpg\" src=\"data:image\/svg+xml,%3Csvg xmlns=\" http:=\"\" viewbox=\"0 0 1200 675\" alt=\"Joe Locke, Alicie Oseman y Kit Connor en el rodaje de 'Heartstopper'\"\/><\/p>\n<ul>\n<li><strong>El cautivo: <\/strong>Tras su paso por las salas de cine, la pel\u00edcula de <strong>Alejandro Amen\u00e1bar<\/strong> que cuenta la historia de <strong>Miguel de Cervantes<\/strong> se podr\u00e1 ver en streaming en Netflix a partir del 23 de mayo.<\/li>\n<\/ul>\n<ul>\n<li><strong>La tregua, Siempre es invierno y Torrente Presidente: <\/strong>Del mismo modo, tras su estreno en cines tambi\u00e9n llegar\u00e1n al cat\u00e1logo de Netflix a lo largo del a\u00f1o estas tres pel\u00edculas espa\u00f1olas.<\/li>\n<\/ul>\n<p>    <strong>DOCUMENTALES<\/strong><\/p>\n<ul>\n<li><strong>Rafa<\/strong>:<strong> <\/strong>Serie documental sobre Rafa Nadal, donde el propio protagonista reflexiona sobre su carrera, su legado y su \u00faltima temporada en las pistas de tenis.<\/li>\n<\/ul>\n<ul>\n<li><strong>Miguel \u00c1ngel Blanco: Las 48 horas que lo cambiaron todo<\/strong>: Pel\u00edcula documental dirigida por\u00a0<strong>Jon Sistiaga<\/strong>\u00a0y\u00a0<strong>Juanjo L\u00f3pez<\/strong>\u00a0y producida por\u00a0<strong>The Tintirin<\/strong>\u00a0<strong>Team<\/strong>, que abordar\u00e1 los dos d\u00edas en los que Espa\u00f1a entera se mantuvo en vilo, en los que millones de personas se movilizaron como \u00fanica opci\u00f3n para frenar el asesinato de <strong>Miguel \u00c1ngel Blanco<\/strong>, una muerte en diferido que dej\u00f3 una profunda huella. Este documental recuerda aquel momento crucial de solidaridad y compasi\u00f3n, en el que la sociedad vasca perdi\u00f3 el miedo a ETA.\u00a0<\/li>\n<\/ul>\n","protected":false},"excerpt":{"rendered":"Tras un 2025 plagado de t\u00edtulos, Netflix seguir\u00e1 engrosando su cat\u00e1logo en 2026 con un buen pu\u00f1ado de&hellip;\n","protected":false},"author":2,"featured_media":362283,"comment_status":"","ping_status":"","sticky":false,"template":"","format":"standard","meta":{"footnotes":""},"categories":[171],"tags":[12313,3076,4187,4083,146,147,25,24,9767,3247,2650,152,524,5568,805,80750,23,214],"class_list":["post-362282","post","type-post","status-publish","format-standard","has-post-thumbnail","category-tv","tag-12313","tag-3076","tag-anuncia","tag-desvela","tag-entertainment","tag-entretenimiento","tag-es","tag-espana","tag-espanolas","tag-estrenara","tag-jon","tag-netflix","tag-nuevo","tag-proyecto","tag-series","tag-sistiaga","tag-spain","tag-tv"],"share_on_mastodon":{"url":"https:\/\/pubeurope.com\/@es\/115961533749501399","error":""},"_links":{"self":[{"href":"https:\/\/www.europesays.com\/es\/wp-json\/wp\/v2\/posts\/362282","targetHints":{"allow":["GET"]}}],"collection":[{"href":"https:\/\/www.europesays.com\/es\/wp-json\/wp\/v2\/posts"}],"about":[{"href":"https:\/\/www.europesays.com\/es\/wp-json\/wp\/v2\/types\/post"}],"author":[{"embeddable":true,"href":"https:\/\/www.europesays.com\/es\/wp-json\/wp\/v2\/users\/2"}],"replies":[{"embeddable":true,"href":"https:\/\/www.europesays.com\/es\/wp-json\/wp\/v2\/comments?post=362282"}],"version-history":[{"count":0,"href":"https:\/\/www.europesays.com\/es\/wp-json\/wp\/v2\/posts\/362282\/revisions"}],"wp:featuredmedia":[{"embeddable":true,"href":"https:\/\/www.europesays.com\/es\/wp-json\/wp\/v2\/media\/362283"}],"wp:attachment":[{"href":"https:\/\/www.europesays.com\/es\/wp-json\/wp\/v2\/media?parent=362282"}],"wp:term":[{"taxonomy":"category","embeddable":true,"href":"https:\/\/www.europesays.com\/es\/wp-json\/wp\/v2\/categories?post=362282"},{"taxonomy":"post_tag","embeddable":true,"href":"https:\/\/www.europesays.com\/es\/wp-json\/wp\/v2\/tags?post=362282"}],"curies":[{"name":"wp","href":"https:\/\/api.w.org\/{rel}","templated":true}]}}