{"id":362466,"date":"2026-01-26T15:22:09","date_gmt":"2026-01-26T15:22:09","guid":{"rendered":"https:\/\/www.europesays.com\/es\/362466\/"},"modified":"2026-01-26T15:22:09","modified_gmt":"2026-01-26T15:22:09","slug":"nacho-cotino-nuevo-director-de-a-punt-radio-2","status":"publish","type":"post","link":"https:\/\/www.europesays.com\/es\/362466\/","title":{"rendered":"Nacho Cotino, nuevo director de \u00c0 Punt R\u00e0dio"},"content":{"rendered":"<p class=\"v-mdl-ath__p v-mdl-ath__p--6\">\nLunes, 26 de enero 2026, 12:55<\/p>\n<p class=\"v-p\">El director general de CACVSA, Paco Aura, ha nombrado este lunes a Nacho Cotino director de \u00c0 Punt R\u00e0dio tras el concurso p\u00fablico que se ha realizado para cubrir este puesto directivo.<\/p>\n<p class=\"v-p\">Nacho Cotino ha sido copresentador del programa vespertino Va de Bo hasta diciembre de 2025. Con anterioridad fue director de Relaciones Externas en la Ciutat de les Arts i les Ci\u00e8ncies (septiembre de 2024 \u2013 septiembre de 2025).<\/p>\n<p class=\"v-p\">El periodista atesora una amplia experiencia en el mundo de la radio. Desde 1988 hasta el a\u00f1o 2000 fue jefe de deportes de la cadena Cope en la Comunitat Valenciana, Illes Balears, Regi\u00f3n de Murcia y Castilla-La Mancha. Posteriormente continu\u00f3 su trayectoria profesional en Onda Cero Radio hasta 2002.<\/p>\n<p class=\"v-p\">Tambi\u00e9n trabaj\u00f3 en RTVV, en primer lugar en R\u00e0dio Nou como jefe de secci\u00f3n de Deportes (2003\u20132007), para pasar despu\u00e9s a Canal 9 desde octubre de 2007 hasta junio de 2013, donde fue copresentador de Minut a minut y Zona Champions, as\u00ed como presentador de A dos esport, jefe de \u00e1rea del Val\u00e8ncia CF y jefe de Contenidos de Deportes.<\/p>\n<p class=\"v-p\">Cabe destacar que ha sido jefe de Deportes en La Ocho Mediterr\u00e1neo TV (2020\u20132024) y presentador de esta secci\u00f3n en el informativo del mediod\u00eda de esta cadena. Durante este periodo tambi\u00e9n present\u00f3 el magac\u00edn informativo Aqu\u00ed la 8, un programa en directo de dos horas que inclu\u00eda contenidos de pol\u00edtica, cultura, deportes, sucesos, solidaridad y sociedad. De 2013 a 2020, tambi\u00e9n en La 8 Mediterr\u00e1neo, dirigi\u00f3 y present\u00f3 el espacio deportivo Sillas gol con su productora Tartar Producciones Audiovisuales SL.<\/p>\n<p class=\"v-p\">Este nombramiento refuerza el proyecto de CACVSA, ya que confirma la importancia de contar con una direcci\u00f3n ejecutiva de radio que forma parte de una estrategia de crecimiento, vertebraci\u00f3n y servicio p\u00fablico de \u00c0 Punt Radiotelevisi\u00f3 Valenciana.<\/p>\n<p class=\"v-p\">De hecho, entre sus funciones se encuentran, entre otras, la definici\u00f3n de la editorial de la emisora conforme a los valores del servicio p\u00fablico: pluralidad, veracidad, diversidad y proximidad; la supervisi\u00f3n de la planificaci\u00f3n, producci\u00f3n y emisi\u00f3n de programas informativos, culturales, educativos y de entretenimiento; la elaboraci\u00f3n del plan anual de programaci\u00f3n y la coordinaci\u00f3n de su ejecuci\u00f3n; el establecimiento de los objetivos de audiencia, calidad y relevancia social; la coordinaci\u00f3n con la televisi\u00f3n y el \u00e1rea digital; la direcci\u00f3n de equipos de redactores, t\u00e9cnicos, productores y colaboradores; la garant\u00eda de la calidad t\u00e9cnica de las emisiones en directo y en diferido; la coordinaci\u00f3n con el \u00e1rea t\u00e9cnica, la gesti\u00f3n de estudios, equipos y sistemas de transmisi\u00f3n; el an\u00e1lisis de los datos de audiencia, impacto social y calidad percibida; el cumplimiento del libro de estilo, el c\u00f3digo \u00e9tico y los principios de imparcialidad y rigor informativo, as\u00ed como la promoci\u00f3n de innovaciones en formatos, lenguajes y plataformas, como la radio digital, el p\u00f3dcast y las redes sociales.<\/p>\n<p>Reporta un error<\/p>\n","protected":false},"excerpt":{"rendered":"Lunes, 26 de enero 2026, 12:55 El director general de CACVSA, Paco Aura, ha nombrado este lunes a&hellip;\n","protected":false},"author":2,"featured_media":362467,"comment_status":"","ping_status":"","sticky":false,"template":"","format":"standard","meta":{"footnotes":""},"categories":[170],"tags":[80754,411,146,147,25,24,184,185,3300,524,19344,1448,23],"class_list":["post-362466","post","type-post","status-publish","format-standard","has-post-thumbnail","category-musica","tag-cotino","tag-director","tag-entertainment","tag-entretenimiento","tag-es","tag-espana","tag-music","tag-musica","tag-nacho","tag-nuevo","tag-punt","tag-radio","tag-spain"],"share_on_mastodon":{"url":"https:\/\/pubeurope.com\/@es\/115962088302712107","error":""},"_links":{"self":[{"href":"https:\/\/www.europesays.com\/es\/wp-json\/wp\/v2\/posts\/362466","targetHints":{"allow":["GET"]}}],"collection":[{"href":"https:\/\/www.europesays.com\/es\/wp-json\/wp\/v2\/posts"}],"about":[{"href":"https:\/\/www.europesays.com\/es\/wp-json\/wp\/v2\/types\/post"}],"author":[{"embeddable":true,"href":"https:\/\/www.europesays.com\/es\/wp-json\/wp\/v2\/users\/2"}],"replies":[{"embeddable":true,"href":"https:\/\/www.europesays.com\/es\/wp-json\/wp\/v2\/comments?post=362466"}],"version-history":[{"count":0,"href":"https:\/\/www.europesays.com\/es\/wp-json\/wp\/v2\/posts\/362466\/revisions"}],"wp:featuredmedia":[{"embeddable":true,"href":"https:\/\/www.europesays.com\/es\/wp-json\/wp\/v2\/media\/362467"}],"wp:attachment":[{"href":"https:\/\/www.europesays.com\/es\/wp-json\/wp\/v2\/media?parent=362466"}],"wp:term":[{"taxonomy":"category","embeddable":true,"href":"https:\/\/www.europesays.com\/es\/wp-json\/wp\/v2\/categories?post=362466"},{"taxonomy":"post_tag","embeddable":true,"href":"https:\/\/www.europesays.com\/es\/wp-json\/wp\/v2\/tags?post=362466"}],"curies":[{"name":"wp","href":"https:\/\/api.w.org\/{rel}","templated":true}]}}