{"id":362493,"date":"2026-01-26T15:41:18","date_gmt":"2026-01-26T15:41:18","guid":{"rendered":"https:\/\/www.europesays.com\/es\/362493\/"},"modified":"2026-01-26T15:41:18","modified_gmt":"2026-01-26T15:41:18","slug":"alba-flores-y-carla-simon-hablan-en-lo-de-evole-de-la-dolorosa-muerte-de-sus-padres-a-mi-que-mis-padres-estuvieran-enganchados-a-la-heroina-no-me-molesta","status":"publish","type":"post","link":"https:\/\/www.europesays.com\/es\/362493\/","title":{"rendered":"Alba Flores y Carla Sim\u00f3n hablan en \u2018Lo de \u00c9vole\u2019 de la \u201cdolorosa\u201d muerte de sus padres: \u201cA m\u00ed, que mis padres estuvieran enganchados a la hero\u00edna no me molesta\u201d | Televisi\u00f3n"},"content":{"rendered":"<p class=\"\">Son dos ejercicios de memoria muy distintos, pero con las mismas preguntas. Por un lado <a href=\"https:\/\/elpais.com\/cultura\/cine\/2025-09-05\/romeria-una-historia-dura-con-un-estilo-narrativo-que-no-me-engancha.html\" target=\"_self\" rel=\"nofollow noopener\" title=\"https:\/\/elpais.com\/cultura\/cine\/2025-09-05\/romeria-una-historia-dura-con-un-estilo-narrativo-que-no-me-engancha.html\">la pel\u00edcula Romer\u00eda<\/a>, de Carla Sim\u00f3n, explora el dolor con ra\u00edz autobiogr\u00e1fica que dej\u00f3 la muerte de sus padres por sida cuando ella era apenas una ni\u00f1a. Mientras que Alba Flores se dispone a buscar la verdad sobre qui\u00e9n fue precisamente su padre, un m\u00fasico legendario, fallecido cuando ella ten\u00eda ocho a\u00f1os, en el documental <a href=\"https:\/\/elpais.com\/cultura\/cine\/2025-11-28\/flores-para-antonio-alba-flores-ajusta-cuentas-con-el-fantasma-de-su-padre-para-recuperar-su-propia-voz.html\" target=\"_self\" rel=\"nofollow noopener\" title=\"https:\/\/elpais.com\/cultura\/cine\/2025-11-28\/flores-para-antonio-alba-flores-ajusta-cuentas-con-el-fantasma-de-su-padre-para-recuperar-su-propia-voz.html\">Flores para Antonio<\/a>. \u201cYo hago la pel\u00edcula para intentar crear las im\u00e1genes que no tengo. Y t\u00fa haces un ejercicio de escoger todas las im\u00e1genes que tienes para crear algo\u201d, reflexiona Sim\u00f3n emocionada en el piso de la actriz. Despu\u00e9s de posponer varias veces el encuentro, ambas se re\u00fanen, por fin, como invitadas en el programa Lo de \u00c9vole emitido en laSexta. <\/p>\n<p class=\"\">\u201cLo m\u00e1s esencial que te da el arte\u201d, dice Carla Sim\u00f3n, \u201ces que a trav\u00e9s de una pel\u00edcula puedes resucitar\u201d a alguien. En su caso, la \u201cdolorosa\u201d muerte de sus padres estuvieron llenas de estigmas y tab\u00faes: \u201cSe qued\u00f3 un tap\u00f3n all\u00ed dif\u00edcil de gestionar, algo escondido. De repente, a trav\u00e9s de la pel\u00edcula, los siento m\u00e1s\u201d, confesaba la directora. Bajo esa misma l\u00ednea, Alba Flores se reencontraba con su padre: \u201cAhora tengo una sensaci\u00f3n de \u00e9l, que es algo que no hab\u00eda tenido desde los ocho a\u00f1os\u201d. <\/p>\n<p>M\u00e1s informaci\u00f3n<\/p>\n<p class=\"\">Las dos coinciden en que el tiempo es necesario para romper el silencio en las familias. \u201cHasta que no viene una nueva generaci\u00f3n con una nueva mirada, <a href=\"https:\/\/elpais.com\/cultura\/2025-05-21\/carla-simon-cierra-en-cannes-su-trilogia-familiar-romeria-nace-de-la-frustracion-de-no-saber-mucho-sobre-mis-padres.html\" target=\"_self\" rel=\"nofollow noopener\" title=\"https:\/\/elpais.com\/cultura\/2025-05-21\/carla-simon-cierra-en-cannes-su-trilogia-familiar-romeria-nace-de-la-frustracion-de-no-saber-mucho-sobre-mis-padres.html\">libre de ciertos prejuicios y con una manera distinta de ver todo eso&#8230;\u201d<\/a>, explica Sim\u00f3n mientras Flores la escucha atentamente y asiente. \u201cPorque a m\u00ed, que mis padres estuvieran enganchados a la hero\u00edna no me molesta. Es parte de su historia y quiero entenderla\u201d, agrega la cineasta. <\/p>\n<p class=\"\">Durante el encuentro, Jordi \u00c9vole da la noticia a Sim\u00f3n sobre las 13 nominaciones de Romer\u00eda a <a href=\"https:\/\/elpais.com\/noticias\/premios-gaudi\/\" target=\"_self\" rel=\"nofollow noopener\" title=\"https:\/\/elpais.com\/noticias\/premios-gaudi\/\">los premios Gaud\u00ed<\/a> \u2014otorgados por la Academia del Cine Catal\u00e1n\u2014. Por otro lado, el documental de Flores para Antonio acaba de ganar un premio Forqu\u00e9, tras recibir dos nominaciones al Goya en las categor\u00edas de Mejor pel\u00edcula documental y Mejor canci\u00f3n original.<\/p>\n","protected":false},"excerpt":{"rendered":"Son dos ejercicios de memoria muy distintos, pero con las mismas preguntas. Por un lado la pel\u00edcula Romer\u00eda,&hellip;\n","protected":false},"author":2,"featured_media":362494,"comment_status":"","ping_status":"","sticky":false,"template":"","format":"standard","meta":{"footnotes":""},"categories":[174],"tags":[37076,27521,255,177,6084,794,146,147,25,24,256,13987,753,80772,28226,23,807,2389],"class_list":["post-362493","post","type-post","status-publish","format-standard","has-post-thumbnail","category-famosos","tag-alba-flores","tag-carla-simon","tag-celebrities","tag-cine","tag-documental","tag-drogas","tag-entertainment","tag-entretenimiento","tag-es","tag-espana","tag-famosos","tag-jordi-evole","tag-peliculas","tag-premios-gaudi","tag-premios-goya","tag-spain","tag-television","tag-vih-sida"],"share_on_mastodon":{"url":"https:\/\/pubeurope.com\/@es\/115962163022337881","error":""},"_links":{"self":[{"href":"https:\/\/www.europesays.com\/es\/wp-json\/wp\/v2\/posts\/362493","targetHints":{"allow":["GET"]}}],"collection":[{"href":"https:\/\/www.europesays.com\/es\/wp-json\/wp\/v2\/posts"}],"about":[{"href":"https:\/\/www.europesays.com\/es\/wp-json\/wp\/v2\/types\/post"}],"author":[{"embeddable":true,"href":"https:\/\/www.europesays.com\/es\/wp-json\/wp\/v2\/users\/2"}],"replies":[{"embeddable":true,"href":"https:\/\/www.europesays.com\/es\/wp-json\/wp\/v2\/comments?post=362493"}],"version-history":[{"count":0,"href":"https:\/\/www.europesays.com\/es\/wp-json\/wp\/v2\/posts\/362493\/revisions"}],"wp:featuredmedia":[{"embeddable":true,"href":"https:\/\/www.europesays.com\/es\/wp-json\/wp\/v2\/media\/362494"}],"wp:attachment":[{"href":"https:\/\/www.europesays.com\/es\/wp-json\/wp\/v2\/media?parent=362493"}],"wp:term":[{"taxonomy":"category","embeddable":true,"href":"https:\/\/www.europesays.com\/es\/wp-json\/wp\/v2\/categories?post=362493"},{"taxonomy":"post_tag","embeddable":true,"href":"https:\/\/www.europesays.com\/es\/wp-json\/wp\/v2\/tags?post=362493"}],"curies":[{"name":"wp","href":"https:\/\/api.w.org\/{rel}","templated":true}]}}