{"id":362571,"date":"2026-01-26T16:35:13","date_gmt":"2026-01-26T16:35:13","guid":{"rendered":"https:\/\/www.europesays.com\/es\/362571\/"},"modified":"2026-01-26T16:35:13","modified_gmt":"2026-01-26T16:35:13","slug":"no-hay-ningun-farmaceutico-interesado-en-invertir-para-buscar-un-farmaco","status":"publish","type":"post","link":"https:\/\/www.europesays.com\/es\/362571\/","title":{"rendered":"\u00abNo hay ning\u00fan farmac\u00e9utico interesado en invertir para buscar un f\u00e1rmaco\u00bb"},"content":{"rendered":"<p style=\"\"><strong>Jordi \u00c9vole<\/strong> siempre <a href=\"https:\/\/www.abc.es\/play\/television\/noticias\/jordi-evole-habla-alto-claro-sobre-vive-20250204181742-nt.html\" title=\"www.abc.es\" data-voc-vtm-id=\"in-text-traffic\" data-mrf-link=\"www.abc.es\" rel=\"nofollow noopener\" target=\"_blank\">ha hablado abiertamente<\/a> de la enfermedad neurol\u00f3gica que padece: <strong>narcolepsia y cataplexia<\/strong>. Ni siquiera ha tratado de ocultarla cuando ha tenido alg\u00fan episodio mientras trabajaba. Por ejemplo, no elimin\u00f3 del montaje final el que sufri\u00f3 durante el <a href=\"https:\/\/www.abc.es\/play\/television\/noticias\/abci-evole-pense-estabas-poniendo-tontorron-jordi-evole-sufre-ataques-cataplexia-ante-estopa-202302131052_noticia.html\" title=\"www.abc.es\" data-voc-vtm-id=\"in-text-traffic\" data-mrf-link=\"www.abc.es\" rel=\"nofollow noopener\" target=\"_blank\">rodaje de un episodio para &#8216;Lo de \u00c9vole&#8217;<\/a> &#8230;  en 2023.<\/p>\n<p class=\"voc-p\" style=\"\">El periodista recorr\u00eda la <strong>trayectoria de Estopa<\/strong> con los hermanos Mu\u00f1oz, <strong>tuvo que interrumpir la conversaci\u00f3n en dos ocasiones<\/strong> por sus problemas de cataplexia, que hicieron que de desplomara.<\/p>\n<p class=\"voc-p\" style=\"\">La primera, fue en un bar. \u00c9vole dijo a los artistas que ten\u00eda que ir al ba\u00f1o, pero no le dio tiempo. <strong>Se sujet\u00f3 a David antes de desplomarse<\/strong>. Tambi\u00e9n perdi\u00f3 la conciencia cuando iba en el coche con David y Jos\u00e9 Manuel Mu\u00f1oz, que ya no se alarmaron despu\u00e9s de la experiencia anterior.<\/p>\n<p>\n\u00c9vole achaca su enfermedad al estr\u00e9s\n<\/p>\n<p class=\"voc-p\" style=\"\">En su af\u00e1n de seguir visibilizando esta enfermedad, \u00c9vole tampoco evit\u00f3 hablar de ella al ser preguntado por <strong>Jordi Gonz\u00e1lez<\/strong> en una reciente entrega del programa de 3Cat &#8216;Col\u00b7lapse&#8217;. <\/p>\n<p class=\"voc-p\" style=\"\">El comunicador de Atresmedia revel\u00f3 que <strong>se ha tenido que medicar<\/strong> por la narcolepsia y cataplexia, cuyo origen achaca a la elevada carga de trabajo que ha tenido durante mucho tiempo: \u00abYo creo que es <strong>fruto de estos a\u00f1os de estr\u00e9s<\/strong>. Trabaj\u00e9 mucho desde los 30 y algo hasta los 42. Eso <strong>te pasa factura aunque no te des cuenta<\/strong>\u00bb.<\/p>\n<p class=\"voc-p\" style=\"\">Un punto de inflexi\u00f3n en su vida personal y laboral fue la <a href=\"https:\/\/www.abc.es\/play\/cine\/noticias\/abci-ultimo-adios-dones-202008261513_noticia.html\" title=\"www.abc.es\" data-voc-vtm-id=\"in-text-traffic\" data-mrf-link=\"www.abc.es\" rel=\"nofollow noopener\" target=\"_blank\">entrevista con el cantante fallecido Pau Don\u00e9s<\/a>: <strong>\u00abMe cambi\u00f3 la perspectiva de todo lo que estaba haciendo\u00bb<\/strong>. El comunicador relata que era un momento de \u00abtrabajar mucho y estar muy obsesionado\u00bb.<\/p>\n<p class=\"voc-p\" style=\"\">Por eso, record\u00f3, le marc\u00f3 tanto \u00abaquella entrevista donde este se\u00f1or, al que le quedan 15 d\u00edas de vida, te dice &#8216;no te equivoques de perspectiva porque la vida va de otra cosa y <strong>no todo es la faena, la ambici\u00f3n, llegar&#8230;<\/strong>&#8216;. Tras la conversaci\u00f3n, \u00c9vole comenz\u00f3 a ver la vida de otra manera y, seg\u00fan confiensa, no le ha ido nada mal.<\/p>\n<p>\nEsperanza ante una posible medicaci\u00f3n\n<\/p>\n<p class=\"voc-p\" style=\"\">Como ha quedado comprobado, la narcolepsia puede hacer que el periodista se duerma en cualquier momento, aunque suele darse cuenta cuando va a ocurrir: \u00ab<strong>Normalmente lo detecto<\/strong>. Si me duermo ahora, <strong>no ser\u00e1 de golpe<\/strong>. Si me duermo ahora, te aviso\u00bb.<\/p>\n<p class=\"voc-p\" style=\"\">Asimismo, explic\u00f3 que, derivada de la narcolepsia, aparece la cataplexia: \u00abHay momentos en los que <strong>mi cerebro desconecta como si me hubiera dormido<\/strong> y me quedo <strong>sin musculatura<\/strong> en el cuerpo. Puedo carme en el suelo de golpe, pero sin perder el conocimiento\u00bb.<\/p>\n<p class=\"voc-p\" style=\"\">Por \u00faltimo, asegur\u00f3 que, aunque hay tratamiento, todav\u00eda no se ha desarrollado una medicaci\u00f3n espec\u00edfica: \u00abEs una enfermedad minoritaria y <strong>no ha habido ning\u00fan farmac\u00e9utico superinteresado en hacer una inversi\u00f3n grande en buscar un f\u00e1rmaco<\/strong>\u00bb.<\/p>\n<p class=\"voc-p\" style=\"\">Afortunadamente, revel\u00f3 que hay esperanza de que esto cambie: \u00abAhora mi neur\u00f3logo dice que <strong>estamos cerca de una medicaci\u00f3n concreta<\/strong>, porque ahora lo que te dan es una mezcla y vas haciendo\u00bb.<\/p>\n","protected":false},"excerpt":{"rendered":"Jordi \u00c9vole siempre ha hablado abiertamente de la enfermedad neurol\u00f3gica que padece: narcolepsia y cataplexia. Ni siquiera ha&hellip;\n","protected":false},"author":2,"featured_media":362572,"comment_status":"","ping_status":"","sticky":false,"template":"","format":"standard","meta":{"footnotes":""},"categories":[91],"tags":[6384,2996,146,147,25,24,72369,18647,3380,79637,12048,12833,34371,10732,57,23,11463],"class_list":["post-362571","post","type-post","status-publish","format-standard","has-post-thumbnail","category-entretenimiento","tag-buscar","tag-enfermedad","tag-entertainment","tag-entretenimiento","tag-es","tag-espana","tag-evole","tag-farmaceutico","tag-farmaco","tag-interesado","tag-invertir","tag-jordi","tag-neurologica","tag-ningun","tag-sobre","tag-spain","tag-sufre"],"share_on_mastodon":{"url":"https:\/\/pubeurope.com\/@es\/115962375324086639","error":""},"_links":{"self":[{"href":"https:\/\/www.europesays.com\/es\/wp-json\/wp\/v2\/posts\/362571","targetHints":{"allow":["GET"]}}],"collection":[{"href":"https:\/\/www.europesays.com\/es\/wp-json\/wp\/v2\/posts"}],"about":[{"href":"https:\/\/www.europesays.com\/es\/wp-json\/wp\/v2\/types\/post"}],"author":[{"embeddable":true,"href":"https:\/\/www.europesays.com\/es\/wp-json\/wp\/v2\/users\/2"}],"replies":[{"embeddable":true,"href":"https:\/\/www.europesays.com\/es\/wp-json\/wp\/v2\/comments?post=362571"}],"version-history":[{"count":0,"href":"https:\/\/www.europesays.com\/es\/wp-json\/wp\/v2\/posts\/362571\/revisions"}],"wp:featuredmedia":[{"embeddable":true,"href":"https:\/\/www.europesays.com\/es\/wp-json\/wp\/v2\/media\/362572"}],"wp:attachment":[{"href":"https:\/\/www.europesays.com\/es\/wp-json\/wp\/v2\/media?parent=362571"}],"wp:term":[{"taxonomy":"category","embeddable":true,"href":"https:\/\/www.europesays.com\/es\/wp-json\/wp\/v2\/categories?post=362571"},{"taxonomy":"post_tag","embeddable":true,"href":"https:\/\/www.europesays.com\/es\/wp-json\/wp\/v2\/tags?post=362571"}],"curies":[{"name":"wp","href":"https:\/\/api.w.org\/{rel}","templated":true}]}}