{"id":362890,"date":"2026-01-26T20:21:10","date_gmt":"2026-01-26T20:21:10","guid":{"rendered":"https:\/\/www.europesays.com\/es\/362890\/"},"modified":"2026-01-26T20:21:10","modified_gmt":"2026-01-26T20:21:10","slug":"el-sonrias-baixas-logra-seis-nominaciones-en-los-iberian-festival-awards-2026-y-lidera-el-ranking-espanol","status":"publish","type":"post","link":"https:\/\/www.europesays.com\/es\/362890\/","title":{"rendered":"El SonR\u00edas Baixas logra seis nominaciones en los Iberian Festival Awards 2026 y lidera el ranking espa\u00f1ol"},"content":{"rendered":"<p class=\"ft-text\">El <a class=\"ft-link ft-link--decoration\" href=\"https:\/\/www.farodevigo.es\/tags\/sonrias-baixas\/\" rel=\"nofollow noopener\" target=\"_blank\"><strong>SonR\u00edas Baixas<\/strong><\/a> vuelve a colocarse en primera l\u00ednea del circuito ib\u00e9rico de festivales tras conseguir <strong>seis nominaciones<\/strong> en los <strong>Iberian Festival Awards 2026<\/strong>, unos premios que distinguen la excelencia de la industria musical en Espa\u00f1a y Portugal. El certamen de <strong>Bueu<\/strong> competir\u00e1 en <strong>Best Touristic Promotion<\/strong> (mejor promoci\u00f3n tur\u00edstica), <strong>Best Hosting and Reception <\/strong>(mejor hospitalidad y atenci\u00f3n), <strong>Contribution to Sustainability <\/strong>(contribuci\u00f3n a sostenibilidad), <strong>Best Festival Photo<\/strong> (mejor fotograf\u00eda, por el trabajo de Javier Bragado), <strong>Best Video Coverage<\/strong> (mejor cobertura en v\u00eddeo, por el trabajo de Trece Amarillo) y <strong>Best Service Provider<\/strong> (mejor proveedor del servicios, por el trabajo de Idasfest)<\/p>\n<p class=\"ft-text\">Dos de estas candidaturas se decidir\u00e1n por <strong>voto del p\u00fablico<\/strong> y las cuatro restantes por <strong>jurado profesional<\/strong>, un reparto que, seg\u00fan la organizaci\u00f3n, refleja tanto el respaldo de los asistentes como el reconocimiento del sector.<\/p>\n<p class=\"ft-text\">Con este resultado, SonR\u00edas Baixas <strong>encabeza, junto a Bilbao BBK Live, el ranking de festivales espa\u00f1oles con m\u00e1s nominaciones<\/strong> en esta edici\u00f3n, solo por detr\u00e1s del Azores Burning Summer, reforzando su condici\u00f3n de <strong>cita imprescindible del verano musical<\/strong>.<\/p>\n<p class=\"ft-text\">El SonR\u00edas Baixas ya consigui\u00f3 en 2022 el Premio a la Excelencia y en la edici\u00f3n del a\u00f1o pasado, que se celebr\u00f3 en Granada, logr\u00f3 el reconocimiento a la Mejor Promoci\u00f3n Tur\u00edstica. En esta d\u00e9cima edici\u00f3n de los Iberian Festival Awards el SonR\u00edas Baixas inicialmente estaba nominado hasta en trece categor\u00edas, que finalmente se han traducido en seis candidaturas.<\/p>\n<p>Pr\u00f3xima edici\u00f3n: del 30 de julio al 1 de agosto<\/p>\n<p class=\"ft-text\">El festival trabaja ya en su pr\u00f3xima convocatoria, que se celebrar\u00e1 <strong>del 30 de julio al 1 de agosto<\/strong>, con la intenci\u00f3n de seguir creciendo tras los datos del pasado a\u00f1o. En <strong>2025<\/strong>, SonR\u00edas Baixas reuni\u00f3 a <strong>m\u00e1s de 33.000 asistentes<\/strong>, consolidando una programaci\u00f3n diversa y una experiencia \u201csin barreras\u201d, seg\u00fan subraya la promotora.<\/p>\n<p class=\"ft-text\">Desde PlayPlan acogen con orgullo estas seis candidaturas<strong>: \u00abO impacto trascende o cultural: xerou un retorno econ\u00f3mico de 3,1 mill\u00f3ns e preto de 1.000 empregos directos en Bueu e contorna\u00bb<\/strong>, destacan desde la direcci\u00f3n sobre su papel como motor social, econ\u00f3mico y tur\u00edstico en la comarca.<\/p>\n<p class=\"ft-text\">El balance de nominaciones se enmarca, adem\u00e1s, en un a\u00f1o especialmente destacado para <strong>PlayPlan<\/strong>, promotora de SonR\u00edas Baixas, que suma <strong>nueve candidaturas<\/strong> en total con los festivales que impulsa. A las seis del evento de Bueu se a\u00f1aden las logradas por <strong>BIGSOUND Pontevedra, <\/strong>finalista en <strong>Best New Festival<\/strong> y <strong>Best Hosting and Reception, <\/strong>y por <strong>Fumega Fest<\/strong>, tambi\u00e9n finalista en <strong>Best New Festival<\/strong>, ambos proyectos nacidos en 2025.<\/p>\n<p>Gala en Azores<\/p>\n<p class=\"ft-text\">La entrega de los Iberian Festival Awards 2026 se celebrar\u00e1 el <strong>14 de marzo<\/strong> en el <strong>Coliseu Micaelense<\/strong> de <strong>Ponta Delgada (Azores)<\/strong>, en una cita que pone en valor la cooperaci\u00f3n cultural entre Espa\u00f1a y Portugal.<\/p>\n","protected":false},"excerpt":{"rendered":"El SonR\u00edas Baixas vuelve a colocarse en primera l\u00ednea del circuito ib\u00e9rico de festivales tras conseguir seis nominaciones&hellip;\n","protected":false},"author":2,"featured_media":362891,"comment_status":"","ping_status":"","sticky":false,"template":"","format":"standard","meta":{"footnotes":""},"categories":[170],"tags":[23350,146,147,25,24,18288,80829,11812,184,185,16721,532,1139,80828,80830,23],"class_list":["post-362890","post","type-post","status-publish","format-standard","has-post-thumbnail","category-musica","tag-baixas","tag-entertainment","tag-entretenimiento","tag-es","tag-espana","tag-festivales-de-musica","tag-iberian-festival-awards-2026","tag-logra","tag-music","tag-musica","tag-nominaciones","tag-premios","tag-seis","tag-sonrias","tag-sonrias-baixas","tag-spain"],"share_on_mastodon":{"url":"https:\/\/pubeurope.com\/@es\/115963264102437490","error":""},"_links":{"self":[{"href":"https:\/\/www.europesays.com\/es\/wp-json\/wp\/v2\/posts\/362890","targetHints":{"allow":["GET"]}}],"collection":[{"href":"https:\/\/www.europesays.com\/es\/wp-json\/wp\/v2\/posts"}],"about":[{"href":"https:\/\/www.europesays.com\/es\/wp-json\/wp\/v2\/types\/post"}],"author":[{"embeddable":true,"href":"https:\/\/www.europesays.com\/es\/wp-json\/wp\/v2\/users\/2"}],"replies":[{"embeddable":true,"href":"https:\/\/www.europesays.com\/es\/wp-json\/wp\/v2\/comments?post=362890"}],"version-history":[{"count":0,"href":"https:\/\/www.europesays.com\/es\/wp-json\/wp\/v2\/posts\/362890\/revisions"}],"wp:featuredmedia":[{"embeddable":true,"href":"https:\/\/www.europesays.com\/es\/wp-json\/wp\/v2\/media\/362891"}],"wp:attachment":[{"href":"https:\/\/www.europesays.com\/es\/wp-json\/wp\/v2\/media?parent=362890"}],"wp:term":[{"taxonomy":"category","embeddable":true,"href":"https:\/\/www.europesays.com\/es\/wp-json\/wp\/v2\/categories?post=362890"},{"taxonomy":"post_tag","embeddable":true,"href":"https:\/\/www.europesays.com\/es\/wp-json\/wp\/v2\/tags?post=362890"}],"curies":[{"name":"wp","href":"https:\/\/api.w.org\/{rel}","templated":true}]}}