{"id":36300,"date":"2025-08-09T16:09:08","date_gmt":"2025-08-09T16:09:08","guid":{"rendered":"https:\/\/www.europesays.com\/es\/36300\/"},"modified":"2025-08-09T16:09:08","modified_gmt":"2025-08-09T16:09:08","slug":"nada-de-ucrania-sin-ucrania","status":"publish","type":"post","link":"https:\/\/www.europesays.com\/es\/36300\/","title":{"rendered":"\u00abNada de Ucrania sin Ucrania\u00bb"},"content":{"rendered":"<p><img decoding=\"async\" class=\"voc-author__img\" src=\"https:\/\/www.europesays.com\/es\/wp-content\/uploads\/2025\/08\/autor-5214-foto-1.jpeg\" alt=\"Patricia Romero\"\/><\/p>\n<p>09\/08\/2025<br \/>\n<br \/><strong><br \/>\nActualizado a las 17:57h.<br \/>\n<\/strong><\/p>\n<p class=\"voc-p\" style=\"\">Pedro S\u00e1nchez hace gala de nuevo de su buena sinton\u00eda con Volod\u00edmir Zelenski y le brinda su \u00abapoyo total\u00bb en p\u00fablico en las negociaciones con Rusia y Estados Unidos (EE.UU.) para hallar una soluci\u00f3n a la invasi\u00f3n rusa en Ucrania. El l\u00edder del Ejecutivo espa\u00f1ol ha anunciado en redes sociales que ha mantenido este s\u00e1bado por la tarde una conversaci\u00f3n con el presidente ucraniano. \u00abAcabo de hablar con Zelenski para tratar los \u00faltimos acontecimientos sobre el terreno. Le he reiterado mi total apoyo\u00bb, ha arrancado su comunicado en X el presidente del Gobierno de Espa\u00f1a.<\/p>\n<p class=\"voc-p\" style=\"\">\u00abDebemos alcanzar una paz justa y duradera que respete la independencia y la soberan\u00eda de Ucrania\u00bb, defiende S\u00e1nchez, y as\u00ed se lo ha hecho saber a Zelenski despu\u00e9s de meses de negociaciones infructuosas para alcanzar la paz el territorio invadido y de que el mandatario ucraniano se haya negado a entregar su pa\u00eds a los invasores rusos a cambio de esta, ya que, seg\u00fan Washington, Kiev tendr\u00eda que hacer concesiones territoriales para poner fin al conflicto. Tambi\u00e9n Mosc\u00fa. <\/p>\n<p class=\"voc-p\" style=\"\">La charla entre el espa\u00f1ol y el ucraniano se produce apenas un d\u00eda despu\u00e9s de conocerse que el mandatario estadounidense, Donald Trump \u2014que reci\u00e9n acaba de ejercer como mediador de paz entre Armenia y Azerbaiy\u00e1n\u2014 . y su hom\u00f3logo ruso, Vlad\u00edmir Putin, <a href=\"https:\/\/www.abc.es\/internacional\/trump-fija-agosto-alaska-reunion-putin-negociar-20250809001930-nt.html\" title=\"www.abc.es\" data-voc-vtm-id=\"in-text-traffic\" data-mrf-link=\"www.abc.es\" rel=\"nofollow noopener\" target=\"_blank\">se encontrar\u00e1n en el Estado de Alaska<\/a> el pr\u00f3ximo viernes d\u00eda 15 de agosto para abordar el conflicto b\u00e9lico. Lo har\u00e1n sin Kiev como ya ha ocurrido en anteriores ocasiones. Algo que ha merecido la condena de S\u00e1nchez: \u00abNada de Ucrania sin Ucrania\u00bb, le ha trasladado el socialista a Zelenski, para acto seguido reclamar unidad de acci\u00f3n: \u00abDebemos estar unidos\u00bb, pide S\u00e1nchez. <\/p>\n<blockquote class=\"twitter-tweet\" data-width=\"550\">\n<p lang=\"en\" dir=\"ltr\">I just talked to <a href=\"https:\/\/twitter.com\/ZelenskyyUa?ref_src=twsrc%5Etfw\" rel=\"nofollow noopener\" target=\"_blank\">@ZelenskyyUa<\/a> to discuss about the latest developments on the ground. I expressed once again my full support to him.<\/p>\n<p>We must reach a just and lasting peace that respects Ukraine&#8217;s independence and sovereignty. <\/p>\n<p>Nothing about Ukraine without Ukraine. We must\u2026<\/p>\n<p>\u2014 Pedro S\u00e1nchez (@sanchezcastejon) <a href=\"https:\/\/twitter.com\/sanchezcastejon\/status\/1954185135617650966?ref_src=twsrc%5Etfw\" rel=\"nofollow noopener\" target=\"_blank\">August 9, 2025<\/a><\/p><\/blockquote>\n<p class=\"voc-p\" style=\"\">Zelenski, por su parte, ha agradecido de inmediato, tambi\u00e9n en p\u00fablico, el respaldo de Espa\u00f1a al pueblo ucraniano y recordado que, ahora, \u00ablo principal es garantizar que Rusia no vuelva a imponer sus condiciones irrealistas a nadie\u00bb. Al igual que S\u00e1nchez, ha presumido de buena relaci\u00f3n y hecho hinchapi\u00e9 en lo \u00abimportante\u00bb que es que \u00abPedro\u00bb y \u00e9l compartan la misma opini\u00f3n. \u00abEstamos coordinando nuestra posici\u00f3n europea com\u00fan. Estamos dispuestos a avanzar con la mayor rapidez y constricci\u00f3n posible hacia una paz justa\u00bb, ha dicho el presidente de Ucrania, quien, explica que tambi\u00e9n se ha hablado de su integraci\u00f3n en la Uni\u00f3n Europea (UE). \u00abUcrania ha cumplido con todas sus obligaciones y est\u00e1 totalmente preparada para abrir el primer bloque de negociaciones\u00bb, dice haberle comunicado al presidente del Gobierno espa\u00f1ol. <\/p>\n<blockquote class=\"twitter-tweet\" data-width=\"550\">\n<p lang=\"en\" dir=\"ltr\">I spoke with Prime Minister of Spain <a href=\"https:\/\/twitter.com\/sanchezcastejon?ref_src=twsrc%5Etfw\" rel=\"nofollow noopener\" target=\"_blank\">@sanchezcastejon<\/a>. I am grateful for Spain\u2019s support for Ukraine and our people.<\/p>\n<p>I informed about the diplomatic situation and our contacts with partners, and shared our vision of what the next steps should be. The main thing now is to ensure\u2026<\/p>\n<p>\u2014 Volodymyr Zelenskyy \/ \u0412\u043e\u043b\u043e\u0434\u0438\u043c\u0438\u0440 \u0417\u0435\u043b\u0435\u043d\u0441\u044c\u043a\u0438\u0439 (@ZelenskyyUa) <a href=\"https:\/\/twitter.com\/ZelenskyyUa\/status\/1954182447064584419?ref_src=twsrc%5Etfw\" rel=\"nofollow noopener\" target=\"_blank\">August 9, 2025<\/a><\/p><\/blockquote>\n<p class=\"voc-p\" style=\"\">El que est\u00e1 a punto de producirse entre EE.UU. y Rusia se trata de un encuentro que ambas partes ya han anunciado como decisivo para el desenlace de una guerra que comenz\u00f3 hace ya m\u00e1s de tres a\u00f1os. Sobre el posible contenido del pacto, afirm\u00f3 que se estudian f\u00f3rmulas de devoluci\u00f3n y canje de territorios \u00aben beneficio de ambas partes\u00bb, y que se abordar\u00e1n m\u00e1s detalles pronto. La Casa Blanca insiste en que la cita fue una iniciativa rusa, mientras que el Kremlin sostiene que parti\u00f3 de Washington, <a href=\"https:\/\/www.abc.es\/internacional\/trump-fija-agosto-alaska-reunion-putin-negociar-20250809001930-nt.html\" title=\"www.abc.es\" data-voc-vtm-id=\"in-text-traffic\" data-mrf-link=\"www.abc.es\" rel=\"nofollow noopener\" target=\"_blank\">informa David Alandete desde Washington<\/a>. <\/p>\n<p>Reportar un error<\/p>\n<p><script async src=\"https:\/\/platform.twitter.com\/widgets.js\" charset=\"utf-8\"><\/script><\/p>\n","protected":false},"excerpt":{"rendered":"09\/08\/2025 Actualizado a las 17:57h. Pedro S\u00e1nchez hace gala de nuevo de su buena sinton\u00eda con Volod\u00edmir Zelenski&hellip;\n","protected":false},"author":2,"featured_media":36301,"comment_status":"","ping_status":"","sticky":false,"template":"","format":"standard","meta":{"footnotes":""},"categories":[42],"tags":[6635,17,18,18237,115,13,14,4596,11,61,62,63,64,19,20,6730,9,10,15,16,1614,199,12,1627,7081,21,22,65,66,67,2318],"class_list":{"0":"post-36300","1":"post","2":"type-post","3":"status-publish","4":"format-standard","5":"has-post-thumbnail","7":"category-internacional","8":"tag-apoyo","9":"tag-breaking-news","10":"tag-breakingnews","11":"tag-brindarle","12":"tag-eeuu","13":"tag-featured-news","14":"tag-featurednews","15":"tag-habla","16":"tag-headlines","17":"tag-internacional","18":"tag-international","19":"tag-international-news","20":"tag-internationalnews","21":"tag-latest-news","22":"tag-latestnews","23":"tag-negociacion","24":"tag-news","25":"tag-noticias","26":"tag-noticias-destacadas","27":"tag-noticiasdestacadas","28":"tag-rusia","29":"tag-sanchez","30":"tag-titulares","31":"tag-total","32":"tag-ucrania","33":"tag-ultimas-noticias","34":"tag-ultimasnoticias","35":"tag-world","36":"tag-world-news","37":"tag-worldnews","38":"tag-zelenski"},"share_on_mastodon":{"url":"","error":""},"_links":{"self":[{"href":"https:\/\/www.europesays.com\/es\/wp-json\/wp\/v2\/posts\/36300","targetHints":{"allow":["GET"]}}],"collection":[{"href":"https:\/\/www.europesays.com\/es\/wp-json\/wp\/v2\/posts"}],"about":[{"href":"https:\/\/www.europesays.com\/es\/wp-json\/wp\/v2\/types\/post"}],"author":[{"embeddable":true,"href":"https:\/\/www.europesays.com\/es\/wp-json\/wp\/v2\/users\/2"}],"replies":[{"embeddable":true,"href":"https:\/\/www.europesays.com\/es\/wp-json\/wp\/v2\/comments?post=36300"}],"version-history":[{"count":0,"href":"https:\/\/www.europesays.com\/es\/wp-json\/wp\/v2\/posts\/36300\/revisions"}],"wp:featuredmedia":[{"embeddable":true,"href":"https:\/\/www.europesays.com\/es\/wp-json\/wp\/v2\/media\/36301"}],"wp:attachment":[{"href":"https:\/\/www.europesays.com\/es\/wp-json\/wp\/v2\/media?parent=36300"}],"wp:term":[{"taxonomy":"category","embeddable":true,"href":"https:\/\/www.europesays.com\/es\/wp-json\/wp\/v2\/categories?post=36300"},{"taxonomy":"post_tag","embeddable":true,"href":"https:\/\/www.europesays.com\/es\/wp-json\/wp\/v2\/tags?post=36300"}],"curies":[{"name":"wp","href":"https:\/\/api.w.org\/{rel}","templated":true}]}}