{"id":363257,"date":"2026-01-27T01:00:15","date_gmt":"2026-01-27T01:00:15","guid":{"rendered":"https:\/\/www.europesays.com\/es\/363257\/"},"modified":"2026-01-27T01:00:15","modified_gmt":"2026-01-27T01:00:15","slug":"gh-duo-sometera-a-antonio-canales-a-la-curva-de-la-vida-tras-la-muerte-de-su-hermano-y-estrenara-nueva-dinamica","status":"publish","type":"post","link":"https:\/\/www.europesays.com\/es\/363257\/","title":{"rendered":"&#8216;GH D\u00fao&#8217; someter\u00e1 a Antonio Canales a la Curva de la vida tras la muerte de su hermano y estrenar\u00e1 nueva din\u00e1mica"},"content":{"rendered":"<p class=\"article-text\">\n        <strong>Antonio Canales<\/strong> ser\u00e1 uno de los protagonistas de <strong>GH D\u00fao: Especial salvaci\u00f3n<\/strong> este martes, 27 de enero. El bailaor, que abandon\u00f3 por la <a href=\"https:\/\/www.eldiario.es\/vertele\/noticias\/muere-hermano-antonio-canales-abandono-gh-duo-darle-ultimo-adios_1_12925619.html\" target=\"_blank\" data-mrf-recirculation=\"links-noticia\" class=\"link\" rel=\"nofollow noopener\">muerte de su hermano<\/a> y se reincorpor\u00f3 d\u00edas despu\u00e9s, se someter\u00e1 a la <strong>Curva de la vida<\/strong> para compartir los momentos que marcaron su trayectoria personal y profesional. Adem\u00e1s, el reality show de <strong>Telecinco <\/strong>pondr\u00e1 en marcha una din\u00e1mica in\u00e9dita que afectar\u00e1 a los concursantes.\n    <\/p>\n<p>    <a href=\"https:\/\/www.eldiario.es\/vertele\/noticias\/gh-duo-reincorporo-antonio-canales-concursante-vivio-primer-beso-desvelo-nominado-votado_1_12934697.html\" data-mrf-recirculation=\"saber-mas\" data-dl-event=\"saber-mas\" rel=\"nofollow noopener\" target=\"_blank\"><\/p>\n<p class=\"know-more__title\">&#8216;GH D\u00fao&#8217; reincorpor\u00f3 a Antonio Canales como concursante, vivi\u00f3 su primer beso y desvel\u00f3 al nominado menos votado<\/p>\n<p>            <img decoding=\"async\" class=\"lazy\" loading=\"lazy\" data-src=\"https:\/\/static.eldiario.es\/clip\/79313da6-3014-4d7e-93f2-a327cc7d2df7_16-9-aspect-ratio_default_0.jpg\" src=\"data:image\/svg+xml,%3Csvg xmlns=\" http:=\"\" viewbox=\"0 0 880 495\" alt=\"'GH D\u00fao' reincorpor\u00f3 a Antonio Canales como concursante, vivi\u00f3 su primer beso y desvel\u00f3 al nominado menos votado\"\/><\/p>\n<p>                        <\/a><\/p>\n<p class=\"article-text\">\n        <strong>Mediaset <\/strong>ha anunciado sus planes para la pr\u00f3xima entrega de <strong>Gran Hermano D\u00fao<\/strong>, de nuevo con <strong>Jorge Javier V\u00e1zquez <\/strong>al frente en la noche del martes. Una de las claves tiene que ver con el andaluz, quien contar\u00e1 frente a la audiencia todas aquellas vivencias que le marcaron en distintos momentos. Conviene recordar que Canales <a href=\"https:\/\/www.eldiario.es\/vertele\/noticias\/gh-duo-reincorporo-antonio-canales-concursante-vivio-primer-beso-desvelo-nominado-votado_1_12934697.html\" target=\"_blank\" data-mrf-recirculation=\"links-noticia\" class=\"link\" rel=\"nofollow noopener\">volvi\u00f3 a la casa<\/a> como concursante de pleno derecho tras su obligado abandono.\n    <\/p>\n<p class=\"article-text\">\n        La productora <strong>Zeppelin TV<\/strong> emiti\u00f3 un <a href=\"https:\/\/www.eldiario.es\/vertele\/noticias\/antonio-canales-abandona-gh-duo-causa-fuerza-mayor-le-enviamos-carino-apoyo_1_12922836.html\" target=\"_blank\" data-mrf-recirculation=\"links-noticia\" class=\"link\" rel=\"nofollow noopener\">comunicado<\/a> el martes 20 de enero confirmando que la participaci\u00f3n del bailaor hab\u00eda llegado a su fin \u201c<strong>por causa de fuerza mayor<\/strong>\u201d. Un d\u00eda despu\u00e9s, se confirm\u00f3 que <strong>Francisco Javier G\u00f3mez<\/strong>, su hermano peque\u00f1o, hab\u00eda fallecido. Por ese motivo puso rumbo a la capital andaluza: se traslad\u00f3 al tanatorio donde se organiz\u00f3 un responso en su memoria. Fue el domingo 25 del mismo mes cuando se reincorpor\u00f3 a GH D\u00fao, de nuevo como <strong>pareja<\/strong> de <strong>Raquel Salazar<\/strong>.\n    <\/p>\n<p class=\"article-text\">\n        Al margen de la Curva de la vida a la que se someter\u00e1, el grupo audiovisual ha anunciado que la pr\u00f3xima gala contar\u00e1 con una \u201c<strong>din\u00e1mica nunca antes vista<\/strong>\u201d. La intenci\u00f3n es \u201cno dejar indiferente a sus protagonistas\u201d, quienes acceder\u00e1n a una \u201c<strong>nueva sala<\/strong>\u201d para encontrarse el nuevo giro que GH D\u00fao ya tiene previsto. Lo que no cambia es que se volver\u00e1n a mostrar im\u00e1genes de la convivencia entre los concursantes.\n    <\/p>\n<blockquote class=\"twitter-tweet\" data-lang=\"es\"><p><a href=\"https:\/\/twitter.com\/X\/status\/2015846434726191274?ref_src=twsrc%5Etfw\" rel=\"nofollow noopener\" target=\"_blank\"><\/p><\/blockquote>\n<p>    Dos salvaciones y una cena en pareja<\/p>\n<p class=\"article-text\">\n        El segundo especial del reality show contar\u00e1 con una<strong> doble salvaci\u00f3n<\/strong> entre los nominados: <strong>Cristina Piaget<\/strong>, <strong>Bel\u00e9n Rodr\u00edguez<\/strong>, <strong>Carmen Borrego <\/strong>o <strong>Carlos Lozano <\/strong>\u2014quien ostenta el menor porcentaje para abandonar la casa\u2014. Las dos personas que menos votos hayan acumulado hasta la emisi\u00f3n convivir\u00e1n, como m\u00ednimo, una semana m\u00e1s en la madrile\u00f1a casa de Tres Cantos.\n    <\/p>\n<p>    <a href=\"https:\/\/www.eldiario.es\/vertele\/noticias\/queque-hector-de-miguel-anuncia-retirada-temporal-polemica-parodia-nacho-abad-no-apetece-martir_1_12935172.html\" data-mrf-recirculation=\"saber-mas-abajo\" data-dl-event=\"saber-mas-abajo\" rel=\"nofollow noopener\" target=\"_blank\"><\/p>\n<p class=\"know-more__title\">H\u00e9ctor de Miguel (Quequ\u00e9) anuncia su retirada temporal tras la pol\u00e9mica con su parodia de Nacho Abad: \u201cNo me apetece ser un m\u00e1rtir\u201d<\/p>\n<p>            <img decoding=\"async\" class=\"lazy\" loading=\"lazy\" data-src=\"https:\/\/static.eldiario.es\/clip\/bf4964c1-6303-4b33-a7f4-9b61bc39f8da_16-9-aspect-ratio_default_0.jpg\" src=\"data:image\/svg+xml,%3Csvg xmlns=\" http:=\"\" viewbox=\"0 0 880 495\" alt=\"H\u00e9ctor de Miguel (Quequ\u00e9) anuncia su retirada temporal tras la pol\u00e9mica con su parodia de Nacho Abad: &quot;No me apetece ser un m\u00e1rtir&quot;\"\/><\/p>\n<p>                        <\/a><\/p>\n<p class=\"article-text\">\n        Adem\u00e1s, Carlos Lozano conocer\u00e1 cu\u00e1l es su privilegio por ser el concursante menos votado, como se descubri\u00f3 en GH D\u00fao: Cuentas pendientes. Disfrutar\u00e1 de una <strong>cena en pareja<\/strong>, en la que podr\u00e1 elegir como acompa\u00f1ante a una de sus tres compa\u00f1eras con las que comparte nominaci\u00f3n. Por \u00faltimo, el reality presentar\u00e1 la nueva <strong>prueba semanal<\/strong>: El Bid\u00f3n, que pondr\u00e1 a prueba la resistencia y la paciencia de todos.\n    <\/p>\n<p>                                        <script async src=\"https:\/\/platform.twitter.com\/widgets.js\" charset=\"utf-8\"><\/script><\/p>\n","protected":false},"excerpt":{"rendered":"Antonio Canales ser\u00e1 uno de los protagonistas de GH D\u00fao: Especial salvaci\u00f3n este martes, 27 de enero. El&hellip;\n","protected":false},"author":2,"featured_media":363258,"comment_status":"","ping_status":"","sticky":false,"template":"","format":"standard","meta":{"footnotes":""},"categories":[171],"tags":[1247,10529,38545,18728,16738,146,147,25,24,3247,37023,37,4920,795,42260,23,214,2606],"class_list":["post-363257","post","type-post","status-publish","format-standard","has-post-thumbnail","category-tv","tag-antonio","tag-canales","tag-curva","tag-dinamica","tag-duo","tag-entertainment","tag-entretenimiento","tag-es","tag-espana","tag-estrenara","tag-gh","tag-hermano","tag-muerte","tag-nueva","tag-sometera","tag-spain","tag-tv","tag-vida"],"share_on_mastodon":{"url":"https:\/\/pubeurope.com\/@es\/115964361020710802","error":""},"_links":{"self":[{"href":"https:\/\/www.europesays.com\/es\/wp-json\/wp\/v2\/posts\/363257","targetHints":{"allow":["GET"]}}],"collection":[{"href":"https:\/\/www.europesays.com\/es\/wp-json\/wp\/v2\/posts"}],"about":[{"href":"https:\/\/www.europesays.com\/es\/wp-json\/wp\/v2\/types\/post"}],"author":[{"embeddable":true,"href":"https:\/\/www.europesays.com\/es\/wp-json\/wp\/v2\/users\/2"}],"replies":[{"embeddable":true,"href":"https:\/\/www.europesays.com\/es\/wp-json\/wp\/v2\/comments?post=363257"}],"version-history":[{"count":0,"href":"https:\/\/www.europesays.com\/es\/wp-json\/wp\/v2\/posts\/363257\/revisions"}],"wp:featuredmedia":[{"embeddable":true,"href":"https:\/\/www.europesays.com\/es\/wp-json\/wp\/v2\/media\/363258"}],"wp:attachment":[{"href":"https:\/\/www.europesays.com\/es\/wp-json\/wp\/v2\/media?parent=363257"}],"wp:term":[{"taxonomy":"category","embeddable":true,"href":"https:\/\/www.europesays.com\/es\/wp-json\/wp\/v2\/categories?post=363257"},{"taxonomy":"post_tag","embeddable":true,"href":"https:\/\/www.europesays.com\/es\/wp-json\/wp\/v2\/tags?post=363257"}],"curies":[{"name":"wp","href":"https:\/\/api.w.org\/{rel}","templated":true}]}}