{"id":363406,"date":"2026-01-27T02:53:09","date_gmt":"2026-01-27T02:53:09","guid":{"rendered":"https:\/\/www.europesays.com\/es\/363406\/"},"modified":"2026-01-27T02:53:09","modified_gmt":"2026-01-27T02:53:09","slug":"robert-moreno-despedido-por-usar-chatgpt","status":"publish","type":"post","link":"https:\/\/www.europesays.com\/es\/363406\/","title":{"rendered":"Robert Moreno, despedido por usar ChatGPT"},"content":{"rendered":"<p><a class=\"v-mdl-ath__fig-a\" href=\"https:\/\/www.lasprovincias.es\/autor\/marc-escribano-5826.html\" title=\"Marc Escribano\" rel=\"nofollow noopener\" target=\"_blank\"><br \/>\n<img decoding=\"async\" class=\"v-mdl-ath__img\" src=\"https:\/\/www.europesays.com\/es\/wp-content\/uploads\/2025\/08\/autor-5826-foto-1.jpeg\" alt=\"Marc Escribano\"\/><br \/>\n<\/a><\/p>\n<p class=\"v-mdl-ath__p v-mdl-ath__p--6\">\nLunes, 26 de enero 2026<\/p>\n<p>| Actualizado 27\/01\/2026 01:37h.<\/p>\n<p class=\"v-p\">La tecnolog\u00eda ha llegado a nuestras vidas para solucionarnos muchas cosas, pero en ning\u00fan caso, para ahorrarnos el trabajo que se debe hacer para conseguir \u00e9xitos. Sin esfuerzo y dedicaci\u00f3n no se consigue nada. No hay atajos que valgan. Y as\u00ed lo ha aprendido, de la manera m\u00e1s dura posible, un exseleccionador espa\u00f1ol. Hablamos de Robert Moreno, cuya etapa como entrenador en Rusia ha terminado recientemente por una pol\u00e9mica relacionada con el ChatGPT. No obstante, <a href=\"https:\/\/www.lasprovincias.es\/deportes\/futbol\/robert-moreno-defiende-nunca-usado-chatgpt-preparar-20260126120143-nt.html\" target=\"_blank\" data-voc-vtm-id=\"in-text-traffic\" title=\"\u00e9l se ha defendido\" rel=\"nofollow noopener\">\u00e9l se ha defendido<\/a>.<\/p>\n<p class=\"v-p\">El t\u00e9cnico catal\u00e1n emergi\u00f3 en el mundo del f\u00fatbol como asistente de Luis Enrique, tanto en el filial del Bar\u00e7a como en la Roma y el Celta. Posteriormente tambi\u00e9n acompa\u00f1\u00f3 a &#8216;Lucho&#8217; en el banquillo del primer equipo cul\u00e9, siguiendo al entrenador asturiano a la selecci\u00f3n espa\u00f1ola en 2018. Fue en esa \u00e9poca donde el nombre de Moreno pas\u00f3 al primer plano, ya que tras la renuncia temporal de Luis Enrique por motivos personales, el entonces segundo ocup\u00f3 el cargo de t\u00e9cnico interino, asumiendo la direcci\u00f3n absoluta. Un total de diez partidos dirigi\u00f3 como seleccionador. No obstante, Luis Enrique volvi\u00f3 a la selecci\u00f3n y decidi\u00f3 no contar m\u00e1s con Moreno, al que consideraba una persona desleal que le hab\u00eda traicionado.<\/p>\n<p><a href=\"http:\/\/www.lasprovincias.es\/deportes\/futbol\/robert-moreno-defiende-nunca-usado-chatgpt-preparar-20260126120143-nt.html#vtm_modulosEngag=mod-rel:deportes:noticia:1:cmp:1-not\" class=\"v-a-link\" aria-label=\"Imagen\" rel=\"nofollow noopener\" target=\"_blank\"><\/p>\n<p><img decoding=\"async\" loading=\"lazy\" src=\"https:\/\/www.europesays.com\/es\/wp-content\/uploads\/2026\/01\/108130313-U22345147443jqF-366x256@Las Provincias.jpg\" class=\"v-a-img\" alt=\"\" data-voc-vtm-id=\"in-text-traffic\" width=\"366\" height=\"256\"\/><\/p>\n<p><\/a><\/p>\n<p class=\"v-p\">\u00abVoy a ponerme en el otro punto de vista: entiendo que le haga ilusi\u00f3n, que es la oportunidad de su vida, ha trabajado mucho y es ambicioso, que es una cualidad a valorar, pero para m\u00ed es desleal, yo no lo har\u00eda y no quiero a nadie con esas caracter\u00edsticas en mi staff. La ambici\u00f3n desmedida no es una virtud, sino un gran defecto\u00bb, dijo Luis Enrique sobre un Moreno que emprendi\u00f3 una carrera como entrenador en solitario, empezando por el M\u00f3naco de la Ligue 1 en 2019. Dur\u00f3 trece partidos hasta ser despedido. De ah\u00ed pas\u00f3 al Granada, donde dirigi\u00f3 las primeras 27 jornadas, siendo tambi\u00e9n cesado de un equipo que acab\u00f3 descendiendo.<\/p>\n<p class=\"v-p\">Tras un imp\u00e1s de un par de a\u00f1os sin trabajar, Moreno asumi\u00f3 el cargo de entrenador del FK Sochi ruso en diciembre de 2023. En algo m\u00e1s de dos a\u00f1os le dio tiempo a descender de la primera divisi\u00f3n de Rusia, volver a ascender, y ser despedido en septiembre de 2025, tras ser colista despu\u00e9s de siete jornadas disputadas. Pero la noticia salt\u00f3 en Rusia cuando Andrei Orlov, exdirector general del Sochi, acus\u00f3 a Moreno de utilizar la inteligencia artificial para elegir las alineaciones, intentar acertar con las sustituciones, o usar pr\u00e1cticas extravagantes como despertar a los jugadores de madrugada. <\/p>\n<p class=\"v-p\">Pero lo m\u00e1s rocambolesco es una de las confesiones de Orlov, en las que asegura que Moreno mantuvo a sus jugadores despiertos sin dormir durante m\u00e1s de 28 horas, ya que ChatGPT le hab\u00eda recomendado que era una buena forma de mantenerlos activos antes de un partido. \u00abLe pregunt\u00e9: Robert, todo est\u00e1 genial pero, \u00bfcu\u00e1ndo dormir\u00e1n los chicos? Para Moreno, ChatGPT se convirti\u00f3 en una de las principales herramientas de trabajo\u00bb, se\u00f1alaba Orlov en una entrevista a un medio ruso. Y no acaba ah\u00ed. El exseleccionador Moreno habr\u00eda acudido a ChatGPT para encontrar un delantero en el mercado. Se fich\u00f3 al kazajo Artur Shushenachev y no sali\u00f3 bien.<\/p>\n<p>Reporta un error<\/p>\n","protected":false},"excerpt":{"rendered":"Lunes, 26 de enero 2026 | Actualizado 27\/01\/2026 01:37h. La tecnolog\u00eda ha llegado a nuestras vidas para solucionarnos&hellip;\n","protected":false},"author":2,"featured_media":363407,"comment_status":"","ping_status":"","sticky":false,"template":"","format":"standard","meta":{"footnotes":""},"categories":[268],"tags":[1275,168,11790,25,24,280,282,1712,12027,281,23,167,20479],"class_list":["post-363406","post","type-post","status-publish","format-standard","has-post-thumbnail","category-futbol","tag-chatgpt","tag-deportes","tag-despedido","tag-es","tag-espana","tag-football","tag-futbol","tag-moreno","tag-robert","tag-soccer","tag-spain","tag-sports","tag-usar"],"share_on_mastodon":{"url":"https:\/\/pubeurope.com\/@es\/115964805463579742","error":""},"_links":{"self":[{"href":"https:\/\/www.europesays.com\/es\/wp-json\/wp\/v2\/posts\/363406","targetHints":{"allow":["GET"]}}],"collection":[{"href":"https:\/\/www.europesays.com\/es\/wp-json\/wp\/v2\/posts"}],"about":[{"href":"https:\/\/www.europesays.com\/es\/wp-json\/wp\/v2\/types\/post"}],"author":[{"embeddable":true,"href":"https:\/\/www.europesays.com\/es\/wp-json\/wp\/v2\/users\/2"}],"replies":[{"embeddable":true,"href":"https:\/\/www.europesays.com\/es\/wp-json\/wp\/v2\/comments?post=363406"}],"version-history":[{"count":0,"href":"https:\/\/www.europesays.com\/es\/wp-json\/wp\/v2\/posts\/363406\/revisions"}],"wp:featuredmedia":[{"embeddable":true,"href":"https:\/\/www.europesays.com\/es\/wp-json\/wp\/v2\/media\/363407"}],"wp:attachment":[{"href":"https:\/\/www.europesays.com\/es\/wp-json\/wp\/v2\/media?parent=363406"}],"wp:term":[{"taxonomy":"category","embeddable":true,"href":"https:\/\/www.europesays.com\/es\/wp-json\/wp\/v2\/categories?post=363406"},{"taxonomy":"post_tag","embeddable":true,"href":"https:\/\/www.europesays.com\/es\/wp-json\/wp\/v2\/tags?post=363406"}],"curies":[{"name":"wp","href":"https:\/\/api.w.org\/{rel}","templated":true}]}}