{"id":36361,"date":"2025-08-09T16:47:13","date_gmt":"2025-08-09T16:47:13","guid":{"rendered":"https:\/\/www.europesays.com\/es\/36361\/"},"modified":"2025-08-09T16:47:13","modified_gmt":"2025-08-09T16:47:13","slug":"valle-salvaje-resumen-de-los-capitulos-225-al-229-en-tve-y-netflix","status":"publish","type":"post","link":"https:\/\/www.europesays.com\/es\/36361\/","title":{"rendered":"&#8216;Valle Salvaje&#8217;, resumen de los cap\u00edtulos 225 al 229 en TVE y Netflix"},"content":{"rendered":"<p data-journey-content=\"true\" data-node-id=\"2\" class=\"css-i9p093 emevuu60\">Esta semana en &#8216;<a href=\"https:\/\/www.diezminutos.es\/valle-salvaje\/\" target=\"_blank\" data-vars-ga-outbound-link=\"https:\/\/www.diezminutos.es\/valle-salvaje\/\" data-vars-ga-ux-element=\"Hyperlink\" data-vars-ga-call-to-action=\"Valle Salvaje\" data-node-id=\"2.1\" class=\"body-link css-177bzfx emevuu60\" rel=\"nofollow noopener\">Valle Salvaje<\/a>&#8216;, la Casa Peque\u00f1a se envolvi\u00f3 en un aire de alivio y esperanza. Despu\u00e9s de tanto sufrimiento y noches de incertidumbre, por fin la calma pareci\u00f3 posarse sobre sus habitantes. Sin embargo, <strong data-node-id=\"2.3\">la paz fue esquiva para Jos\u00e9 Luis. <\/strong>Su coraz\u00f3n ard\u00eda con una rabia que no conoc\u00eda tregua; la venganza se convirti\u00f3 en su \u00fanico objetivo. Con furia contenida, jur\u00f3 que nadie que le hubiera causado da\u00f1o quedar\u00eda impune. <a href=\"https:\/\/www.diezminutos.es\/telenovela\/espanolas\/a65547381\/inma-sancho-motivo-abandono-valle-salvaje-serie-tve-netflix\/\" target=\"_blank\" data-vars-ga-outbound-link=\"https:\/\/www.diezminutos.es\/telenovela\/espanolas\/a65547381\/inma-sancho-motivo-abandono-valle-salvaje-serie-tve-netflix\/\" data-vars-ga-ux-element=\"Hyperlink\" data-vars-ga-call-to-action=\"Su alma se consumi\u00f3 en un fuego oscuro\" data-node-id=\"2.5\" class=\"body-link css-177bzfx emevuu60\" rel=\"nofollow noopener\">Su alma se consumi\u00f3 en un fuego oscuro<\/a>, dispuesto a arder hasta que se hiciera justicia a su modo.<\/p>\n<p><img alt=\"valle salvaje serie tve\" title=\"valle salvaje serie tve\" loading=\"lazy\" width=\"4096\" height=\"2731\" decoding=\"async\" data-nimg=\"1\" style=\"color:transparent;width:100%;height:auto;\"   src=\"https:\/\/www.europesays.com\/es\/wp-content\/uploads\/2025\/08\/valle-salvaje-horario-nuevo-6847ede916072.jpg\" class=\"css-0 e1g79fud0\"\/><\/p>\n<p>RTVE<\/p>\n<p>Jos\u00e9 Luis fue a por Mercedes y Bernardo en &#8216;Valle Salvaje&#8217;<\/p>\n<p data-journey-content=\"true\" data-node-id=\"5\" class=\"css-i9p093 emevuu60\">En medio de esta tormenta de emociones, Julio enfrent\u00f3 su propio drama: la desaparici\u00f3n de una carta decisiva, un documento que sellaba el destino de \u00darsula y que pod\u00eda trastocar la suerte de muchos. Su p\u00e9rdida amenaz\u00f3 con deshacer planes y despertar viejas conspiraciones. Entre los susurros de secretos,<strong data-node-id=\"5.1\"> una carta rompi\u00f3 el silencio: la misiva que Leonardo envi\u00f3 a Irene. <\/strong>Su contenido fue tan impactante que desestabiliz\u00f3 los pilares de alianzas que parec\u00edan inquebrantables. El eco de sus revelaciones se sinti\u00f3 en cada rinc\u00f3n, sembrando incertidumbre.<\/p>\n<p data-journey-content=\"true\" data-node-id=\"6\" class=\"css-i9p093 emevuu60\">Jos\u00e9 Luis no detuvo su marcha. Convoc\u00f3 a Mercedes y Bernardo con un prop\u00f3sito trascendental relacionado con su boda, mientras encarg\u00f3 a Atanasio, su fiel secretario, ordenar sus asuntos financieros. Pero entre papeles y archivos, <strong data-node-id=\"6.1\">Atanasio descubri\u00f3 algo inesperado<\/strong> que a\u00f1adi\u00f3 nuevas sombras al entramado de intrigas. Adriana, por su parte, logr\u00f3 reunir pruebas irrefutables que desvelaron la alianza oculta entre Julio y \u00darsula, una verdad mantenida en las sombras, capaz de cambiarlo todo. Esta informaci\u00f3n se convirti\u00f3 en la llave que pod\u00eda abrir las puertas del enga\u00f1o.<\/p>\n<p>Mercedes quiso venganza en &#8216;Valle Salvaje&#8217;<img alt=\"valle salvaje\" title=\"Valle Salvaje\" loading=\"lazy\" width=\"1920\" height=\"1280\" decoding=\"async\" data-nimg=\"1\" style=\"color:transparent;width:100%;height:auto;\"   src=\"https:\/\/www.europesays.com\/es\/wp-content\/uploads\/2025\/08\/cap-227-1-688b47e03852c.jpg\" class=\"css-0 e1g79fud0\"\/><\/p>\n<p>Add TVE<\/p>\n<p data-journey-content=\"true\" data-node-id=\"10\" class=\"css-i9p093 emevuu60\">La tensi\u00f3n se intensific\u00f3 cuando Atanasio, decidido a confirmar un inquietante hallazgo sobre el duque, despert\u00f3 el miedo y la ansiedad en Matilde, quien vio c\u00f3mo sus cimientos se resquebrajaban. Mientras tanto, Victoria, Bernardo y Mercedes actuaron con precisi\u00f3n para mantener sus secretos. Mercedes, ante la tumba de Pilara, jur\u00f3 venganza: <strong data-node-id=\"10.1\">\u201cTe har\u00e9 justicia, hermana\u201d<\/strong>. A un d\u00eda de la boda del duque y Victoria, Mercedes sorprendi\u00f3 a Bernardo con una decisi\u00f3n inesperada que amenaz\u00f3 con derribar no solo la ceremonia, sino tambi\u00e9n sus vidas. Rafael y Adriana se entregaron a su pasi\u00f3n, ignorantes de que una mirada vigilante los acechaba. Ellos so\u00f1aron con huir, con empezar juntos una vida lejos de todo, pregunt\u00e1ndose si, finalmente, la felicidad estaba al alcance.<\/p>\n<p><img src=\"https:\/\/www.europesays.com\/es\/wp-content\/uploads\/2025\/08\/1754758033_498_43af9b8f-983e-4e74-8e74-9a7479b0966b_1681831601.file\" alt=\"Headshot of Pilar Mart\u00ednez\" title=\"Headshot of Pilar Mart\u00ednez\" width=\"100%\" height=\"100%\" decoding=\"async\" loading=\"lazy\" class=\"css-o0wq4v ev8dhu53\"\/><\/p>\n<p>Pilar Mart\u00ednez es periodista especializada en contenidos de televisi\u00f3n y cultura, se gradu\u00f3 en la carrera en Periodismo en la Facultad de Ciencias de la Informaci\u00f3n (Universidad Complutense de Madrid) en el a\u00f1o 2018. Desde entonces ha pasado por las redacciones de Ecoteuve (El Economista), donde realiz\u00f3 sus primeras pr\u00e1cticas durante el verano del 2016.<\/p>\n<p>Posteriormente, concretamente, en el a\u00f1o 2017 se pas\u00f3 al grupo Hearst Espa\u00f1a, donde comenz\u00f3 su andadura en las revistas de televisi\u00f3n: Supertele, Teleprograma, Telenovela. Ahora colabora con Diez Minutos, en su versi\u00f3n web, donde se encarga de realizar los avances semanales de las ficciones diarias de moda, as\u00ed como entrevistas y art\u00edculos sobre los melodramas o telenovelas que aterrizan en nuestro pa\u00eds y aquellos que est\u00e1n por venir.<\/p>\n<p>Toda una cazadora de exclusivas. A esto, se suma su puesto como redactora jefe de la secci\u00f3n de novela narrativa en la revista Culturamas, medio digital de alto impacto al que lleva unida desde el a\u00f1o 2013. \u00c1vida lectora, cin\u00e9fila y seri\u00e9fila de primer nivel, ha hecho de su vocaci\u00f3n su oficio. \u00a0<\/p>\n","protected":false},"excerpt":{"rendered":"Esta semana en &#8216;Valle Salvaje&#8216;, la Casa Peque\u00f1a se envolvi\u00f3 en un aire de alivio y esperanza. Despu\u00e9s&hellip;\n","protected":false},"author":2,"featured_media":27828,"comment_status":"","ping_status":"","sticky":false,"template":"","format":"standard","meta":{"footnotes":""},"categories":[171],"tags":[253,146,147,25,24,23,214],"class_list":{"0":"post-36361","1":"post","2":"type-post","3":"status-publish","4":"format-standard","5":"has-post-thumbnail","7":"category-tv","8":"tag-discover","9":"tag-entertainment","10":"tag-entretenimiento","11":"tag-es","12":"tag-espana","13":"tag-spain","14":"tag-tv"},"share_on_mastodon":{"url":"","error":""},"_links":{"self":[{"href":"https:\/\/www.europesays.com\/es\/wp-json\/wp\/v2\/posts\/36361","targetHints":{"allow":["GET"]}}],"collection":[{"href":"https:\/\/www.europesays.com\/es\/wp-json\/wp\/v2\/posts"}],"about":[{"href":"https:\/\/www.europesays.com\/es\/wp-json\/wp\/v2\/types\/post"}],"author":[{"embeddable":true,"href":"https:\/\/www.europesays.com\/es\/wp-json\/wp\/v2\/users\/2"}],"replies":[{"embeddable":true,"href":"https:\/\/www.europesays.com\/es\/wp-json\/wp\/v2\/comments?post=36361"}],"version-history":[{"count":0,"href":"https:\/\/www.europesays.com\/es\/wp-json\/wp\/v2\/posts\/36361\/revisions"}],"wp:featuredmedia":[{"embeddable":true,"href":"https:\/\/www.europesays.com\/es\/wp-json\/wp\/v2\/media\/27828"}],"wp:attachment":[{"href":"https:\/\/www.europesays.com\/es\/wp-json\/wp\/v2\/media?parent=36361"}],"wp:term":[{"taxonomy":"category","embeddable":true,"href":"https:\/\/www.europesays.com\/es\/wp-json\/wp\/v2\/categories?post=36361"},{"taxonomy":"post_tag","embeddable":true,"href":"https:\/\/www.europesays.com\/es\/wp-json\/wp\/v2\/tags?post=36361"}],"curies":[{"name":"wp","href":"https:\/\/api.w.org\/{rel}","templated":true}]}}