{"id":363998,"date":"2026-01-27T10:37:12","date_gmt":"2026-01-27T10:37:12","guid":{"rendered":"https:\/\/www.europesays.com\/es\/363998\/"},"modified":"2026-01-27T10:37:12","modified_gmt":"2026-01-27T10:37:12","slug":"la-lluvia-que-durara-anos-la-exposicion-fotografica-en-caceres-que-retrata-la-dana-de-valencia-fue-realmente-impactante","status":"publish","type":"post","link":"https:\/\/www.europesays.com\/es\/363998\/","title":{"rendered":"&#8216;La lluvia que durar\u00e1 a\u00f1os&#8217;, la exposici\u00f3n fotogr\u00e1fica en C\u00e1ceres que retrata la Dana de Valencia: \u00abFue realmente impactante\u00bb"},"content":{"rendered":"<p class=\"ft-text\">Han pasado <strong>456 d\u00edas<\/strong>, lo equivalente a casi 1 a\u00f1o y 3 meses, y sigue doliendo como el primer d\u00eda. La <strong>Dana de Valencia<\/strong> ser\u00e1 recordada en la historia de Espa\u00f1a como un <strong>cap\u00edtulo tr\u00e1gico<\/strong>, una mancha muy dif\u00edcil de olvidar, sobre todo para aquellos que lo vivieron.<\/p>\n<p class=\"ft-text\">No olvidarlo y quedarse con la sensaci\u00f3n de haber conocido lo que fue como si hubieras estado all\u00ed es el objetivo que persigue <strong>Francis Gonz\u00e1lez<\/strong>, autor de la exposici\u00f3n fotogr\u00e1fica &#8216;<strong>La lluvia que durar\u00e1 a\u00f1os<\/strong>&#8216;, visitable en el <strong>Espacio UEx<\/strong> de la avenida Virgen de la Monta\u00f1a de C\u00e1ceres.<\/p>\n<p class=\"ft-text\">La exposici\u00f3n, visitable <strong>hasta el 20 de febrero<\/strong>, muestra <strong>25 im\u00e1genes<\/strong> tomadas por el fot\u00f3grafo cacere\u00f1o cuando fue a cubrir los hechos como c\u00e1mara de un corresponsal de un medio latinoamericano. Con m\u00e1s de 200 fallecidos, miles de viviendas afectadas y p\u00e9rdidas materiales millonarias, Gonz\u00e1lez muestra en las fotograf\u00edas c\u00f3mo era pasear por zonas como <strong>Paiporta, Picanya o Utiel<\/strong> en los d\u00edas posteriores al suceso. Incluso un mes despu\u00e9s, que le toc\u00f3 volver, y pudo comprobar que \u00ab<strong>el panorama era mucho peor, m\u00e1s impactante que los primeros momentos<\/strong>\u00bb.<\/p>\n<p>El pueblo salva al pueblo<\/p>\n<p class=\"ft-text\">En una palabra, tras pens\u00e1rselo bastante, dir\u00eda que fue \u00ab<strong>impactante<\/strong>\u00bb. Rememora a este diario lo que vio esos d\u00edas. \u00abYo me <strong>emociono <\/strong>cuando pienso en el tema de los voluntarios. Fue el famoso &#8216;<strong>el pueblo salva al pueblo<\/strong>&#8216;\u00bb, cuenta. \u00abLos espa\u00f1oles en general estuvieron muy por encima de lo que es la bandera y el Estado. Muy por encima. Ayudando, limpiando, dispuestos, con sonrisas en la cara. El que pod\u00eda, y el que no pod\u00eda, empujando a andar al de al lado\u00bb.<\/p>\n<p class=\"ft-text\">Lo compara, salvando distancias, con la tragedia m\u00e1s reciente, la del <strong>tren de Adamuz<\/strong>. \u00abCon el tren de Adamuz lo hemos vivido muy parecido. No a esos niveles, pero<strong> hemos vivido cosas muy parecidas<\/strong>. Es decir, al fin y al cabo, \u00bfla primera respuesta qui\u00e9n te la da? No te la dan las instituciones, te la dan los ciudadanos. Y es para indignarse un poquito. <strong>Ese tema nos tendr\u00eda que picar m\u00e1s<\/strong>\u00bb.<\/p>\n<p class=\"ft-text\">Nacido en C\u00e1ceres en 1995, eligi\u00f3 la <strong>Universidad de Extremadura<\/strong> como altavoz no pol\u00edtico de la exposici\u00f3n, contando con la colaboraci\u00f3n de su profesor de Fotoperiodismo, <strong>Javier Trabadela<\/strong>, as\u00ed como la de <strong>Sergio Rodrigo<\/strong> e <strong>Ignacio Lia\u00f1o<\/strong>, ambos periodistas, en forma de textos.<\/p>\n<p class=\"ft-text\">\u00abYo no pensaba que eso pod\u00eda ser en Espa\u00f1a, ni mucho menos en <strong>Valencia<\/strong>\u00bb, recuerda. Un paisaje apocal\u00edptico que dur\u00f3 semanas. \u00abT\u00fa ves las noticias, la riada y tal, pero al momento que t\u00fa llegas al garaje, ves el tema de los <strong>olores<\/strong>, ves los coches, los veh\u00edculos enteros por dentro, ves a la gente all\u00ed limpiando, afectados, uno que termina de limpiar, se pone all\u00ed a comer, <strong>con las manos llenas de barro&#8230;<\/strong> eso era tremendo, <strong>me choc\u00f3 un mont\u00f3n<\/strong>\u00bb.<\/p>\n<p>25 im\u00e1genes<\/p>\n<p class=\"ft-text\">Todo esto se puede observar a trav\u00e9s de su objetivo en <strong>25 fotograf\u00edas<\/strong> que muestran desde vecinos, sea desolados o ayudando, hasta agentes colaborando. En algunas tambi\u00e9n se pod\u00eda ver esa iron\u00eda de la vida de mezclar lo cotidiano con lo embarrado.<\/p>\n<p><img decoding=\"async\" src=\"https:\/\/www.europesays.com\/es\/wp-content\/uploads\/2026\/01\/366d4e68-77b0-455c-8ff5-e6d7ce3ab71d_alta-libre-aspect-ratio_default_0_x640y284.jpg\" width=\"1200\" height=\"801\" alt=\"Imagen de la exposici\u00f3n.\" class=\"ft-helper-img-rd\" loading=\"lazy\"\/><\/p>\n<p class=\"ft-helper-fontColor-quaternary ft-helper-fontSize-body-S ft-helper-spacer-t-xxs\">Imagen de la exposici\u00f3n.  \/ Pablo Parra<\/p>\n<p class=\"ft-text\">A\u00fan hoy impacta ver las im\u00e1genes de los <strong>coches apilados<\/strong>. Con un horario de lunes a viernes de 10 a 14 y de 17 a 21 horas, y entrada gratuita hasta el 20 de febrero, &#8216;<strong>La lluvia que durar\u00e1 a\u00f1os<\/strong>&#8216; invita a reflexionar y recordar a los m\u00e1s de 200 fallecidos. Ha llegado a C\u00e1ceres tras pasar por la Facultad de Ciencias de la Documentaci\u00f3n y la Comunicaci\u00f3n de <strong>Badajoz<\/strong>, y tras la ciudad natal de autor, pondr\u00e1 rumbo a <strong>M\u00e1laga<\/strong>.<\/p>\n<p class=\"ft-text\">Pueden pasar meses y meses, pero el recuerdo de esos d\u00edas es seguro que durar\u00e1 a\u00f1os. <strong>La triste lluvia de esos d\u00edas durar\u00e1 a\u00f1os<\/strong>.<\/p>\n","protected":false},"excerpt":{"rendered":"Han pasado 456 d\u00edas, lo equivalente a casi 1 a\u00f1o y 3 meses, y sigue doliendo como el&hellip;\n","protected":false},"author":2,"featured_media":363999,"comment_status":"","ping_status":"","sticky":false,"template":"","format":"standard","meta":{"footnotes":""},"categories":[173],"tags":[988,229,233,231,230,3975,1681,44378,232,234,13729,146,147,25,24,2003,8420,18712,260,1479,23,80996,235],"class_list":["post-363998","post","type-post","status-publish","format-standard","has-post-thumbnail","category-arte-y-diseno","tag-anos","tag-arte","tag-arte-y-diseno","tag-arts","tag-arts-and-design","tag-caceres","tag-dana","tag-dana-valencia","tag-design","tag-diseno","tag-durara","tag-entertainment","tag-entretenimiento","tag-es","tag-espana","tag-exposicion","tag-fotografias","tag-fotografica","tag-gente","tag-lluvia","tag-spain","tag-universidad-de-extremadura","tag-valencia"],"share_on_mastodon":{"url":"https:\/\/pubeurope.com\/@es\/115966629782545498","error":""},"_links":{"self":[{"href":"https:\/\/www.europesays.com\/es\/wp-json\/wp\/v2\/posts\/363998","targetHints":{"allow":["GET"]}}],"collection":[{"href":"https:\/\/www.europesays.com\/es\/wp-json\/wp\/v2\/posts"}],"about":[{"href":"https:\/\/www.europesays.com\/es\/wp-json\/wp\/v2\/types\/post"}],"author":[{"embeddable":true,"href":"https:\/\/www.europesays.com\/es\/wp-json\/wp\/v2\/users\/2"}],"replies":[{"embeddable":true,"href":"https:\/\/www.europesays.com\/es\/wp-json\/wp\/v2\/comments?post=363998"}],"version-history":[{"count":0,"href":"https:\/\/www.europesays.com\/es\/wp-json\/wp\/v2\/posts\/363998\/revisions"}],"wp:featuredmedia":[{"embeddable":true,"href":"https:\/\/www.europesays.com\/es\/wp-json\/wp\/v2\/media\/363999"}],"wp:attachment":[{"href":"https:\/\/www.europesays.com\/es\/wp-json\/wp\/v2\/media?parent=363998"}],"wp:term":[{"taxonomy":"category","embeddable":true,"href":"https:\/\/www.europesays.com\/es\/wp-json\/wp\/v2\/categories?post=363998"},{"taxonomy":"post_tag","embeddable":true,"href":"https:\/\/www.europesays.com\/es\/wp-json\/wp\/v2\/tags?post=363998"}],"curies":[{"name":"wp","href":"https:\/\/api.w.org\/{rel}","templated":true}]}}