{"id":36428,"date":"2025-08-09T17:25:12","date_gmt":"2025-08-09T17:25:12","guid":{"rendered":"https:\/\/www.europesays.com\/es\/36428\/"},"modified":"2025-08-09T17:25:12","modified_gmt":"2025-08-09T17:25:12","slug":"rafael-nadal-roger-federer-u-otro-novak-djokovic-eligio-a-su-mayor-rival-y-dejo-al-mundo-en-shock-marco-mi-carrera","status":"publish","type":"post","link":"https:\/\/www.europesays.com\/es\/36428\/","title":{"rendered":"\u00bfRafael Nadal, Roger Federer u otro? Novak Djokovic eligi\u00f3 a su mayor rival y dej\u00f3 al mundo en shock: \u00abMarc\u00f3 mi carrera\u00bb"},"content":{"rendered":"<p>La rivalidad entre el <strong><a href=\"https:\/\/bolavip.com\/cl\/tema\/novak-djokovic\" target=\"_blank\" title=\"serbio Novak Djokovic\" rel=\"nofollow noopener\">serbio Novak Djokovic<\/a><\/strong>, el <strong><a href=\"https:\/\/bolavip.com\/cl\/tema\/rafael-nadal\" target=\"_blank\" title=\"espa\u00f1ol Rafael Nadal\" rel=\"nofollow noopener\">espa\u00f1ol Rafael Nadal<\/a><\/strong> y el <strong><a href=\"https:\/\/bolavip.com\/cl\/tema\/roger-federer\" target=\"_blank\" title=\"suizo Roger Federer\" rel=\"nofollow noopener\">suizo Roger Federer<\/a> <\/strong>es considerada una de las m\u00e1s emblem\u00e1ticas en la historia del tenis moderno.<\/p>\n<p>Durante m\u00e1s de una d\u00e9cada, estos tres jugadores dominaron el circuito ATP, ganando la mayor\u00eda de los Grand Slams y entregando partidos memorables que capturaron la atenci\u00f3n de millones de fan\u00e1ticos alrededor del mundo.<\/p>\n<p>Cada uno con un estilo de juego \u00fanico, la competencia entre ellos no solo elev\u00f3 sus carreras sino que tambi\u00e9n impuls\u00f3 la popularidad global del tenis.<\/p>\n<p>  <strong>El nombre que Novak Djokovic no dud\u00f3 en dar como su mayor rival en el tenis: Rafael Nadal<\/strong> <\/p>\n<p>Antes de las finales de Copa Davis 2024 que se disputaron en M\u00e1laga, \u201cNole\u201d abri\u00f3 su coraz\u00f3n y habl\u00f3 sin filtros sobre qui\u00e9n considera su mayor rival y el impacto que esa rivalidad tuvo en su carrera y en su vida.<\/p>\n<p>\u201cRafael Nadal ha sido mi mayor rival, el que marc\u00f3 mi carrera. Fue inspirador para millones de ni\u00f1os que quieren jugar al tenis. Es un poco abrumador para m\u00ed, no s\u00e9 qu\u00e9 pensar. Yo todav\u00eda disfruto compitiendo, pero una parte importante de m\u00ed se va con ellos\u201d, mencion\u00f3 en su momento el ganador de 24 torneos de\u00a0Grand Slam.<\/p>\n<p>  <img decoding=\"async\" alt=\"\" aria-hidden=\"true\" class=\"i-amphtml-intrinsic-sizer\" role=\"presentation\" src=\"data:image\/svg+xml;base64,PHN2ZyBoZWlnaHQ9IjY4MyIgd2lkdGg9IjEwMjQiIHhtbG5zPSJodHRwOi8vd3d3LnczLm9yZy8yMDAwL3N2ZyIgdmVyc2lvbj0iMS4xIi8+\"\/> Para Novak Djokovic, el espa\u00f1ol Rafael Nadal fue su inspiraci\u00f3n | FOTO: Richard Pelham\/Getty Images <\/p>\n<p>\u201cTodos saben los nombres de los rivales m\u00e1s duros que he tenido. Federer y Nadal. Pero yo destacar\u00eda a Nadal como mi mayor oponente y mi mayor rival\u201d, concluy\u00f3.<\/p>\n<p> <strong>\u00bfCu\u00e1ntas veces se enfrentaron Novak Djokovic y Rafael Nadal? <\/strong> <\/p>\n<p>Ambos tenistas se vieron las caras en 60 oportunidades (r\u00e9cord en la Era Abierta), con un balance de 31 victorias para Novak Djokovic y 29 para Rafael Nadal.<\/p>\n","protected":false},"excerpt":{"rendered":"La rivalidad entre el serbio Novak Djokovic, el espa\u00f1ol Rafael Nadal y el suizo Roger Federer es considerada&hellip;\n","protected":false},"author":2,"featured_media":36429,"comment_status":"","ping_status":"","sticky":false,"template":"","format":"standard","meta":{"footnotes":""},"categories":[274],"tags":[168,25,24,547,3440,23,167,327,326],"class_list":{"0":"post-36428","1":"post","2":"type-post","3":"status-publish","4":"format-standard","5":"has-post-thumbnail","7":"category-tenis","8":"tag-deportes","9":"tag-es","10":"tag-espana","11":"tag-novak-djokovic","12":"tag-roger-federer","13":"tag-spain","14":"tag-sports","15":"tag-tenis","16":"tag-tennis"},"share_on_mastodon":{"url":"","error":""},"_links":{"self":[{"href":"https:\/\/www.europesays.com\/es\/wp-json\/wp\/v2\/posts\/36428","targetHints":{"allow":["GET"]}}],"collection":[{"href":"https:\/\/www.europesays.com\/es\/wp-json\/wp\/v2\/posts"}],"about":[{"href":"https:\/\/www.europesays.com\/es\/wp-json\/wp\/v2\/types\/post"}],"author":[{"embeddable":true,"href":"https:\/\/www.europesays.com\/es\/wp-json\/wp\/v2\/users\/2"}],"replies":[{"embeddable":true,"href":"https:\/\/www.europesays.com\/es\/wp-json\/wp\/v2\/comments?post=36428"}],"version-history":[{"count":0,"href":"https:\/\/www.europesays.com\/es\/wp-json\/wp\/v2\/posts\/36428\/revisions"}],"wp:featuredmedia":[{"embeddable":true,"href":"https:\/\/www.europesays.com\/es\/wp-json\/wp\/v2\/media\/36429"}],"wp:attachment":[{"href":"https:\/\/www.europesays.com\/es\/wp-json\/wp\/v2\/media?parent=36428"}],"wp:term":[{"taxonomy":"category","embeddable":true,"href":"https:\/\/www.europesays.com\/es\/wp-json\/wp\/v2\/categories?post=36428"},{"taxonomy":"post_tag","embeddable":true,"href":"https:\/\/www.europesays.com\/es\/wp-json\/wp\/v2\/tags?post=36428"}],"curies":[{"name":"wp","href":"https:\/\/api.w.org\/{rel}","templated":true}]}}