{"id":364501,"date":"2026-01-27T17:02:11","date_gmt":"2026-01-27T17:02:11","guid":{"rendered":"https:\/\/www.europesays.com\/es\/364501\/"},"modified":"2026-01-27T17:02:11","modified_gmt":"2026-01-27T17:02:11","slug":"sabalenka-pide-a-su-novio-que-se-vaya-para-lanzar-una-propuesta-a-alcaraz-espero-un-si","status":"publish","type":"post","link":"https:\/\/www.europesays.com\/es\/364501\/","title":{"rendered":"Sabalenka pide a su novio que se vaya para lanzar una propuesta a Alcaraz: \u00abEspero un s\u00ed\u00bb"},"content":{"rendered":"<p><strong>Aryna Sabalenka<\/strong> venci\u00f3 a la estadounidense Iva Jovic (6-3, 6-0) para seguir avanzando en el Abierto de Australia y jugar las semifinales del Grand Slam contra la ucraniana Elina Svit\u00f3lina. Al t\u00e9rmino del encuentro, la bielorrusa fue entrevistada por la exjugadora Jelena Dokic y revel\u00f3 <strong>cu\u00e1l ser\u00eda su regalo para Carlos Alcaraz<\/strong>, y ante el cual espera recibir un &#8216;s\u00ed&#8217; como respuesta.<\/p>\n<p>La extenista quiso hablar de otro tema distinto al tenis y comenz\u00f3 a exponer <strong>distintos aspectos que tienen en com\u00fan Sabalenka y Alcaraz<\/strong>: ambos han sido n\u00famero uno y campeones de Grand Slams. Alcaraz es actual campe\u00f3n del US Open, y ninguno hab\u00eda perdido ning\u00fan set en el camino hacia los cuartos de final del Abierto de Australia. Pero no solo eso, nacieron el mismo d\u00eda, aunque con cinco a\u00f1os de diferencia. La bielorrusa cumplir\u00e1 28 a\u00f1os el pr\u00f3ximo 5 de mayo, mientras el murciano har\u00e1 23.<\/p>\n<p>    Relacionado<\/p>\n<p>Intercambio de regalos<\/p>\n<p>Jelena Dokic lanz\u00f3 una propuesta a Sabalenka, que desde su punto de vista, tambi\u00e9n se podr\u00eda convertir en una tradici\u00f3n, hacerse un regalo mutuo. Despu\u00e9s de pensar unos segundos y mirar al p\u00fablico, donde se encontraba su novio, al que pregunt\u00f3 entre risas: \u00ab\u00bfPuedes irte?\u00bb La tenista lo tuvo claro: \u00ab<strong>Le ofrecer\u00eda un baile de TikTok<\/strong>\u00ab, asegur\u00f3. Y de la otra parte, \u00abme gustar\u00eda recibir un &#8216;s\u00ed&#8217; como respuesta\u00bb.<\/p>\n<blockquote class=\"twitter-tweet\"><p>&#13;<\/p>\n<p dir=\"ltr\" lang=\"es\">\u00abEl a\u00f1o pasado le obligu\u00e9 a hacerlo y siento que puedo hacerlo de nuevo\u00bb<\/p>\n<p>&#13;<br \/>\n\ud83d\udd7a La propuesta irrechazable de Sabalenka a Alcaraz que podr\u00eda repetirse como campeones del Open de Australia. <a href=\"https:\/\/twitter.com\/hashtag\/AusOpen?src=hash&amp;ref_src=twsrc%5Etfw\" target=\"_blank\" rel=\"nofollow noopener\">#AusOpen<\/a> <a href=\"https:\/\/twitter.com\/hashtag\/AO26?src=hash&amp;ref_src=twsrc%5Etfw\" target=\"_blank\" rel=\"nofollow noopener\">#AO26<\/a> <a href=\"https:\/\/t.co\/7J6hkBYgSA\" target=\"_blank\" rel=\"nofollow\">pic.twitter.com\/7J6hkBYgSA<\/a><\/p>\n<p>&#13;<br \/>\n\u2014 Eurosport.es (@Eurosport_ES) <a href=\"https:\/\/twitter.com\/Eurosport_ES\/status\/2015992990326464829?ref_src=twsrc%5Etfw\" target=\"_blank\" rel=\"nofollow noopener\">January 27, 2026<\/a><\/p><\/blockquote>\n<p>Adem\u00e1s, la bielorrusa record\u00f3 que \u00ab<strong>el a\u00f1o pasado lo obligu\u00e9 a hacerlo, as\u00ed que siento que puedo hacerlo de nuevo<\/strong>\u00ab. El momento dej\u00f3 otra escena divertida cuando Dokic sugiri\u00f3, en tono de broma, que Alcaraz le regalara un diamante a ella, consciente de que \u00able encantan\u00bb. A lo que ella respondi\u00f3 esbozando una sonrisa.<\/p>\n<p>            <script async src=\"https:\/\/platform.twitter.com\/widgets.js\" charset=\"utf-8\"><\/script><\/p>\n","protected":false},"excerpt":{"rendered":"Aryna Sabalenka venci\u00f3 a la estadounidense Iva Jovic (6-3, 6-0) para seguir avanzando en el Abierto de Australia&hellip;\n","protected":false},"author":2,"featured_media":364502,"comment_status":"","ping_status":"","sticky":false,"template":"","format":"standard","meta":{"footnotes":""},"categories":[274],"tags":[22762,545,168,15576,25,24,81048,7382,6044,23,167,327,326,5889],"class_list":["post-364501","post","type-post","status-publish","format-standard","has-post-thumbnail","category-tenis","tag-abierto-de-australia","tag-carlos-alcaraz","tag-deportes","tag-elina-svitolina","tag-es","tag-espana","tag-jelena-dokic","tag-regalo","tag-sabalenka","tag-spain","tag-sports","tag-tenis","tag-tennis","tag-tiktok"],"share_on_mastodon":{"url":"https:\/\/pubeurope.com\/@es\/115968143785727165","error":""},"_links":{"self":[{"href":"https:\/\/www.europesays.com\/es\/wp-json\/wp\/v2\/posts\/364501","targetHints":{"allow":["GET"]}}],"collection":[{"href":"https:\/\/www.europesays.com\/es\/wp-json\/wp\/v2\/posts"}],"about":[{"href":"https:\/\/www.europesays.com\/es\/wp-json\/wp\/v2\/types\/post"}],"author":[{"embeddable":true,"href":"https:\/\/www.europesays.com\/es\/wp-json\/wp\/v2\/users\/2"}],"replies":[{"embeddable":true,"href":"https:\/\/www.europesays.com\/es\/wp-json\/wp\/v2\/comments?post=364501"}],"version-history":[{"count":0,"href":"https:\/\/www.europesays.com\/es\/wp-json\/wp\/v2\/posts\/364501\/revisions"}],"wp:featuredmedia":[{"embeddable":true,"href":"https:\/\/www.europesays.com\/es\/wp-json\/wp\/v2\/media\/364502"}],"wp:attachment":[{"href":"https:\/\/www.europesays.com\/es\/wp-json\/wp\/v2\/media?parent=364501"}],"wp:term":[{"taxonomy":"category","embeddable":true,"href":"https:\/\/www.europesays.com\/es\/wp-json\/wp\/v2\/categories?post=364501"},{"taxonomy":"post_tag","embeddable":true,"href":"https:\/\/www.europesays.com\/es\/wp-json\/wp\/v2\/tags?post=364501"}],"curies":[{"name":"wp","href":"https:\/\/api.w.org\/{rel}","templated":true}]}}