{"id":36454,"date":"2025-08-09T17:38:09","date_gmt":"2025-08-09T17:38:09","guid":{"rendered":"https:\/\/www.europesays.com\/es\/36454\/"},"modified":"2025-08-09T17:38:09","modified_gmt":"2025-08-09T17:38:09","slug":"paula-echevarria-celebra-su-48o-cumpleanos-en-marbella-con-un-look-rosa-espectacular","status":"publish","type":"post","link":"https:\/\/www.europesays.com\/es\/36454\/","title":{"rendered":"Paula Echevarr\u00eda celebra su 48\u00ba cumplea\u00f1os en Marbella con un &#8216;look&#8217; rosa espectacular"},"content":{"rendered":"<p data-journey-content=\"true\" data-node-id=\"2\" class=\"css-i9p093 emevuu60\"><strong data-node-id=\"2.0\">Paula Echevarr\u00eda celebr\u00f3 anoche sus 48 a\u00f1os rodeada de su hija Daniela, su pareja Miguel Torres y un grupo de amigos en &#8216;Starlite<\/strong>&#8216;, un festival de m\u00fasica en Marbella al que la actriz acude cada verano.<\/p>\n<p data-journey-content=\"true\" data-node-id=\"3\" class=\"css-i9p093 emevuu60\">La celebraci\u00f3n de esta vuelta al sol comenz\u00f3 de forma \u00edntima, con una reuni\u00f3n familiar que Paula comparti\u00f3 en sus redes sociales ayer, pero l<strong data-node-id=\"3.1\">a gran fiesta lleg\u00f3 en Marbella, ciudad que se ha convertido en su escenario veraniego imprescindible<\/strong>. <\/p>\n<p data-journey-content=\"true\" data-node-id=\"4\" class=\"css-i9p093 emevuu60\">Para esta noche tan m\u00e1gica, la assturina apost\u00f3 por <strong data-node-id=\"4.1\">u<\/strong><strong data-node-id=\"4.2\">n vestido mini rosa de tirantes, con detalles geom\u00e9tricos rosas en relieve y tachuelas, una prenda que realzaba su espectacular figura. <\/strong>El estilismo lo complet\u00f3 con sandalias de tac\u00f3n fucsia, aportando un toque vibrante y de lo m\u00e1s &#8216;glam&#8217;. Este conjunto no s\u00f3lo resaltaba su bronceado, sino que confirmaba que, a sus 48 a\u00f1os, <strong data-node-id=\"4.4\">Paula Echevarr\u00eda sigue marcando tendencia con su estilo elegante y juvenil<\/strong>.<\/p>\n<p><strong data-node-id=\"6.0\">El 48\u00ba cumplea\u00f1os de Paula Echevarr\u00eda en Marbella<\/strong><\/p>\n<p data-journey-content=\"true\" data-node-id=\"7\" class=\"css-i9p093 emevuu60\">El &#8216;Starlite&#8217; Festival de Marbella es uno de los puntos de encuentro m\u00e1s glamurosos para las celebridades cada verano. Paula, fiel a la cita, no se pierde este evento, que combina m\u00fasica en vivo, gastronom\u00eda de autor y un ambiente \u00fanico.<\/p>\n<p data-journey-content=\"true\" data-node-id=\"8\" class=\"css-i9p093 emevuu60\">Con esta aparici\u00f3n, Echevarr\u00eda se suma a la lista de famosas que han deslumbrado en la Costa del Sol este 2025, reafirmando su posici\u00f3n como referente de estilo.<\/p>\n<p data-journey-content=\"true\" data-node-id=\"9\" class=\"css-i9p093 emevuu60\"><strong data-node-id=\"9.0\">Este &#8216;look&#8217; rosa elegido para celebrar su cumple\u00f1os es perfecto para las noches de verano que busquemos y brilla y, sobre todo, no pasar inadvertidas, <\/strong>confirmando que la moda es tambi\u00e9n una cuesti\u00f3n de actitud. <\/p>\n<p><img alt=\"paula echevarr\u00eda 48 cumplea\u00f1os\" title=\"Paula Echevarr\u00eda 48 cumplea\u00f1os\" loading=\"lazy\" width=\"1920\" height=\"1280\" decoding=\"async\" data-nimg=\"1\" style=\"color:transparent;width:100%;height:auto;\"   src=\"https:\/\/www.europesays.com\/es\/wp-content\/uploads\/2025\/08\/dl-u588982-007-689727d21da46.jpg\" class=\"css-0 e1g79fud0\"\/><\/p>\n<p>Gtress<\/p>\n<p><img alt=\"paula echevarr\u00eda 48 cumplea\u00f1os\" title=\"Paula Echevarr\u00eda 48 cumplea\u00f1os\" loading=\"lazy\" width=\"1280\" height=\"1920\" decoding=\"async\" data-nimg=\"1\" style=\"color:transparent;width:100%;height:auto;\"   src=\"https:\/\/www.europesays.com\/es\/wp-content\/uploads\/2025\/08\/dl-u588982-002-689727d30f492.jpg\" class=\"css-0 e1g79fud0\"\/><\/p>\n<p>Gtress<\/p>\n<p><img alt=\"paula echevarr\u00eda 48 cumplea\u00f1os\" title=\"Paula Echevarr\u00eda 48 cumplea\u00f1os\" loading=\"lazy\" width=\"1280\" height=\"1920\" decoding=\"async\" data-nimg=\"1\" style=\"color:transparent;width:100%;height:auto;\"   src=\"https:\/\/www.europesays.com\/es\/wp-content\/uploads\/2025\/08\/dl-u588983-022-689727d5732ae.jpg\" class=\"css-0 e1g79fud0\"\/><\/p>\n<p>Gtress<\/p>\n<p><img src=\"https:\/\/www.europesays.com\/es\/wp-content\/uploads\/2025\/08\/1754761089_171_fdb40614-5afb-491b-84a7-5d9b44b2dcde_1658480441.file\" alt=\"Headshot of Amanda Prado\" title=\"Headshot of Amanda Prado\" width=\"100%\" height=\"100%\" decoding=\"async\" loading=\"lazy\" class=\"css-o0wq4v ev8dhu53\"\/><\/p>\n<p>Amanda Prado es colaboradora de ELLE, experta en moda, tendencias y actualidad. Como buena defensora del periodismo multimedia, tambi\u00e9n es creadora de contenido para redes sociales (empez\u00f3 en Fotolog y ha terminado en TikTok). Su especialidad es localizar las nuevas tendencias de la pasarela y del street style. Amante del estilo boho, la ropa vintage y la moda sostenible. Especialista en transformar b\u00e1sicos en lookazos y en localizar joyitas textiles de donde crees que no se puede sacar nada. De las rom\u00e1nticas que a\u00fan compran en tienda f\u00edsica. \u00a0<\/p>\n<p>Descubrir qu\u00e9 llevan las famosas es otra de sus funciones. Adem\u00e1s de analizar qu\u00e9 prendas visten las celebrities (y, sobre todo, c\u00f3mo lo llevan, su estilo) tambi\u00e9n se encarga de cubrir todo lo que sucede en alfombras rojas y eventos de moda. No deja escapar ning\u00fan detalle del d\u00eda a d\u00eda que comparten las influencers y creadores de contenido en sus redes sociales o en los eventos a los que acuden. \u00a0<\/p>\n<p>Amanda Prado se gradu\u00f3 primero en Derecho y despu\u00e9s en Periodismo en la Universidad Rey Juan Carlos. En tercero de carrera result\u00f3 ganadora de la Superbeca Elle y trabaj\u00f3 durante un a\u00f1o en cuatro empresas: para el equipo de comunicaci\u00f3n de ZARA (Inditex), el departamento de Relaciones P\u00fablicas de Est\u00e9e Lauder, la agencia de comunicaci\u00f3n Equipo Singular y, por \u00faltimo, la redacci\u00f3n de la revista ELLE. Al terminar la beca comenz\u00f3 a colaborar en la revista Cosmopolitan cubriendo temas de belleza y moda y, tras varios a\u00f1os, regres\u00f3 a ELLE.\u00a0<\/p>\n","protected":false},"excerpt":{"rendered":"Paula Echevarr\u00eda celebr\u00f3 anoche sus 48 a\u00f1os rodeada de su hija Daniela, su pareja Miguel Torres y un&hellip;\n","protected":false},"author":2,"featured_media":36455,"comment_status":"","ping_status":"","sticky":false,"template":"","format":"standard","meta":{"footnotes":""},"categories":[91],"tags":[253,146,147,25,24,23],"class_list":{"0":"post-36454","1":"post","2":"type-post","3":"status-publish","4":"format-standard","5":"has-post-thumbnail","7":"category-entretenimiento","8":"tag-discover","9":"tag-entertainment","10":"tag-entretenimiento","11":"tag-es","12":"tag-espana","13":"tag-spain"},"share_on_mastodon":{"url":"","error":""},"_links":{"self":[{"href":"https:\/\/www.europesays.com\/es\/wp-json\/wp\/v2\/posts\/36454","targetHints":{"allow":["GET"]}}],"collection":[{"href":"https:\/\/www.europesays.com\/es\/wp-json\/wp\/v2\/posts"}],"about":[{"href":"https:\/\/www.europesays.com\/es\/wp-json\/wp\/v2\/types\/post"}],"author":[{"embeddable":true,"href":"https:\/\/www.europesays.com\/es\/wp-json\/wp\/v2\/users\/2"}],"replies":[{"embeddable":true,"href":"https:\/\/www.europesays.com\/es\/wp-json\/wp\/v2\/comments?post=36454"}],"version-history":[{"count":0,"href":"https:\/\/www.europesays.com\/es\/wp-json\/wp\/v2\/posts\/36454\/revisions"}],"wp:featuredmedia":[{"embeddable":true,"href":"https:\/\/www.europesays.com\/es\/wp-json\/wp\/v2\/media\/36455"}],"wp:attachment":[{"href":"https:\/\/www.europesays.com\/es\/wp-json\/wp\/v2\/media?parent=36454"}],"wp:term":[{"taxonomy":"category","embeddable":true,"href":"https:\/\/www.europesays.com\/es\/wp-json\/wp\/v2\/categories?post=36454"},{"taxonomy":"post_tag","embeddable":true,"href":"https:\/\/www.europesays.com\/es\/wp-json\/wp\/v2\/tags?post=36454"}],"curies":[{"name":"wp","href":"https:\/\/api.w.org\/{rel}","templated":true}]}}