{"id":364949,"date":"2026-01-27T22:40:07","date_gmt":"2026-01-27T22:40:07","guid":{"rendered":"https:\/\/www.europesays.com\/es\/364949\/"},"modified":"2026-01-27T22:40:07","modified_gmt":"2026-01-27T22:40:07","slug":"leon-xiv-llama-a-alzar-la-voz-por-la-paz","status":"publish","type":"post","link":"https:\/\/www.europesays.com\/es\/364949\/","title":{"rendered":"Le\u00f3n XIV llama a alzar la voz por la paz"},"content":{"rendered":"<p>En Castel Gandolfo, el Papa ofreci\u00f3 una breve declaraci\u00f3n a los periodistas frente a Villa Barberini y, al comentar la situaci\u00f3n en Medio Oriente, exhort\u00f3 a rezar constantemente por la paz. Recordando el Holocausto, en la actual Jornada de la Memoria, afirm\u00f3: \u201cLuchemos contra toda forma de antisemitismo\u201d&#13;\n<\/p>\n<p style=\"text-align: justify;\">Vatican News<\/p>\n<p style=\"text-align: justify;\">\u201cSolo digo que hay que rezar mucho por la paz\u201d. As\u00ed se expres\u00f3 el Papa Le\u00f3n XIV en una breve declaraci\u00f3n ofrecida este martes 27 de enero de 2026 al noticiero televisivo italiano \u00abTg2\u00bb y a otros medios presentes a la salida de Villa Barberini, su residencia en Castel Gandolfo, donde el Pont\u00edfice pas\u00f3 su habitual d\u00eda semanal de descanso y trabajo.<\/p>\n<p style=\"text-align: justify;\">Ante la pregunta de los periodistas sobre la situaci\u00f3n en Medio Oriente, en particular sobre la presencia en aguas de la regi\u00f3n del grupo de ataque naval encabezado por el portaaviones estadounidense Abraham Lincoln, el Pont\u00edfice volvi\u00f3 a hacer un llamado a la paz: \u201cNosotros, los peque\u00f1os, podemos alzar la voz y siempre buscamos el di\u00e1logo y no la violencia para resolver estos problemas\u201d, dijo, \u201cespecialmente en este d\u00eda que recuerda el Holocausto\u201d.<\/p>\n<p style=\"text-align: justify;\">Precisamente recordando la conmemoraci\u00f3n de hoy, el Papa Le\u00f3n reiter\u00f3 en Castel Gandolfo <a href=\"https:\/\/x.com\/Pontifex_es\/status\/2016111444409114746\" rel=\"external nofollow\" target=\"_blank\">lo que ya hab\u00eda afirmado hoy en su cuenta de X @Pontifex:<\/a> \u201cLuchemos contra todas las formas de antisemitismo\u201d.<\/p>\n<p>     <a href=\"https:\/\/www.vaticannews.va\/es\/papa\/news\/2026-01\/papa-shoah-holocausto-dia-memoria-auschwitz-papas.html\" title=\"Le\u00f3n XIV: la Iglesia firme contra toda forma de antisemitismo\" rel=\"nofollow noopener\" target=\"_blank\"><\/p>\n<p>        <img decoding=\"async\" src=\"data:image\/gif;base64,R0lGODlhAQABAIAAAAAAAP\/\/\/yH5BAEAAAAALAAAAAABAAEAAAIBRAA7\" data-original=\"https:\/\/www.vaticannews.va\/content\/dam\/vaticannews\/multimedia\/2019\/03\/12\/auschwitz-971904.jpg\/_jcr_content\/renditions\/cq5dam.thumbnail.cropped.500.281.jpeg\" alt=\"Le\u00f3n XIV: la Iglesia firme contra toda forma de antisemitismo\"\/><\/p>\n<p>      <\/a><\/p>\n<p>\n      Con motivo del D\u00eda de la Memoria, el Papa reafirma en una publicaci\u00f3n en X su fidelidad a la postura expresada en Nostra Aetate y la condena de toda discriminaci\u00f3n o acoso por &#8230;\n     <\/p>\n","protected":false},"excerpt":{"rendered":"En Castel Gandolfo, el Papa ofreci\u00f3 una breve declaraci\u00f3n a los periodistas frente a Villa Barberini y, al&hellip;\n","protected":false},"author":2,"featured_media":364950,"comment_status":"","ping_status":"","sticky":false,"template":"","format":"standard","meta":{"footnotes":""},"categories":[42],"tags":[3588,17,18,21102,13,14,11,61,62,63,64,61739,19,20,9,10,15,16,12359,400,11506,12,21,22,432,65,66,67],"class_list":["post-364949","post","type-post","status-publish","format-standard","has-post-thumbnail","category-internacional","tag-antisemitismo","tag-breaking-news","tag-breakingnews","tag-castel-gandolfo","tag-featured-news","tag-featurednews","tag-headlines","tag-internacional","tag-international","tag-international-news","tag-internationalnews","tag-jornada-mundial","tag-latest-news","tag-latestnews","tag-news","tag-noticias","tag-noticias-destacadas","tag-noticiasdestacadas","tag-oracion","tag-papa-leon-xiv","tag-paz","tag-titulares","tag-ultimas-noticias","tag-ultimasnoticias","tag-violencia","tag-world","tag-world-news","tag-worldnews"],"share_on_mastodon":{"url":"https:\/\/pubeurope.com\/@es\/115969472805562794","error":""},"_links":{"self":[{"href":"https:\/\/www.europesays.com\/es\/wp-json\/wp\/v2\/posts\/364949","targetHints":{"allow":["GET"]}}],"collection":[{"href":"https:\/\/www.europesays.com\/es\/wp-json\/wp\/v2\/posts"}],"about":[{"href":"https:\/\/www.europesays.com\/es\/wp-json\/wp\/v2\/types\/post"}],"author":[{"embeddable":true,"href":"https:\/\/www.europesays.com\/es\/wp-json\/wp\/v2\/users\/2"}],"replies":[{"embeddable":true,"href":"https:\/\/www.europesays.com\/es\/wp-json\/wp\/v2\/comments?post=364949"}],"version-history":[{"count":0,"href":"https:\/\/www.europesays.com\/es\/wp-json\/wp\/v2\/posts\/364949\/revisions"}],"wp:featuredmedia":[{"embeddable":true,"href":"https:\/\/www.europesays.com\/es\/wp-json\/wp\/v2\/media\/364950"}],"wp:attachment":[{"href":"https:\/\/www.europesays.com\/es\/wp-json\/wp\/v2\/media?parent=364949"}],"wp:term":[{"taxonomy":"category","embeddable":true,"href":"https:\/\/www.europesays.com\/es\/wp-json\/wp\/v2\/categories?post=364949"},{"taxonomy":"post_tag","embeddable":true,"href":"https:\/\/www.europesays.com\/es\/wp-json\/wp\/v2\/tags?post=364949"}],"curies":[{"name":"wp","href":"https:\/\/api.w.org\/{rel}","templated":true}]}}