{"id":36517,"date":"2025-08-09T18:25:06","date_gmt":"2025-08-09T18:25:06","guid":{"rendered":"https:\/\/www.europesays.com\/es\/36517\/"},"modified":"2025-08-09T18:25:06","modified_gmt":"2025-08-09T18:25:06","slug":"tres-citas-para-observar-las-lagrimas-de-san-lorenzo-en-huesca-capital-y-provincia-huesca","status":"publish","type":"post","link":"https:\/\/www.europesays.com\/es\/36517\/","title":{"rendered":"Tres citas para observar las l\u00e1grimas de San Lorenzo en Huesca capital y provincia | Huesca"},"content":{"rendered":"<p>La Agrupaci\u00f3n Astron\u00f3mica de Huesca invita un a\u00f1o m\u00e1s a la ciudadan\u00eda a disfrutar de<strong> las perseidas, conocidas popularmente como las l\u00e1grimas de San Lorenzo<\/strong>, en plena celebraci\u00f3n de las fiestas en honor al patr\u00f3n de la capital altoaragonesa.Para ello, se habilitar\u00e1n<strong> tres puntos de observaci\u00f3n en Monz\u00f3n, Sari\u00f1ena y Huesca<\/strong> durante dos jornadas: este domingo, 10 de agosto, y el martes, d\u00eda 12.<\/p>\n<p>El primer encuentro se celebrar\u00e1 este <strong>domingo <\/strong>a las 23:00 horas en la ermita de la Alegr\u00eda de <strong>Monz\u00f3n<\/strong>. El<strong> martes 12, d\u00eda del m\u00e1ximo previsto de actividad de esta lluvia de estrellas<\/strong>, la cita se repartir\u00e1 entre dos localizaciones: la parte trasera del edificio Ram\u00f3n y Cajal del <strong>Parque Tecnol\u00f3gico Walqa<\/strong>, en Huesca, y el hangar de avionetas de <strong>Sari\u00f1ena<\/strong>.<\/p>\n<p>La agrupaci\u00f3n advierte de que<strong> este a\u00f1o la observaci\u00f3n ser\u00e1 m\u00e1s complicada debido a que el fen\u00f3meno llega pocos d\u00edas despu\u00e9s de la luna llena<\/strong>, cuya iluminaci\u00f3n restar\u00e1 visibilidad a muchas de las estrellas fugaces.<\/p>\n<p>En cada sesi\u00f3n, se ofrecer\u00e1 una breve charla para <strong>explicar las caracter\u00edsticas del cielo nocturno de verano y el fen\u00f3meno de las perseidas<\/strong>, y se pondr\u00e1n a disposici\u00f3n varios telescopios para observar la luna y otros objetos celestes.<\/p>\n<p>La organizaci\u00f3n recomienda a las personas que asistan a estas observaciones llevar picnic, dado que no habr\u00e1 bares cercanos, as\u00ed como <strong>ropa de abrigo y una lona, esterilla o tumbona para disfrutar c\u00f3modamente del espect\u00e1culo <\/strong>astron\u00f3mico.<\/p>\n<p>Si quieres estar al d\u00eda de toda la actualidad, s\u00edguenos en redes sociales: <a href=\"https:\/\/www.instagram.com\/aragonnoticias\/\" target=\"_blank\" rel=\"noindex nofollow noopener\">Instagram<\/a>, <a href=\"https:\/\/www.facebook.com\/AragonNoticias\/\" target=\"_blank\" rel=\"noindex nofollow noopener\">Facebook<\/a>, <a href=\"https:\/\/x.com\/AragonNoticias_\" target=\"_blank\" rel=\"noindex nofollow\">X<\/a>, <a href=\"https:\/\/www.tiktok.com\/@aragonnoticias\" target=\"_blank\" rel=\"noindex nofollow noopener\">TikTok<\/a> y tambi\u00e9n en el canal de <a href=\"https:\/\/www.whatsapp.com\/channel\/0029Vb8OVLHB4hdK8lQZ1T1F\" target=\"_blank\" rel=\"noindex nofollow noopener\">WhatsApp<\/a>.<\/p>\n<p>            <script async src=\"\/\/www.instagram.com\/embed.js\"><\/script><script async src=\"\/\/www.tiktok.com\/embed.js\"><\/script><\/p>\n","protected":false},"excerpt":{"rendered":"La Agrupaci\u00f3n Astron\u00f3mica de Huesca invita un a\u00f1o m\u00e1s a la ciudadan\u00eda a disfrutar de las perseidas, conocidas&hellip;\n","protected":false},"author":2,"featured_media":36518,"comment_status":"","ping_status":"","sticky":false,"template":"","format":"standard","meta":{"footnotes":""},"categories":[81],"tags":[4499,4502,4501,119,123,124,4110,25,24,7080,4500,1448,117,121,122,23,118,120,214],"class_list":{"0":"post-36517","1":"post","2":"type-post","3":"status-publish","4":"format-standard","5":"has-post-thumbnail","7":"category-ciencia-y-tecnologia","8":"tag-aragon","9":"tag-aragonesa","10":"tag-cartv","11":"tag-ciencia","12":"tag-ciencia-y-tecnologia","13":"tag-cienciaytecnologia","14":"tag-corporacion","15":"tag-es","16":"tag-espana","17":"tag-noticia","18":"tag-publica","19":"tag-radio","20":"tag-science","21":"tag-science-and-technology","22":"tag-scienceandtechnology","23":"tag-spain","24":"tag-technology","25":"tag-tecnologia","26":"tag-tv"},"share_on_mastodon":{"url":"","error":""},"_links":{"self":[{"href":"https:\/\/www.europesays.com\/es\/wp-json\/wp\/v2\/posts\/36517","targetHints":{"allow":["GET"]}}],"collection":[{"href":"https:\/\/www.europesays.com\/es\/wp-json\/wp\/v2\/posts"}],"about":[{"href":"https:\/\/www.europesays.com\/es\/wp-json\/wp\/v2\/types\/post"}],"author":[{"embeddable":true,"href":"https:\/\/www.europesays.com\/es\/wp-json\/wp\/v2\/users\/2"}],"replies":[{"embeddable":true,"href":"https:\/\/www.europesays.com\/es\/wp-json\/wp\/v2\/comments?post=36517"}],"version-history":[{"count":0,"href":"https:\/\/www.europesays.com\/es\/wp-json\/wp\/v2\/posts\/36517\/revisions"}],"wp:featuredmedia":[{"embeddable":true,"href":"https:\/\/www.europesays.com\/es\/wp-json\/wp\/v2\/media\/36518"}],"wp:attachment":[{"href":"https:\/\/www.europesays.com\/es\/wp-json\/wp\/v2\/media?parent=36517"}],"wp:term":[{"taxonomy":"category","embeddable":true,"href":"https:\/\/www.europesays.com\/es\/wp-json\/wp\/v2\/categories?post=36517"},{"taxonomy":"post_tag","embeddable":true,"href":"https:\/\/www.europesays.com\/es\/wp-json\/wp\/v2\/tags?post=36517"}],"curies":[{"name":"wp","href":"https:\/\/api.w.org\/{rel}","templated":true}]}}