{"id":365186,"date":"2026-01-28T01:55:09","date_gmt":"2026-01-28T01:55:09","guid":{"rendered":"https:\/\/www.europesays.com\/es\/365186\/"},"modified":"2026-01-28T01:55:09","modified_gmt":"2026-01-28T01:55:09","slug":"los-cuatro-clubes-que-insisten-en-el-fichaje-de-cedric-bakambu","status":"publish","type":"post","link":"https:\/\/www.europesays.com\/es\/365186\/","title":{"rendered":"los cuatro clubes que insisten en el fichaje de C\u00e9dric Bakambu"},"content":{"rendered":"<p class=\"ft-text\">El <strong>mercado invernal de fichajes<\/strong> echa el cierre en la madrugada del 2 al 3 de febrero. Quedan algo m\u00e1s de seis d\u00edas y en el <strong>Real Betis Balompi\u00e9<\/strong> todo se est\u00e1 intensificando y siguen llegando propuestas por algunos jugadores. <a class=\"ft-link ft-link--decoration\" href=\"https:\/\/www.elcorreoweb.es\/betis\/2026\/01\/21\/claves-delantero-betis-propuestas-chimy-bakambu-125919727.html\" target=\"_blank\" rel=\"nofollow noopener\">Por C\u00e9dric Bakambu el inter\u00e9s de varios conjuntos sigue vivo<\/a> y su salida podr\u00eda darse en esta ventana de traspasos.<\/p>\n<p class=\"ft-text\">La <strong>lesi\u00f3n de Cucho Hern\u00e1ndez<\/strong> cambi\u00f3 estos d\u00edas atr\u00e1s el objetivo de la direcci\u00f3n y de la c\u00fapula deportiva de la entidad de las trece barras, queriendo no debilitar m\u00e1s al equipo de <strong>Manuel Pellegrini <\/strong>ante la <a class=\"ft-link ft-link--decoration\" href=\"https:\/\/www.elcorreoweb.es\/betis\/2026\/01\/27\/lesion-amrabat-operado-betis-126140662.html\" target=\"_blank\" rel=\"nofollow noopener\">gran multitud de bajas<\/a> con las que cuenta para este final de mes en el que tendr\u00e1 partidos clave como el Feyenoord o el Valencia.<\/p>\n<p class=\"ft-text\">Pero ello no significa que la operaci\u00f3n salida est\u00e9 frenada, simplemente que se siguen valorando escenarios para que sea uno de los arietes el que abandone el Betis y pueda de esta forma llegar un nuevo refuerzo para la delantera, donde se manejan diferentes nombres de acuerdo a la realidad econ\u00f3mica con la que cuenten finalmente los verdiblancos.<\/p>\n<p>La dificultad y la realidad de la salida de C\u00e9dric Bakambu<\/p>\n<p class=\"ft-text\"><strong>A C\u00e9dric Bakambu le quedan seis meses de contrato en el Real Betis Balompi\u00e9 <\/strong>y sabe que en el mercado estival\u00a0<strong>se llevar\u00eda una prima de fichaje al firmar por otro club como agente libre<\/strong>. Ah\u00ed reside la dificultad de que acepte marcharse.<\/p>\n<p class=\"ft-text\">De igual forma, seg\u00fan pudo conocer estos d\u00edas atr\u00e1s\u00a0este medio\u00a0y como tambi\u00e9n publicaron otros compa\u00f1eros, era el delantero quien tiene encima de la mesa diferentes propuestas y el que debe decidir a qu\u00e9 club ir. Desde Vitoria apuntaron en Diario de Sevilla que el Deportivo Alav\u00e9s se estaba encontrando con el no del Betis para la salida del delantero.<\/p>\n<p class=\"ft-text\">Todo parece en las \u00faltimas horas encaminado para que salga este mes de enero. <strong>A esta hora<\/strong>, como transmiten a <strong>El Correo de Andaluc\u00eda<\/strong> fuentes del Betis,<strong> insisten por el congole\u00f1o Real Oviedo y Deportivo Alav\u00e9s en LaLiga EA Sports, y Genoa y el Pisa en la Serie A italiana<\/strong>.<\/p>\n<p class=\"ft-text\">El conjunto verdiblanco, eso s\u00ed, no pedir\u00eda nada por Bakambu ni pretende sacar un beneficio extra, simplemente quiere <strong>cubrir la amortizaci\u00f3n pendiente de su ficha de estos seis meses<\/strong>, que ronda los <strong>500.000 euros<\/strong>.<\/p>\n","protected":false},"excerpt":{"rendered":"El mercado invernal de fichajes echa el cierre en la madrugada del 2 al 3 de febrero. Quedan&hellip;\n","protected":false},"author":2,"featured_media":365187,"comment_status":"","ping_status":"","sticky":false,"template":"","format":"standard","meta":{"footnotes":""},"categories":[268],"tags":[36138,291,168,25,24,280,282,81166,281,23,167],"class_list":["post-365186","post","type-post","status-publish","format-standard","has-post-thumbnail","category-futbol","tag-bakambu","tag-betis","tag-deportes","tag-es","tag-espana","tag-football","tag-futbol","tag-mercado-betis","tag-soccer","tag-spain","tag-sports"],"share_on_mastodon":{"url":"https:\/\/pubeurope.com\/@es\/115970239896105339","error":""},"_links":{"self":[{"href":"https:\/\/www.europesays.com\/es\/wp-json\/wp\/v2\/posts\/365186","targetHints":{"allow":["GET"]}}],"collection":[{"href":"https:\/\/www.europesays.com\/es\/wp-json\/wp\/v2\/posts"}],"about":[{"href":"https:\/\/www.europesays.com\/es\/wp-json\/wp\/v2\/types\/post"}],"author":[{"embeddable":true,"href":"https:\/\/www.europesays.com\/es\/wp-json\/wp\/v2\/users\/2"}],"replies":[{"embeddable":true,"href":"https:\/\/www.europesays.com\/es\/wp-json\/wp\/v2\/comments?post=365186"}],"version-history":[{"count":0,"href":"https:\/\/www.europesays.com\/es\/wp-json\/wp\/v2\/posts\/365186\/revisions"}],"wp:featuredmedia":[{"embeddable":true,"href":"https:\/\/www.europesays.com\/es\/wp-json\/wp\/v2\/media\/365187"}],"wp:attachment":[{"href":"https:\/\/www.europesays.com\/es\/wp-json\/wp\/v2\/media?parent=365186"}],"wp:term":[{"taxonomy":"category","embeddable":true,"href":"https:\/\/www.europesays.com\/es\/wp-json\/wp\/v2\/categories?post=365186"},{"taxonomy":"post_tag","embeddable":true,"href":"https:\/\/www.europesays.com\/es\/wp-json\/wp\/v2\/tags?post=365186"}],"curies":[{"name":"wp","href":"https:\/\/api.w.org\/{rel}","templated":true}]}}