{"id":36521,"date":"2025-08-09T18:27:05","date_gmt":"2025-08-09T18:27:05","guid":{"rendered":"https:\/\/www.europesays.com\/es\/36521\/"},"modified":"2025-08-09T18:27:05","modified_gmt":"2025-08-09T18:27:05","slug":"la-orden-de-trump-de-usar-la-fuerza-contra-los-carteles-extranjeros-pone-en-alerta-a-maduro-y-a-mexico","status":"publish","type":"post","link":"https:\/\/www.europesays.com\/es\/36521\/","title":{"rendered":"La orden de Trump de usar la fuerza contra los carteles extranjeros pone en alerta a Maduro y a M\u00e9xico"},"content":{"rendered":"<p class=\"\">Tensi\u00f3n en Am\u00e9rica Latina. La orden de la Casa Blanca al Ej\u00e9rcito estadounidense <a href=\"https:\/\/elpais.com\/internacional\/2025-08-08\/trump-ordena-al-ejercito-de-estados-unidos-combatir-a-los-carteles-de-la-droga-extranjeros.html\" target=\"_blank\" rel=\"noreferrer nofollow noopener\" title=\"https:\/\/elpais.com\/internacional\/2025-08-08\/trump-ordena-al-ejercito-de-estados-unidos-combatir-a-los-carteles-de-la-droga-extranjeros.html\">para combatir a los carteles en el extranjero<\/a> propaga por la regi\u00f3n ondas s\u00edsmicas que amenazan con alterar, todav\u00eda m\u00e1s, las relaciones de la Administraci\u00f3n de Donald Trump con sus hom\u00f3logos. La escalada de su Gobierno en la narrativa en la lucha contra el crimen trasnacional aumenta la presi\u00f3n sobre el r\u00e9gimen de Nicol\u00e1s Maduro y al Ejecutivo mexicano de Claudia Sheinbaum, sobre el cual ha planeado el fantasma de la intervenci\u00f3n militar desde antes de que el republicano regresara a Washington a su segunda presidencia.<\/p>\n<p class=\"\">\u201cEstamos jugando con mano dura. Pronto podremos elaborar m\u00e1s al respecto\u201d, asegur\u00f3 Trump brevemente este viernes sobre la iniciativa, que fue adelantada en exclusiva por The New York Times. Esta oblig\u00f3 a Sheinbaum a responder r\u00e1pidamente. \u201cEstados Unidos no va a venir a M\u00e9xico con los militares, no va a haber invasi\u00f3n\u201d, <a href=\"https:\/\/elpais.com\/mexico\/2025-08-08\/sheinbaum-niega-que-estados-unidos-vaya-a-intervenir-militarmente-en-mexico.html\" target=\"_blank\" rel=\"noreferrer nofollow noopener\" title=\"https:\/\/elpais.com\/mexico\/2025-08-08\/sheinbaum-niega-que-estados-unidos-vaya-a-intervenir-militarmente-en-mexico.html\">subray\u00f3 la presidenta<\/a> en su conferencia matutina. La mandataria insiste en este discurso desde hace meses a pesar de las se\u00f1ales de la Casa Blanca. Esta design\u00f3 en febrero como organizaciones terroristas internacionales a seis c\u00e1rteles mexicanos (el <a href=\"https:\/\/elpais.com\/mexico\/2025-02-14\/mas-alla-de-los-narcos-de-sinaloa-y-jalisco-la-lista-negra-de-trump-incluye-a-seis-carteles-mexicanos-como-terroristas.html\" rel=\"nofollow noopener\" target=\"_blank\">Cartel de Sinaloa, Jalisco Nueva Generaci\u00f3n, Carteles Unidos, el Cartel del Noroeste, Cartel del Golfo<\/a> y La Nueva Familia Michoacana) y dos pandillas, Tren de Aragua y la Mara Salvatrucha. Sobre estas y sus operativos pesa ahora m\u00e1s presi\u00f3n que nunca. <\/p>\n<p class=\"\">No se conocen detalles sobre la orden de Trump. Ni cu\u00e1ndo fue adoptada ni si se han sugerido al Pent\u00e1gono golpes espec\u00edficos, aunque estos planes ya est\u00e1n siendo dise\u00f1ados por autoridades militares, de acuerdo a lo que pudo conocer el rotativo estadounidense. El Times desconoce si otras agencias del Ejecutivo, como el Departamento de Justicia o el Departamento de Estado han desaconsejado estas acciones. <\/p>\n<p class=\"\">La iniciativa, no obstante, responde a un viejo reclamo del sector m\u00e1s duro del partido republicano. Las operaciones militares estadounidenses contra los narcotraficantes, se\u00f1alados por Washington por inundar las calles del pa\u00eds con el fentanilo que ha creado <a href=\"https:\/\/elpais.com\/mexico\/2024-01-14\/fentanilo-retrato-de-un-asesino-de-masas.html\" target=\"_blank\" rel=\"noreferrer nofollow noopener\" title=\"https:\/\/elpais.com\/mexico\/2024-01-14\/fentanilo-retrato-de-un-asesino-de-masas.html\">una epidemia nacional con m\u00e1s de 70.000 muertes al a\u00f1o<\/a>, han sido un reclamo de los congresistas de la ultraderecha desde hace a\u00f1os. La pol\u00edtica se col\u00f3 al centro del partido republicano al menos desde 2023, cuando los principales rivales de Trump a la presidencia, como el gobernador floridense Ron DeSantis, tambi\u00e9n promet\u00edan <a href=\"https:\/\/elpais.com\/mexico\/2023-08-12\/ron-desantis-plantea-atacar-a-los-carteles-mexicanos-con-drones-si-gana-la-presidencia-de-ee-uu.html\" target=\"_blank\" rel=\"noreferrer nofollow noopener\" title=\"https:\/\/elpais.com\/mexico\/2023-08-12\/ron-desantis-plantea-atacar-a-los-carteles-mexicanos-con-drones-si-gana-la-presidencia-de-ee-uu.html\">intervenir militarmente con drones<\/a> en territorio mexicano.<\/p>\n<p class=\"\">La escalada del Gobierno de Trump ha sido revelada en medio de se\u00f1ales de enfriamiento econ\u00f3mico y de presi\u00f3n por el caso del pederasta Jeffrey Epstein. Por ahora, la decisi\u00f3n parece apuntar directamente al sur de Estados Unidos. Especialmente a Venezuela, donde, al menos desde 2020, las autoridades estadounidenses siguen la pista a los v\u00ednculos del presidente Nicol\u00e1s Maduro y 14 funcionarios de su r\u00e9gimen con el crimen organizado.<\/p>\n<p class=\"\">Durante la primera presidencia de Trump fueron anunciados cargos penales contra el presidente venezolano y sus alianzas con las FARC, una relaci\u00f3n que se origina supuestamente al menos desde el Gobierno de Hugo Ch\u00e1vez. Este a\u00f1o se cumplen dos d\u00e9cadas desde que el caudillo venezolano suspendi\u00f3 la cooperaci\u00f3n antidroga con Estados Unidos con el argumento de que la DEA, la agencia antidrogas de Washington, era una herramienta de injerencia extranjera. <\/p>\n<p class=\"\">Pero Trump 2.0 ha redoblado su apuesta contra Maduro. Pam Bondi, la fiscal general, anunci\u00f3 el jueves que el Gobierno ha aumentado hasta los <a href=\"https:\/\/elpais.com\/internacional\/2025-08-07\/estados-unidos-eleva-a-50-millones-de-dolares-la-recompensa-por-informacion-para-capturar-a-maduro.html\" target=\"_blank\" rel=\"noreferrer nofollow noopener\" title=\"https:\/\/elpais.com\/internacional\/2025-08-07\/estados-unidos-eleva-a-50-millones-de-dolares-la-recompensa-por-informacion-para-capturar-a-maduro.html\">50 millones de d\u00f3lares la recompensa<\/a> que ayude a la detenci\u00f3n de Maduro. La funcionaria acusa al l\u00edder sudamericano de colaborar con el Tren de Aragua, una organizaci\u00f3n nacida en Venezuela hace quince a\u00f1os que oper\u00f3 desde la c\u00e1rcel de Tocor\u00f3n, en el centro del pa\u00eds, con la anuencia de las autoridades. La banda se ha expandido a nivel global con el \u00e9xodo masivo de venezolanos gracias a la trata de personas, narcotr\u00e1fico y extorsi\u00f3n. <\/p>\n<p class=\"\">Maduro es tambi\u00e9n vinculado por el trumpismo con el Cartel de los Soles, una organizaci\u00f3n criminal responsable de traficar drogas a Estados Unidos. El Departamento del Tesoro <a href=\"https:\/\/home.treasury.gov\/news\/press-releases\/sb0207\" target=\"_blank\" rel=\"noreferrer nofollow noopener\" title=\"https:\/\/home.treasury.gov\/news\/press-releases\/sb0207\">sum\u00f3 a finales de julio<\/a> a la banda delictiva a la lista de organizaciones terroristas globales por sus actividades. En la declaratoria, las autoridades vincularon adem\u00e1s a este grupo con el poderoso C\u00e1rtel de Sinaloa. <\/p>\n<p class=\"\">El Cartel de los Soles, m\u00e1s que una organizaci\u00f3n formal, est\u00e1 conformado por varios grupos de poder dentro del Gobierno, con los militares a la cabeza, que favorecen, protegen y se benefician de esta actividad il\u00edcita en Venezuela. El nombre de la organizaci\u00f3n hace referencia a las insignias solares que adornan los uniformes de los altos mandos militares. <\/p>\n<p class=\"\">Washington ya hab\u00eda puesto precio a la cabeza de Maduro \u201415 millones de d\u00f3lares\u2014 en el primer Gobierno de Trump. \u201cMaduro y otros corrompieron las instituciones venezolanas y brindaron protecci\u00f3n pol\u00edtica y militar a los narcoterroristas (&#8230;) Maduro y los dem\u00e1s acusados pretendieron expresamente inundar Estados Unidos de coca\u00edna para socavar la salud y el bienestar de nuestra naci\u00f3n\u201d, dec\u00eda la primera acusaci\u00f3n formal contra el presidente, firmada por el fiscal Geoffrey Berman, de Nueva York. Estados Unidos mantiene hoy una narrativa similar contra los capos mexicanos y su deliberada decisi\u00f3n de traficar fentanilo a la naci\u00f3n. <\/p>\n<p class=\"\">El chavismo siempre ha negado esas acusaciones. \u201cEstas desesperadas ofertas al estilo de western hollywoodense representan un acto de injerencia\u201d, declar\u00f3 el viernes el ministro de Defensa, Vladimir Padrino L\u00f3pez. \u201cNos declaramos en alerta permanente para disuadir y neutralizar cualquier acci\u00f3n contra la paz y la salvaguarda del territorio\u201d, agreg\u00f3. Otros altos funcionarios del r\u00e9gimen, como Diosdado Cabello, ministro de Interior y Justicia, tambi\u00e9n rechazaron los se\u00f1alamientos: \u201cCada vez que alguien les molesta, ellos lo ponen de jefe del cartel de los Soles\u201d.<\/p>\n<p class=\"\">Aunque el chavismo cort\u00f3 los v\u00ednculos de cooperaci\u00f3n con la DEA en 2005, Caracas ha dedicado los \u00faltimos a\u00f1os a publicitar sus operaciones de desmantelamiento de laboratorios de droga y el derribo de 312 aviones usados por narcotraficantes desde 2012. El ministro Padrino ha recalcado este viernes que las autoridades venezolanas han decomisado en lo que va del a\u00f1o 51 toneladas de droga. <\/p>\n<p class=\"\">En M\u00e9xico, Sheinbaum, tambi\u00e9n ha optado por hacer m\u00e1s visibles los resultados de sus operativos contra las mafias del narcotr\u00e1fico. Sobre todo cuando las voces de los republicanos le reclaman su falta de atenci\u00f3n en el tema. \u201c<a href=\"https:\/\/elpais.com\/mexico\/2025-07-14\/sheinbaum-profundiza-la-lucha-contra-la-violencia-en-busca-de-un-sello-propio.html\" rel=\"nofollow noopener\" title=\"https:\/\/elpais.com\/mexico\/2025-07-14\/sheinbaum-profundiza-la-lucha-contra-la-violencia-en-busca-de-un-sello-propio.html\" target=\"_blank\">Se ha trabajado mucho en la ca\u00edda de homicidios, <\/a>en la incautaci\u00f3n de drogas, en la frontera norte y se ha reducido un 50% el paso del fentanilo por la frontera\u201d, dijo con cierto hartazgo a mediados de julio la mandataria. Adem\u00e1s, su Gobierno entreg\u00f3 a Washington en febrero a 29 capos de alto perfil para que estos sean enjuiciados en los tribunales federales. <\/p>\n<p class=\"\">Estados Unidos tambi\u00e9n considera que los antiguos funcionarios del chavismo son clave para obtener informaci\u00f3n sobre los supuestos actos delictivos de Maduro y sus colaboradores. En este contexto puede enmarcarse la detenci\u00f3n en Espa\u00f1a de Hugo Carvajal, antiguo jefe de inteligencia de Hugo Ch\u00e1vez, quien fue extraditado a Estados Unidos. El militar retirado <a href=\"https:\/\/elpais.com\/america\/2025-06-26\/el-pollo-carvajal-ex-jefe-de-inteligencia-chavista-se-declara-culpable-de-cuatro-delitos-en-estados-unidos.html\" target=\"_blank\" rel=\"noreferrer nofollow noopener\" title=\"https:\/\/elpais.com\/america\/2025-06-26\/el-pollo-carvajal-ex-jefe-de-inteligencia-chavista-se-declara-culpable-de-cuatro-delitos-en-estados-unidos.html\">se declar\u00f3 culpable<\/a> en junio de los cargos de conspiraci\u00f3n para importar coca\u00edna a Estados Unidos, conspiraci\u00f3n para el narcoterrorismo y otros dos relacionados con posesi\u00f3n de armas. Conocido como El Pollo, Carvajal es se\u00f1alado por la justicia estadounidense como l\u00edder de C\u00e1rtel de los Soles. Trump estrecha el cerco sobre este grupo criminal. <\/p>\n","protected":false},"excerpt":{"rendered":"Tensi\u00f3n en Am\u00e9rica Latina. La orden de la Casa Blanca al Ej\u00e9rcito estadounidense para combatir a los carteles&hellip;\n","protected":false},"author":2,"featured_media":36522,"comment_status":"","ping_status":"","sticky":false,"template":"","format":"standard","meta":{"footnotes":""},"categories":[42],"tags":[889,17,18,17974,18291,352,13,14,11,61,62,63,64,18293,19,20,1804,1906,7337,9,1194,10,15,16,17921,12,18292,21,22,1192,65,66,67],"class_list":{"0":"post-36521","1":"post","2":"type-post","3":"status-publish","4":"format-standard","5":"has-post-thumbnail","7":"category-internacional","8":"tag-america","9":"tag-breaking-news","10":"tag-breakingnews","11":"tag-carteles-mexicanos","12":"tag-claudia-sheinbaum","13":"tag-donald-trump","14":"tag-featured-news","15":"tag-featurednews","16":"tag-headlines","17":"tag-internacional","18":"tag-international","19":"tag-international-news","20":"tag-internationalnews","21":"tag-intervencionismo","22":"tag-latest-news","23":"tag-latestnews","24":"tag-latinoamerica","25":"tag-mexico","26":"tag-narcotrafico","27":"tag-news","28":"tag-nicolas-maduro","29":"tag-noticias","30":"tag-noticias-destacadas","31":"tag-noticiasdestacadas","32":"tag-pentagono","33":"tag-titulares","34":"tag-tren-de-aragua","35":"tag-ultimas-noticias","36":"tag-ultimasnoticias","37":"tag-venezuela","38":"tag-world","39":"tag-world-news","40":"tag-worldnews"},"share_on_mastodon":{"url":"","error":""},"_links":{"self":[{"href":"https:\/\/www.europesays.com\/es\/wp-json\/wp\/v2\/posts\/36521","targetHints":{"allow":["GET"]}}],"collection":[{"href":"https:\/\/www.europesays.com\/es\/wp-json\/wp\/v2\/posts"}],"about":[{"href":"https:\/\/www.europesays.com\/es\/wp-json\/wp\/v2\/types\/post"}],"author":[{"embeddable":true,"href":"https:\/\/www.europesays.com\/es\/wp-json\/wp\/v2\/users\/2"}],"replies":[{"embeddable":true,"href":"https:\/\/www.europesays.com\/es\/wp-json\/wp\/v2\/comments?post=36521"}],"version-history":[{"count":0,"href":"https:\/\/www.europesays.com\/es\/wp-json\/wp\/v2\/posts\/36521\/revisions"}],"wp:featuredmedia":[{"embeddable":true,"href":"https:\/\/www.europesays.com\/es\/wp-json\/wp\/v2\/media\/36522"}],"wp:attachment":[{"href":"https:\/\/www.europesays.com\/es\/wp-json\/wp\/v2\/media?parent=36521"}],"wp:term":[{"taxonomy":"category","embeddable":true,"href":"https:\/\/www.europesays.com\/es\/wp-json\/wp\/v2\/categories?post=36521"},{"taxonomy":"post_tag","embeddable":true,"href":"https:\/\/www.europesays.com\/es\/wp-json\/wp\/v2\/tags?post=36521"}],"curies":[{"name":"wp","href":"https:\/\/api.w.org\/{rel}","templated":true}]}}