{"id":36523,"date":"2025-08-09T18:28:08","date_gmt":"2025-08-09T18:28:08","guid":{"rendered":"https:\/\/www.europesays.com\/es\/36523\/"},"modified":"2025-08-09T18:28:08","modified_gmt":"2025-08-09T18:28:08","slug":"cazados-in-fraganti-dos-ladrones-disfrazados-de-mujer-en-una-joyeria-de-barcelona","status":"publish","type":"post","link":"https:\/\/www.europesays.com\/es\/36523\/","title":{"rendered":"Cazados &#8216;in fraganti&#8217; dos ladrones disfrazados de mujer en una joyer\u00eda de Barcelona"},"content":{"rendered":"<p>Utilizaban pechos falsos, pelucas y maquillaje para dificultar su identificaci\u00f3n<\/p>\n<p><img fetchpriority=\"high\" class=\"voc-img\" src=\"https:\/\/www.europesays.com\/es\/wp-content\/uploads\/2025\/08\/detenidos-joyeria-R3Quw3YI0jN1kOIkVWtOoaP-1200x840@diario_abc.jpg\" loading=\"eager\" decoding=\"async\" alt=\"Los ladrones, disfrazados de mujer, en la joyer\u00eda en la que intentaron robar en la zona alta de Barcelona\" width=\"1200\" height=\"840\"\/><\/p>\n<p>Los ladrones, disfrazados de mujer, en la joyer\u00eda en la que intentaron robar en la zona alta de Barcelona    MOSSOS  <\/p>\n<p class=\"voc-p\" style=\"\">La <strong>Guardia Urbana<\/strong> y los <strong>Mossos<\/strong> d&#8217;Esquadra han detenido a dos hombres de 27 y 35 a\u00f1os, como <a href=\"https:\/\/www.abc.es\/espana\/cataluna\/nuevo-repunte-agresiones-sexuales-barcelona-602-ultimos-20250721140813-nt.html\" target=\"_self\" data-voc-vtm-id=\"in-text-traffic\" title=\"presuntos autores\" data-mrf-link=\"www.abc.es\" rel=\"nofollow noopener\">presuntos autores<\/a> de un <strong>robo violento a una joyer\u00eda<\/strong> ubicada al distrito de Sarri\u00e1-Sant Gervasi de Barcelona.<\/p>\n<p class=\"voc-p\" style=\"\">Fue el pasado 4 de agosto cuando los agentes recibieron un aviso del tel\u00e9fono de Emergencias 112 por el atraco al comercio y, hasta el lugar, se dirigieron varias patrullas, tanto de la Urbana como del Cuerpo catal\u00e1n. Al llegar, los agentes localizaron a dos hombres <strong>disfrazados de mujer<\/strong> y los detuvieron cuando se dispon\u00edan a huir del establecimiento. <\/p>\n<p class=\"voc-p\" style=\"\">Con el objetivo de dificultar su identificaci\u00f3n, hab\u00edan utilizado <strong>pechos falsos, pelucas y maquillaje<\/strong>. Adem\u00e1s, durante la detenci\u00f3n, intentaron resistirse tirando objetos, joyas y dinero contra los polic\u00edas.<\/p>\n<p class=\"voc-p\" style=\"\">El valor total de las joyas y el dinero que intentaron sustraer superar\u00eda los 300.000 euros. Los dos hombres, que <strong>acumulan nueve antecedentes policiales<\/strong>, pasaron a disposici\u00f3n judicial el pasado 7 de agosto. La investigaci\u00f3n, a cargo de la Unidad de Investigaci\u00f3n de Sarri\u00e1- Sant Gervasi, contin\u00faa abierta.<\/p>\n<p>Reportar un error<\/p>\n","protected":false},"excerpt":{"rendered":"Utilizaban pechos falsos, pelucas y maquillaje para dificultar su identificaci\u00f3n Los ladrones, disfrazados de mujer, en la joyer\u00eda&hellip;\n","protected":false},"author":2,"featured_media":36524,"comment_status":"","ping_status":"","sticky":false,"template":"","format":"standard","meta":{"footnotes":""},"categories":[8],"tags":[210,17,18,18294,18297,1563,25,24,13,14,18295,11,4015,18296,19,20,2461,9,10,15,16,23,12,21,22],"class_list":{"0":"post-36523","1":"post","2":"type-post","3":"status-publish","4":"format-standard","5":"has-post-thumbnail","7":"category-espana","8":"tag-barcelona","9":"tag-breaking-news","10":"tag-breakingnews","11":"tag-cazados","12":"tag-disfrazados","13":"tag-dos","14":"tag-es","15":"tag-espana","16":"tag-featured-news","17":"tag-featurednews","18":"tag-fraganti","19":"tag-headlines","20":"tag-joyeria","21":"tag-ladrones","22":"tag-latest-news","23":"tag-latestnews","24":"tag-mujer","25":"tag-news","26":"tag-noticias","27":"tag-noticias-destacadas","28":"tag-noticiasdestacadas","29":"tag-spain","30":"tag-titulares","31":"tag-ultimas-noticias","32":"tag-ultimasnoticias"},"share_on_mastodon":{"url":"","error":""},"_links":{"self":[{"href":"https:\/\/www.europesays.com\/es\/wp-json\/wp\/v2\/posts\/36523","targetHints":{"allow":["GET"]}}],"collection":[{"href":"https:\/\/www.europesays.com\/es\/wp-json\/wp\/v2\/posts"}],"about":[{"href":"https:\/\/www.europesays.com\/es\/wp-json\/wp\/v2\/types\/post"}],"author":[{"embeddable":true,"href":"https:\/\/www.europesays.com\/es\/wp-json\/wp\/v2\/users\/2"}],"replies":[{"embeddable":true,"href":"https:\/\/www.europesays.com\/es\/wp-json\/wp\/v2\/comments?post=36523"}],"version-history":[{"count":0,"href":"https:\/\/www.europesays.com\/es\/wp-json\/wp\/v2\/posts\/36523\/revisions"}],"wp:featuredmedia":[{"embeddable":true,"href":"https:\/\/www.europesays.com\/es\/wp-json\/wp\/v2\/media\/36524"}],"wp:attachment":[{"href":"https:\/\/www.europesays.com\/es\/wp-json\/wp\/v2\/media?parent=36523"}],"wp:term":[{"taxonomy":"category","embeddable":true,"href":"https:\/\/www.europesays.com\/es\/wp-json\/wp\/v2\/categories?post=36523"},{"taxonomy":"post_tag","embeddable":true,"href":"https:\/\/www.europesays.com\/es\/wp-json\/wp\/v2\/tags?post=36523"}],"curies":[{"name":"wp","href":"https:\/\/api.w.org\/{rel}","templated":true}]}}