{"id":36527,"date":"2025-08-09T18:31:09","date_gmt":"2025-08-09T18:31:09","guid":{"rendered":"https:\/\/www.europesays.com\/es\/36527\/"},"modified":"2025-08-09T18:31:09","modified_gmt":"2025-08-09T18:31:09","slug":"enrique-ponce-de-pequeno-fui-monaguillo-y-ya-toreaba-en-la-sacristia","status":"publish","type":"post","link":"https:\/\/www.europesays.com\/es\/36527\/","title":{"rendered":"Enrique Ponce: \u00abDe peque\u00f1o fui monaguillo y ya toreaba en la sacrist\u00eda\u00bb"},"content":{"rendered":"<p><a class=\"v-mdl-ath__fig-a\" href=\"https:\/\/www.lasprovincias.es\/autor\/hector-esteban-455.html\" title=\"H\u00e9ctor Esteban\" rel=\"nofollow noopener\" target=\"_blank\"><br \/>\n<img decoding=\"async\" class=\"v-mdl-ath__img\" src=\"https:\/\/www.europesays.com\/es\/wp-content\/uploads\/2025\/08\/autor-455-foto-2.jpeg\" alt=\"H\u00e9ctor Esteban\"\/><br \/>\n<\/a><\/p>\n<p class=\"v-mdl-ath__p v-mdl-ath__p--6\">\nS\u00e1bado, 9 de agosto 2025, 19:49<\/p>\n<p class=\"v-p\"><a href=\"https:\/\/www.lasprovincias.es\/culturas\/enrique-ponce-corte-coleta-naci-torero-morire-20240426005519-nt.html\" target=\"_self\" data-voc-vtm-id=\"in-text-traffic\" title=\"El matador de toros Enrique Ponce\" data-mrf-link=\"www.lasprovincias.es\" rel=\"nofollow noopener\">El matador de toros Enrique Ponce<\/a> puede decir bien alto que es profeta en su tierra, en su<a href=\"https:\/\/www.lasprovincias.es\/fiestas-tradiciones\/suspension-torico-cuerda-golpe-125-millones-euros-20240809144630-nt.html\" target=\"_self\" data-voc-vtm-id=\"in-text-traffic\" title=\" Chiva\" data-mrf-link=\"www.lasprovincias.es\" rel=\"nofollow noopener\"> Chiva<\/a> natal, donde el viernes por la tarde fue nombrado embajador del <a href=\"https:\/\/www.lasprovincias.es\/comunitat\/torico-calles-chiva-20240817091945-nt.html\" target=\"_self\" data-voc-vtm-id=\"in-text-traffic\" title=\"Torico de la Cuerda\" data-mrf-link=\"www.lasprovincias.es\" rel=\"nofollow noopener\">Torico de la Cuerda<\/a> a los pies de su escultura -\u00abesa que algunos se empe\u00f1an en vestir de grana y oro\u00bb, <a href=\"https:\/\/www.lasprovincias.es\/comarcas\/pintan-rojo-escultura-enrique-ponce-chiva-20250805082637-nt.html\" target=\"_self\" data-voc-vtm-id=\"in-text-traffic\" title=\"dijo el diestro con socarroner\u00eda tras ser vandalizada\" data-mrf-link=\"www.lasprovincias.es\" rel=\"nofollow noopener\">dijo el diestro con socarroner\u00eda tras ser vandalizada<\/a>&#8211; y en la misma plaza que lleva su nombre, la del Hijo Predilecto de la Villa de Chiva, la del torero de todos los r\u00e9cords.<\/p>\n<p class=\"v-p\">La plaza, a los pies del cuadro de la Virgen del Castillo, se llen\u00f3 hasta la bandera en tarde de no hay billetes. <a href=\"https:\/\/www.lasprovincias.es\/culturas\/amigos-familia-aficionados-arropan-enrique-ponce-provincias-20240926184000-ga.html\" target=\"_self\" data-voc-vtm-id=\"in-text-traffic\" title=\"Ponce\" data-mrf-link=\"www.lasprovincias.es\" rel=\"nofollow noopener\">Ponce<\/a>, relajado, despojado del miedo de la puerta de chiqueros desde su adi\u00f3s, se desvisti\u00f3 de todos los filtros del personaje p\u00fablico para volver a su ni\u00f1ez, a las calles de su pueblo, a esa infancia vivida antes de partir a Navas de San Juan para hacerse torero.<\/p>\n<p class=\"v-p\">En primera fila sus padres, Emilio y Enriqueta, para los que tuvo palabras emotivas por el sacrificio de dejar partir al ni\u00f1o lejos de casa para perseguir el sue\u00f1o inoculado por el abuelo Leandro, el mismo que al primer pase que dio el nieto a una becerra con ocho a\u00f1os exclam\u00f3 como un deseo cumplido: \u00abAqu\u00ed hay torero\u00bb. Y no se equivoc\u00f3. La apuesta deriv\u00f3 en un torero de \u00e9poca.<\/p>\n<p class=\"v-p\">El matador de los r\u00e9cords, las puertas grandes y los indultos qued\u00f3 a un lado. En la charla aflor\u00f3 el Ponce chivano, el que junto a sus amigos, como Silverio, sal\u00eda a jugar al toro de la cuerda por las calles del pueblo, el que pisaba el barranco y el Hondo Bechinos para trastear en una \u00e9poca sin m\u00f3viles, en la que los ni\u00f1os se raspaban las rodillas en la calle. El chaval que quer\u00eda jugar al f\u00fatbol como su primo Javi, el que se present\u00f3 en casa con una brecha en la cabeza a tres d\u00edas de torear en la final de Monte Picayo tras un partido de patio, la herida que llev\u00f3 a poner a su abuelo Leandro el grito en el cielo: \u00ab\u00a1Este ni\u00f1o no puede jugar al f\u00fatbol, es muy peligroso!\u00bb. Una orden que tuvo la respuesta inmediata de la madre: \u00ab\u00bfY los toros?\u00bb. Al final, el pan no estuvo en el bal\u00f3n sino en la muleta.<\/p>\n<p class=\"v-p\">El Ponce que toreaba de sal\u00f3n en la barber\u00eda de la calle Bu\u00f1ol y en la iglesia, con don Vicente y don Jes\u00fas, sacerdotes, taurinos y poncistas reconocidos: \u00abYo era monaguillo -todos los ni\u00f1os quer\u00edan serlo- y en la sacrist\u00eda ya toreaba, ellos me animaban, fueron tiempos muy felices\u00bb.<\/p>\n<p class=\"v-p\">Las carcasas de Ricardo Alarc\u00f3n, que paralizaban a todo el pueblo para dar fe de la gesta del diestro de cada tarde; el pedazo de cuerda de toro presente en las plazas de toda Espa\u00f1a en muchas vueltas al ruedo; el recuerdo de Manolico, tambi\u00e9n torero; el cari\u00f1o del pueblo que arrop\u00f3 al paisano en la tarde del viernes, gestos que hicieron aflorar la emoci\u00f3n de un diestro que se sinti\u00f3 en casa, que siempre ha llevado a Chiva bien pegado a su capote de paseo y que revivi\u00f3 su ni\u00f1ez cuando sali\u00f3 una criatura del p\u00fablico con un capotito para que se lo firmara el torero. Y con la firma, el chaval, como aquel ni\u00f1o Ponce, se marc\u00f3 un lance que despert\u00f3 el \u00abol\u00e9\u00bb de los all\u00ed presentes.<\/p>\n<p class=\"v-p\">Abri\u00f3 plaza el presidente de la Pe\u00f1a Taurina El Torico de la Cuerda de Chiva, Abel Atienzar, amigo del diestro, que emocionado le dio la bienvenida y las gracias, como referente de ese grupo de chivanos y chivanas unidos en una pe\u00f1a y que dedican su tiempo en hacer crecer la fiesta. Y cerr\u00f3 el alcalde, Ernesto Navarro, que le puso deberes al diestro, el de llevar bien alto el estandarte de embajor del Torico, a la vez que agradeci\u00f3 ese granito de arena, como el de miles de personas, <a href=\"https:\/\/www.lasprovincias.es\/comunitat\/enrique-ponce-dona-55848-chiva-paliar-efecto-20250423163551-nt.html\" target=\"_self\" data-voc-vtm-id=\"in-text-traffic\" title=\"que puso el torero para paliar los efectos de la dana\" data-mrf-link=\"www.lasprovincias.es\" rel=\"nofollow noopener\">que puso el torero para paliar los efectos de la dana<\/a>, de la que se enter\u00f3 camino de Per\u00fa, una tragedia de la que no se pudo desvincular porque su casa, la de la familia, tambi\u00e9n fue volteada por el agua.<\/p>\n<p class=\"v-p\">El acto, amenizado por las piezas del cuarteto de cuerda String Strad, termin\u00f3 con el nombramiento oficial de Enrique Ponce Mart\u00ednez como primer embajador de las fiestas del Torico de la Cuerda de Chiva, con el pa\u00f1uelico rojo al cuello y el garrote en la mano. Al finalizar, aplausos y puerta grande para un pueblo que ya vive de lleno las fiestas del Torico en un a\u00f1o que, como el propio Ponce dijo, hay que tratar de disfrutar tras el sufrimiento que llev\u00f3 la dana Chiva: \u00abSiempre hay que levantarse\u00bb.<\/p>\n<p class=\"v-p\">\u00a0<\/p>\n<p class=\"v-p\">\u00a0<\/p>\n<p>Comenta<\/p>\n<p>Reporta un error<\/p>\n","protected":false},"excerpt":{"rendered":"S\u00e1bado, 9 de agosto 2025, 19:49 El matador de toros Enrique Ponce puede decir bien alto que es&hellip;\n","protected":false},"author":2,"featured_media":36528,"comment_status":"","ping_status":"","sticky":false,"template":"","format":"standard","meta":{"footnotes":""},"categories":[277],"tags":[373,168,12096,981,25,24,18302,2050,14791,18304,23,167,18303,374],"class_list":{"0":"post-36527","1":"post","2":"type-post","3":"status-publish","4":"format-standard","5":"has-post-thumbnail","7":"category-toreo","8":"tag-bullfighting","9":"tag-deportes","10":"tag-enrique","11":"tag-era","12":"tag-es","13":"tag-espana","14":"tag-monaguillo","15":"tag-pequeno","16":"tag-ponce","17":"tag-sacristia","18":"tag-spain","19":"tag-sports","20":"tag-toreaba","21":"tag-toreo"},"share_on_mastodon":{"url":"","error":""},"_links":{"self":[{"href":"https:\/\/www.europesays.com\/es\/wp-json\/wp\/v2\/posts\/36527","targetHints":{"allow":["GET"]}}],"collection":[{"href":"https:\/\/www.europesays.com\/es\/wp-json\/wp\/v2\/posts"}],"about":[{"href":"https:\/\/www.europesays.com\/es\/wp-json\/wp\/v2\/types\/post"}],"author":[{"embeddable":true,"href":"https:\/\/www.europesays.com\/es\/wp-json\/wp\/v2\/users\/2"}],"replies":[{"embeddable":true,"href":"https:\/\/www.europesays.com\/es\/wp-json\/wp\/v2\/comments?post=36527"}],"version-history":[{"count":0,"href":"https:\/\/www.europesays.com\/es\/wp-json\/wp\/v2\/posts\/36527\/revisions"}],"wp:featuredmedia":[{"embeddable":true,"href":"https:\/\/www.europesays.com\/es\/wp-json\/wp\/v2\/media\/36528"}],"wp:attachment":[{"href":"https:\/\/www.europesays.com\/es\/wp-json\/wp\/v2\/media?parent=36527"}],"wp:term":[{"taxonomy":"category","embeddable":true,"href":"https:\/\/www.europesays.com\/es\/wp-json\/wp\/v2\/categories?post=36527"},{"taxonomy":"post_tag","embeddable":true,"href":"https:\/\/www.europesays.com\/es\/wp-json\/wp\/v2\/tags?post=36527"}],"curies":[{"name":"wp","href":"https:\/\/api.w.org\/{rel}","templated":true}]}}