{"id":36531,"date":"2025-08-09T18:35:08","date_gmt":"2025-08-09T18:35:08","guid":{"rendered":"https:\/\/www.europesays.com\/es\/36531\/"},"modified":"2025-08-09T18:35:08","modified_gmt":"2025-08-09T18:35:08","slug":"hugo-nunes-gana-la-3a-etapa-pau-marti-mantiene-el-liderato-de-la-volta-a-portugal","status":"publish","type":"post","link":"https:\/\/www.europesays.com\/es\/36531\/","title":{"rendered":"Hugo Nunes gana la 3\u00aa etapa, Pau Mart\u00ed mantiene el liderato de la Volta a Portugal"},"content":{"rendered":"<p>\t\t\t&#13;<br \/>\n&#13;<\/p>\n<p><img loading=\"lazy\" decoding=\"async\" src=\"https:\/\/www.europesays.com\/es\/wp-content\/uploads\/2025\/08\/pau-marti-volta-portugal-et3-2025-tes-ciclismo.jpg\" width=\"556\" height=\"418\" class=\"setborder\" alt=\"Hugo Nunes gana la 3\u00aa etapa, Pau Mart\u00ed mantiene el liderato de la Volta a Portugal\" title=\"Hugo Nunes gana la 3\u00aa etapa, Pau Mart\u00ed mantiene el liderato de la Volta a Portugal\"\/><br \/>\n&#13;<br \/>\n&#13;<br \/>\n&#13;<br \/>\nEFE \u00b7 <a href=\"https:\/\/www.esciclismo.com\/actualidad\/carretera\/\" rel=\"nofollow noopener\" target=\"_blank\">Competici\u00f3n Carretera<\/a>  \u00b7 09\/08\/2025<\/p>\n<p>El ciclista espa\u00f1ol Pau Mart\u00ed (Israel-Premier Tech Academy) se mantiene al frente de la Volta a Portugal tras conseguir este s\u00e1bado el d\u00e9cimo puesto en una tercera etapa ganada por el luso Hugo Nunes (Credibom-LA Alum\u00ednios-Marcos Car).<\/p>\n<p>&#13;<\/p>\n<p><b id=\"P1\"\/>Nunes recorri\u00f3 los 185,2 kil\u00f3metros entre las localidades de Boticas y Bragan\u00e7a, junto a la frontera con Galicia (Espa\u00f1a), en 4 horas, 44 minutos y 17 segundos, y tras cruzar la meta cay\u00f3 al suelo llorando por la que ha sido la mayor victoria de su carrera.<\/p>\n<p>&#13;<\/p>\n<p>Le acompa\u00f1aron en el podio el estadounidense Caleb Classen (Project Echelon Racing) y su compatriota Tiago Leal (R\u00e1dio Popular-Paredes-Boavista), segundo y tercero respectivamente y con el mismo tiempo que el ganador.<\/p>\n<p>&#13;<\/p>\n<p><b id=\"P2\"\/>Tambi\u00e9n fue una jornada positiva para el Caja Rural-Seguros RGA, uno de los dos equipos espa\u00f1oles en la competici\u00f3n, con el cuarto puesto del portugu\u00e9s I\u00fari Leit\u00e3o y el s\u00e9ptimo del venezolano Francisco Joel Pe\u00f1uela.<\/p>\n<p>&#13;<\/p>\n<p>Pe\u00f1uela no fue el \u00fanico ciclista sudamericano en el top-10, en el que tambi\u00e9n se encuentran el colombiano Santiago Mesa (Efapel Cycling y 5\u00ba) y el argentino Tom\u00e1s Contte (Aviludo-Louletano-Loul\u00e9 y 6\u00ba).<\/p>\n<p>&#13;<\/p>\n<p><b id=\"P3\"\/>Todo sigue igual en la clasificaci\u00f3n general, liderada por Mart\u00ed, con una ventaja de 2 segundos sobre el vigente campe\u00f3n, el ruso Artem Nych, y de 15 sobre el portugu\u00e9s Rafael Reis, ambos del Anicolor-Tien 21.<\/p>\n<p>&#13;<\/p>\n<p>La <a href=\"https:\/\/www.esciclismo.com\/especiales\/vuelta-portugal\/\" rel=\"nofollow noopener\" target=\"_blank\">Volta a Portugal<\/a> continuar\u00e1 este domingo pr\u00f3xima a Galicia con una nueva etapa de monta\u00f1a, con un trazado de 182,9 kil\u00f3metros que unir\u00e1 Bragan\u00e7a con Mondim de Basto.<\/p>\n<p>&#13;<\/p>\n<p><b id=\"P4\"\/>El tramo final, una subida de nivel 1 de 8,4 kil\u00f3metros, suele ser uno de los momentos m\u00e1s esperados de la prueba, ya que la meta estar\u00e1 junto al santuario de la Senhora da Gra\u00e7a, un monumento situado en lo alto de una colina.<\/p>\n<p>&#13;<\/p>\n<p><b>Clasificaciones de la Volta a Portugal 2025 &#8211; Etapa 3<\/b> [<a href=\"https:\/\/www.esciclismo.com\/actualidad\/carretera\/87398.html\" title=\"Clasificaciones de la Volta a Portugal 2025 - Etapa 3\" rel=\"nofollow noopener\" target=\"_blank\">Clasificaciones completas<\/a>]<\/p>\n<p>&#13;<\/p>\n<p><b id=\"P5\"\/><b>Clasificaci\u00f3n de la 3\u00aa etapa:<\/b><br \/>&#13;<br \/>\n1. Hugo Nunes (POR\/Credibom-LA Aluminios) &#8211; 4:44:17<br \/>&#13;<br \/>\n2. Caleb Classen (USA\/Project Echelon) &#8211; m.t.<br \/>&#13;<br \/>\n3. Tiago Leal (POR\/R\u00e1dio Popular-Paredes) &#8211; m.t.<br \/>&#13;<br \/>\n4. I\u00fari Leit\u00e3o (POR\/Caja Rural-RGA) &#8211; m.t.<br \/>&#13;<br \/>\n5. Santiago Mesa (COL\/Efapel) &#8211; m.t.<br \/>&#13;<br \/>\n6. Tomas Contte (ARG\/Aviludo-Louletano) &#8211; m.t.<br \/>&#13;<br \/>\n7. Francisco Campos (POR\/AP Hotels &amp; Resorts-Tavira) &#8211; m.t.<br \/>&#13;<br \/>\n8. Francisco Pe\u00f1uela (VEN\/Caja Rural-RGA) &#8211; m.t.<br \/>&#13;<br \/>\n9. Pedro Silva (POR\/Anicolor-Tien21) &#8211; m.t.<br \/>&#13;<br \/>\n10. Pau Mart\u00ed (ESP\/Israel-Premier Tech Academy) &#8211; m.t.<\/p>\n<p>&#13;<\/p>\n<p><b>Clasificaci\u00f3n general tras la 3\u00aa etapa:<\/b><br \/>&#13;<br \/>\n1. Pau Mart\u00ed (ESP\/Israel-Premier Tech Academy) &#8211; 12:44:44<br \/>&#13;<br \/>\n2. Artem Nych (RUS\/Anicolor-Tien21) a 0:02<br \/>&#13;<br \/>\n3. Rafael Reis (POR\/Anicolor-Tien21) a 0:15<br \/>&#13;<br \/>\n4. Alexis Guerin (FRA\/Anicolor-Tien21) a 0:15<br \/>&#13;<br \/>\n5. David Jes\u00fas Pe\u00f1a (COL\/AP Hotels &amp; Resorts-Tavira) a 0:16<br \/>&#13;<br \/>\n6. Edgar Cadena (MEX\/Petrolike) a 0:18<br \/>&#13;<br \/>\n7. Tiago Antunes (POR\/Efapel) a 0:22<br \/>&#13;<br \/>\n8. Byron Munton (RSA\/Feirense-Beeceler) a 0:25<br \/>&#13;<br \/>\n9. Emanuel Duarte (POR\/Credibom-LA Aluminios) a 0:27<br \/>&#13;<br \/>\n10. Afonso Silva (POR\/AP Hotels &amp; Resorts-Tavira) a 0:32<\/p>\n<p>&#13;<br \/>\nPr\u00f3xima etapa, 4\u00aa: Bragan\u00e7a &#8211; Mondim de Basto (Senhora da Gra\u00e7a) \/ 182,9 Km.&#13;<\/p>\n<p><img decoding=\"async\" src=\"https:\/\/www.europesays.com\/es\/wp-content\/uploads\/2025\/08\/volta-portugal-et04-perfil-g-2025-podium-web.jpg\" alt=\"Volta a Portugal 2025 - Perfil de la etapa 4\" title=\"Volta a Portugal 2025 - Perfil de la etapa 4\" width=\"100%\" loading=\"lazy\"\/><\/p>\n<p>&#13;<br \/>\n&#13;<br \/>\n&#13;<br \/>\nEFE &#8211; Agencia EFE &#8211; Todos los derechos reservados. Est\u00e1 prohibido todo tipo de reproducci\u00f3n sin autorizaci\u00f3n escrita de la Agencia EFE S\/A.<br \/>&#13;<br \/>\n&#13;<\/p>\n<blockquote class=\"style-3\"><p>\ud83d\udce3<\/p>\n<p>Sigue toda la actualidad del mundo del ciclismo en nuestros canales de <a href=\"https:\/\/bit.ly\/WhatsappEsCiclismo\" target=\"_blank\" rel=\"noopener nofollow\"><b>WhatsApp<\/b><\/a> y <a href=\"https:\/\/bit.ly\/EsciclismoTelegram\" target=\"_blank\" rel=\"noopener nofollow\"><b>Telegram<\/b><\/a>, donde recibiras las noticias m\u00e1s destacadas.<\/p>\n<\/blockquote>\n","protected":false},"excerpt":{"rendered":"&#13; &#13; &#13; &#13; &#13; EFE \u00b7 Competici\u00f3n Carretera \u00b7 09\/08\/2025 El ciclista espa\u00f1ol Pau Mart\u00ed (Israel-Premier Tech&hellip;\n","protected":false},"author":2,"featured_media":36532,"comment_status":"","ping_status":"","sticky":false,"template":"","format":"standard","meta":{"footnotes":""},"categories":[273],"tags":[17766,313,1757,11687,312,168,158,25,24,1489,3419,74,5968,10407,4968,1462,17656,3397,23,167,17765,15300],"class_list":{"0":"post-36531","1":"post","2":"type-post","3":"status-publish","4":"format-standard","5":"has-post-thumbnail","7":"category-ciclismo","8":"tag-academy","9":"tag-ciclismo","10":"tag-ciclista","11":"tag-conseguir","12":"tag-cycling","13":"tag-deportes","14":"tag-el","15":"tag-es","16":"tag-espana","17":"tag-espanol","18":"tag-frente","19":"tag-israel","20":"tag-mantiene","21":"tag-marti","22":"tag-pau","23":"tag-portugal","24":"tag-premier","25":"tag-sabado","26":"tag-spain","27":"tag-sports","28":"tag-tech","29":"tag-volta"},"share_on_mastodon":{"url":"","error":""},"_links":{"self":[{"href":"https:\/\/www.europesays.com\/es\/wp-json\/wp\/v2\/posts\/36531","targetHints":{"allow":["GET"]}}],"collection":[{"href":"https:\/\/www.europesays.com\/es\/wp-json\/wp\/v2\/posts"}],"about":[{"href":"https:\/\/www.europesays.com\/es\/wp-json\/wp\/v2\/types\/post"}],"author":[{"embeddable":true,"href":"https:\/\/www.europesays.com\/es\/wp-json\/wp\/v2\/users\/2"}],"replies":[{"embeddable":true,"href":"https:\/\/www.europesays.com\/es\/wp-json\/wp\/v2\/comments?post=36531"}],"version-history":[{"count":0,"href":"https:\/\/www.europesays.com\/es\/wp-json\/wp\/v2\/posts\/36531\/revisions"}],"wp:featuredmedia":[{"embeddable":true,"href":"https:\/\/www.europesays.com\/es\/wp-json\/wp\/v2\/media\/36532"}],"wp:attachment":[{"href":"https:\/\/www.europesays.com\/es\/wp-json\/wp\/v2\/media?parent=36531"}],"wp:term":[{"taxonomy":"category","embeddable":true,"href":"https:\/\/www.europesays.com\/es\/wp-json\/wp\/v2\/categories?post=36531"},{"taxonomy":"post_tag","embeddable":true,"href":"https:\/\/www.europesays.com\/es\/wp-json\/wp\/v2\/tags?post=36531"}],"curies":[{"name":"wp","href":"https:\/\/api.w.org\/{rel}","templated":true}]}}