{"id":365397,"date":"2026-01-28T04:48:09","date_gmt":"2026-01-28T04:48:09","guid":{"rendered":"https:\/\/www.europesays.com\/es\/365397\/"},"modified":"2026-01-28T04:48:09","modified_gmt":"2026-01-28T04:48:09","slug":"conoce-muy-bien-el-destino-de-maduro","status":"publish","type":"post","link":"https:\/\/www.europesays.com\/es\/365397\/","title":{"rendered":"&#8216;Conoce muy bien el destino de Maduro&#8217;"},"content":{"rendered":"<p>El secretario de Estado de Estados Unidos, <b>Marco Rubio, advirti\u00f3 que el presidente, Donald Trump, no descarta el uso de la fuerza si la jefa encargada de Venezuela, Delcy Rodr\u00edguez<\/b>, no coopera con Washington.<\/p>\n<p class=\"c-leatambien__titulo\"> LEA TAMBI\u00c9N <\/p>\n<p><img decoding=\"async\" alt=\"x\" width=\"120\" height=\"120\" loading=\"lazy\" src=\"https:\/\/imagenes2.eltiempo.com\/files\/image_120_120\/files\/fp\/uploads\/2025\/08\/19\/68a4f06939640.r_d.733-256.png\" data-full-src=\"https:\/\/www.europesays.com\/es\/wp-content\/uploads\/2026\/01\/68a4f06939640.png\"\/><\/p>\n<p>As\u00ed consta en el discurso que el jefe de la diplomacia estadounidense<b> ofrecer\u00e1 este mi\u00e9rcoles 28 de enero ante el Senado<\/b> para explicar la pol\u00edtica de Estados Unidos sobre Venezuela tras el ataque del 3 de enero en Caracas que se sald\u00f3 con el derrocamiento y captura de Nicol\u00e1s Maduro y su esposa, Cilia Flores.<\/p>\n<p>Se espera que en esta jornada<b> entregue detalles del operativo que condujo a la detenci\u00f3n de Maduro y de los pr\u00f3ximos pasos del gobierno Trump<\/b>. Este martes 27 de enero fue divulgada la intervenci\u00f3n que tiene planeada Rubio por parte del Departamento de Estado.\u00a0<\/p>\n<p class=\"c-cuerpo__media__txt\">Delcy Rodr\u00edguez, encargada de Venezuela Foto:AFP<\/p>\n<p>\u00abSupervisaremos de cerca el desempe\u00f1o de las autoridades interinas a medida que cooperen con nuestro plan por etapas para restablecer la estabilidad en Venezuela. Que no haya duda: como ha declarado el presidente, <b>estamos preparados para usar la fuerza a fin de garantizar la m\u00e1xima cooperaci\u00f3n si otros m\u00e9todos fracasan\u00bb,<\/b> consta el texto publicado.\u00a0<\/p>\n<p class=\"c-leatambien__titulo\"> LEA TAMBI\u00c9N <\/p>\n<p><img decoding=\"async\" alt=\"Gustavo Petro, presidente de Colombia.\" width=\"120\" height=\"120\" loading=\"lazy\" src=\"https:\/\/imagenes2.eltiempo.com\/files\/image_120_120\/uploads\/2023\/11\/14\/6553a6f11ec45.jpeg\" data-full-src=\"https:\/\/www.europesays.com\/es\/wp-content\/uploads\/2026\/01\/6553a6f11ec45.jpeg\"\/><\/p>\n<p>En su discurso, el secretario de Estado dice esperar que \u00abesto no resulte necesario\u00bb, pero advierte que la Administraci\u00f3n de Donald Trump \u00abnunca rehuir\u00e1\u00bb su deber con el pueblo estadounidense ni con su misi\u00f3n de liderar el continente americano.\u00a0<\/p>\n<p>Seg\u00fan el funcionario, <b>Rodr\u00edguez, que ahora lidera un proceso gradual de cambios, \u00abconoce muy bien el destino de Maduro\u00bb. <\/b>\u00abCreemos que su propio inter\u00e9s se alinea con el avance de nuestros objetivos clave\u00bb, se\u00f1alar\u00e1 Rubio, seg\u00fan ese discurso difundido.\u00a0<\/p>\n<p class=\"c-cuerpo__media__txt\">El presidente de Estados Unidos, Donald Trump, junto con Marco Rubio. Foto:AFP<\/p>\n<p>Afirma que la presidenta encargada \u00abse ha comprometido a abrir el sector energ\u00e9tico de Venezuela a las empresas estadounidenses\u00bb y a otorgarles un \u00abacceso preferente\u00bb.<\/p>\n<p>Tambi\u00e9n dice que <b>\u00abha prometido poner fin al sustento petrolero de Venezuela para el r\u00e9gimen cubano\u00bb <\/b>y a \u00abpromover la reconciliaci\u00f3n nacional\u00bb con la oposici\u00f3n y los venezolanos en el exterior.<\/p>\n<p class=\"c-leatambien__titulo\"> LEA TAMBI\u00c9N <\/p>\n<p><img decoding=\"async\" alt=\"Donald Trump\" width=\"120\" height=\"120\" loading=\"lazy\" src=\"https:\/\/imagenes2.eltiempo.com\/files\/image_120_120\/files\/fp\/uploads\/2026\/01\/13\/69666d210e7f0.r_d.626-305.jpeg\" data-full-src=\"https:\/\/www.europesays.com\/es\/wp-content\/uploads\/2026\/01\/69666d210e7f0.jpeg\"\/><\/p>\n<p>\u00abRodr\u00edguez es plenamente consciente del destino de Maduro; creemos que por su propio inter\u00e9s personal coincide con el avance de nuestros objetivos\u00bb, expresa.<\/p>\n<p>La comparecencia de Rubio se producir\u00e1 despu\u00e9s de que esta misma semana<b> Rodr\u00edguez dijera que su Gobierno no acepta las \u00ab\u00f3rdenes\u00bb externas. <\/b>Trump declar\u00f3 al respecto este martes que no hab\u00eda escuchado esas declaraciones y reafirm\u00f3 que tiene \u00abmuy buena relaci\u00f3n\u00bb con el Gobierno interino.<\/p>\n<p class=\"c-cuerpo__media__txt\">Maduro Foto:Maduro<\/p>\n<p>Rubio recalcar\u00e1 ante el Senado que el ataque en Venezuela, para el que el Gobierno no pidi\u00f3 aval del Congreso, <b>no fue una guerra ni la ocupaci\u00f3n de un pa\u00eds extranjero, sino una \u00aboperaci\u00f3n judicial\u00bb.<\/b><\/p>\n<p>En ella, afirma, fueron capturados \u00abdos narcotraficantes\u00bb que ser\u00e1n juzgados en Estados Unidos, declar\u00f3 en relaci\u00f3n a Maduro y su esposa.<\/p>\n<p>Asegura, adem\u00e1s, que <b>Maduro \u00abno era un jefe de Estado leg\u00edtimo\u00bb,<\/b> dado que numerosos pa\u00edses no reconocieron su reelecci\u00f3n en 2024 tras unas elecciones en las que perdi\u00f3 y \u00abse neg\u00f3 a ceder el poder de manera pac\u00edfica\u00bb.<\/p>\n<p>*Con informaci\u00f3n de EFE y AFP.\u00a0<\/p>\n<p>REDACCI\u00d3N \u00daLTIMAS NOTICIAS.\u00a0<\/p>\n","protected":false},"excerpt":{"rendered":"El secretario de Estado de Estados Unidos, Marco Rubio, advirti\u00f3 que el presidente, Donald Trump, no descarta el&hellip;\n","protected":false},"author":2,"featured_media":365398,"comment_status":"","ping_status":"","sticky":false,"template":"","format":"standard","meta":{"footnotes":""},"categories":[42],"tags":[10854,17,18,24171,13,14,11,61,62,63,64,19,20,737,9,10,15,16,14346,12,21,22,20479,65,66,67],"class_list":["post-365397","post","type-post","status-publish","format-standard","has-post-thumbnail","category-internacional","tag-advierte","tag-breaking-news","tag-breakingnews","tag-con","tag-featured-news","tag-featurednews","tag-headlines","tag-internacional","tag-international","tag-international-news","tag-internationalnews","tag-latest-news","tag-latestnews","tag-marco","tag-news","tag-noticias","tag-noticias-destacadas","tag-noticiasdestacadas","tag-rubio","tag-titulares","tag-ultimas-noticias","tag-ultimasnoticias","tag-usar","tag-world","tag-world-news","tag-worldnews"],"share_on_mastodon":{"url":"https:\/\/pubeurope.com\/@es\/115970919992605837","error":""},"_links":{"self":[{"href":"https:\/\/www.europesays.com\/es\/wp-json\/wp\/v2\/posts\/365397","targetHints":{"allow":["GET"]}}],"collection":[{"href":"https:\/\/www.europesays.com\/es\/wp-json\/wp\/v2\/posts"}],"about":[{"href":"https:\/\/www.europesays.com\/es\/wp-json\/wp\/v2\/types\/post"}],"author":[{"embeddable":true,"href":"https:\/\/www.europesays.com\/es\/wp-json\/wp\/v2\/users\/2"}],"replies":[{"embeddable":true,"href":"https:\/\/www.europesays.com\/es\/wp-json\/wp\/v2\/comments?post=365397"}],"version-history":[{"count":0,"href":"https:\/\/www.europesays.com\/es\/wp-json\/wp\/v2\/posts\/365397\/revisions"}],"wp:featuredmedia":[{"embeddable":true,"href":"https:\/\/www.europesays.com\/es\/wp-json\/wp\/v2\/media\/365398"}],"wp:attachment":[{"href":"https:\/\/www.europesays.com\/es\/wp-json\/wp\/v2\/media?parent=365397"}],"wp:term":[{"taxonomy":"category","embeddable":true,"href":"https:\/\/www.europesays.com\/es\/wp-json\/wp\/v2\/categories?post=365397"},{"taxonomy":"post_tag","embeddable":true,"href":"https:\/\/www.europesays.com\/es\/wp-json\/wp\/v2\/tags?post=365397"}],"curies":[{"name":"wp","href":"https:\/\/api.w.org\/{rel}","templated":true}]}}