{"id":365644,"date":"2026-01-28T08:40:08","date_gmt":"2026-01-28T08:40:08","guid":{"rendered":"https:\/\/www.europesays.com\/es\/365644\/"},"modified":"2026-01-28T08:40:08","modified_gmt":"2026-01-28T08:40:08","slug":"la-jueza-del-caso-fp-estrecha-el-cerco-sobre-el-gobierno-de-ayuso-al-investigar-a-un-exalto-cargo-noticias-de-madrid","status":"publish","type":"post","link":"https:\/\/www.europesays.com\/es\/365644\/","title":{"rendered":"La jueza del \u2018caso FP\u2019 estrecha el cerco sobre el Gobierno de Ayuso al investigar a un exalto cargo | Noticias de Madrid"},"content":{"rendered":"<p class=\"\">La jueza del caso FP, que investiga la presunta comisi\u00f3n de un delito de prevaricaci\u00f3n administrativa en obras de centros educativos p\u00fablicos de la Comunidad de Madrid acometidas entre 2021 y 2023, ha estrechado el cerco alrededor del Ejecutivo regional al convocar a declarar como investigado a un exalto cargo auton\u00f3mico. Se trata de <a href=\"https:\/\/elpais.com\/espana\/madrid\/2020-11-27\/madrid-rechaza-casi-dos-millones-de-euros-que-el-ministerio-de-educacion-ofrecia-para-estudiantes-vulnerables.html\" target=\"_blank\" rel=\"noreferrer nofollow noopener\" title=\"https:\/\/elpais.com\/espana\/madrid\/2020-11-27\/madrid-rechaza-casi-dos-millones-de-euros-que-el-ministerio-de-educacion-ofrecia-para-estudiantes-vulnerables.html\">Jos\u00e9 Mar\u00eda Rodr\u00edguez Jim\u00e9nez<\/a>, que fuera Director General de Educaci\u00f3n Secundaria, Formaci\u00f3n Profesional y R\u00e9gimen Especial entre 2019 y 2023. Tambi\u00e9n, como ha adelantado eldiario.es y ha confirmado EL PA\u00cdS, han sido convocados como testigos los directores de siete centros en los que en la mayor\u00eda supuestamente se produjo el fraccionamiento ficticio de contratos y facturas (a trav\u00e9s de contratos menores) para otorgar a dedo una docena de <a href=\"https:\/\/elpais.com\/espana\/madrid\/2025-05-22\/la-jueza-amplia-la-investigacion-del-caso-fp-que-salpica-al-gobierno-de-ayuso-al-citar-a-un-exalto-cargo-de-educacion.html\" rel=\"nofollow noopener\" title=\"https:\/\/elpais.com\/espana\/madrid\/2025-05-22\/la-jueza-amplia-la-investigacion-del-caso-fp-que-salpica-al-gobierno-de-ayuso-al-citar-a-un-exalto-cargo-de-educacion.html\" target=\"_blank\">obras que deber\u00edan haber salido a concurso p\u00fablico<\/a> por su millonaria cuant\u00eda. Se trata de la Escuela de Arte Alberto Coraz\u00f3n, IES Antonio Machado, Conservatorio Profesional de M\u00fasica de Alcal\u00e1 de Henares, IES Pr\u00edncipe Felipe, IES Virgen de la Paloma, IES Ciudad de los Poetas e IES Tet\u00faan de las Victorias, que se unen as\u00ed al centro de San Fernando. <\/p>\n<p>M\u00e1s informaci\u00f3n<\/p>\n<p class=\"\">Todo empieza con dos declaraciones que provocan un terremoto en 2025, cuando ya en la instrucci\u00f3n consta como investigado otro excargo regional (<a href=\"https:\/\/elpais.com\/espana\/madrid\/2025-03-12\/el-excargo-regional-investigado-en-el-caso-fp-senala-la-responsabilidad-de-la-mano-derecha-de-ayuso-enrique-ossorio.html\" target=\"_blank\" rel=\"noreferrer nofollow noopener\" title=\"https:\/\/elpais.com\/espana\/madrid\/2025-03-12\/el-excargo-regional-investigado-en-el-caso-fp-senala-la-responsabilidad-de-la-mano-derecha-de-ayuso-enrique-ossorio.html\">el que fuera subdirector general de FP<\/a>) y un empresario (la cara visible del grupo Virelec, presuntamente beneficiado por las concesiones troceadas). <\/p>\n<p class=\"\">\u2212\u00bfEn este caso se sab\u00eda que el procedimiento que se estaba aplicando no era ajustado a la legalidad?<\/p>\n<p class=\"\">\u2212Est\u00e1 claro. Es evidente. Para mi es evidente.<\/p>\n<p class=\"\">Quien recibe la pregunta y pronuncia esa respuesta es Jos\u00e9 Mar\u00eda Serrano, subdirector general de Educaci\u00f3n Secundaria de la Comunidad de Madrid hasta su jubilaci\u00f3n. Sus palabras suponen un punto y aparte. <\/p>\n<p class=\"\">Primero, porque dice haber expresado su rechazo al m\u00e9todo empleado durante una reuni\u00f3n de octubre de 2021 con otros cargos de la Consejer\u00eda de Educaci\u00f3n. Segundo, porque respalda su versi\u00f3n con un email enviado en diciembre de ese a\u00f1o en el que reclama aplicar la ley de contratos del sector p\u00fablico (\u201c[De lo contrario] <a href=\"https:\/\/elpais.com\/espana\/madrid\/2025-11-29\/un-excargo-del-gobierno-de-ayuso-alerto-internamente-de-la-posible-ilegalidad-de-los-contratos-del-caso-fp-manifiesto-mi-oposicion.html\" rel=\"nofollow noopener\" title=\"https:\/\/elpais.com\/espana\/madrid\/2025-11-29\/un-excargo-del-gobierno-de-ayuso-alerto-internamente-de-la-posible-ilegalidad-de-los-contratos-del-caso-fp-manifiesto-mi-oposicion.html\" target=\"_blank\">manifiesto mi total oposici\u00f3n<\/a>\u201d, sentenci\u00f3). Y tercero, porque uno de los receptores de ese correo, y uno de los asistentes a la reuni\u00f3n, dice, es un alto cargo del gobierno de Ayuso, Jos\u00e9 Mar\u00eda Rodr\u00edguez. El choque de versiones es evidente: Rodr\u00edguez, su superior como director general de Educaci\u00f3n Secundaria, FP y R\u00e9gimen Especial hasta 2023, declar\u00f3 ante la juez que \u201cjam\u00e1s\u201d supuso que las obras se estuvieran haciendo \u201cde forma irregular\u201d. Una contradicci\u00f3n de los dos testigos que no pas\u00f3 desapercibida, seg\u00fan fuentes jur\u00eddicas, y que ha acabado en la imputaci\u00f3n de Rodr\u00edguez a petici\u00f3n de la Fiscal\u00eda.<\/p>\n<p>M\u00e1s informaci\u00f3n<\/p>\n<p class=\"\">Todo empieza as\u00ed. En septiembre de 2023, dos centros educativos de FP de la Comunidad de Madrid, los IES Hotel Escuela y Ciudad Escolar, reciben sendos burofaxes de la empresa Virelec en los que se les reclaman 1,4 millones de euros por cantidades impagadas de obras. En la Direcci\u00f3n General de Infraestructuras dicen no saber nada de ellas, pese a su envergadura. Y saltan todas las alarmas. El gobierno regional solicita un informe de auditor\u00eda a la Intervenci\u00f3n General, que acaba detectando \u201cprovisionalmente\u201d hasta 3,9 millones en pagos solo a esta empresa. La Comunidad de Madrid <a href=\"https:\/\/elpais.com\/espana\/madrid\/2024-04-17\/el-gobierno-de-ayuso-denuncia-a-la-fiscalia-a-un-excargo-de-educacion.html\" rel=\"nofollow noopener\" target=\"_blank\">denuncia por ello en abril de 2024 a quien hab\u00eda sido el subdirector regional de FP, y a los dos directores de centros educativos<\/a> a los que la constructora reclamaba pagos pendientes. Empieza entonces un s\u00e1lvese qui\u00e9n pueda judicial. En resumen: nadie sab\u00eda nada. Hasta octubre.<\/p>\n<p class=\"\">\u201cEn la reuni\u00f3n digo muy claramente que (la obra) se tiene que atener la ley de contratos y que la tiene que hacer la direcci\u00f3n de infraestructuras\u201d, dice el exsubdirector de Educaci\u00f3n Secundaria sobre una cita que dice haber mantenido en 2021 con su superior, el director general de Educaci\u00f3n Secundaria y FP; su hom\u00f3logo, el subdirector de FP, investigado en la causa; y uno de los directores de los centros. \u201cSe intu\u00eda perfectamente que se iba a hacer a trav\u00e9s de los directores (de los centros educativos), pagando ellos las facturas\u201d, a\u00f1ade sobre el supuesto troceo ilegal de contratos. \u201cEl tama\u00f1o de la obra no cuadraba\u201d, recalca. Y remata: \u201cTen\u00eda claro que ah\u00ed iba a pasar algo raro y digo claramente que tiene que intervenir la direcci\u00f3n de Infraestructuras y el Consejo de Gobierno. Para este tama\u00f1o de obras no pod\u00eda hacerse de otra manera\u201d.<\/p>\n<p class=\"\">Como aval de esa declaraci\u00f3n sin apoyo documental en la causa consta un correo de Serrano enviado el 15 de diciembre de 2021 en el que este reclama aplicar \u201ccomo no puede ser de otro modo\u201d la <a href=\"https:\/\/www.boe.es\/buscar\/act.php?id=BOE-A-2017-12902\" rel=\"nofollow noopener\" title=\"https:\/\/www.boe.es\/buscar\/act.php?id=BOE-A-2017-12902\" target=\"_blank\">ley de contratos del sector p\u00fablico<\/a> en una de las obras investigadas. Es decir, que se haga un concurso p\u00fablico. \u201cEn cualquier otro caso, no podr\u00e1 procederse a la ejecuci\u00f3n de las mismas, manifestando as\u00ed mi total oposici\u00f3n a su realizaci\u00f3n\u201d, se\u00f1al\u00f3.<\/p>\n<p class=\"\">As\u00ed resumi\u00f3 el contenido Serrano en sede judicial, donde admiti\u00f3 que no hab\u00eda denunciado el caso m\u00e1s all\u00e1 de en aquella ocasi\u00f3n: \u201cYo env\u00edo un correo a mi jefe en el que le digo claramente que eso es ilegal, lo que se est\u00e1 haciendo all\u00ed, (&#8230;) y que se pare (&#8230;). Ya dije que (las obras) eran ilegales all\u00ed (&#8230;) Y por supuesto, desde ese momento me puse a vigilar para que no se me involucrara en nada m\u00e1s (&#8230;) Si antes de ese correo ten\u00eda poca informaci\u00f3n, despu\u00e9s, ninguna\u201d.<\/p>\n<p class=\"\">Los destinatarios del correo fueron dos de las tres personas que le acompa\u00f1aban, seg\u00fan su versi\u00f3n, en la reuni\u00f3n referida: el entonces subdirector de FP, y el director general de Secundaria, FP y R\u00e9gimen Especial. Y por todos esos detalles, la declaraci\u00f3n de Serrano contrasta con la protagonizada en julio por su superior.<\/p>\n<p class=\"\">\u201cHe trabajado siempre en una absoluta confianza en el trabajo de los subdirectores, tanto en el FP como Secundaria\u201d, dijo entonces Rodr\u00edguez, el director general de Educaci\u00f3n Secundaria, FP y R\u00e9gimen Especial. \u201cNi yo he dado instrucciones por supuesto a los centros para que hagan ninguna obra, y no tengo absolutamente ninguna relaci\u00f3n con constructores\u201d, subraya. \u201cJam\u00e1s pens\u00e9 o supuse que estos centros que est\u00e1n saliendo (como investigados) lo estaban haciendo de forma irregular. Jam\u00e1s\u201d, recalca. Y cuando le dicen si no hac\u00eda comprobaciones extra sobre lo que firmaba en relaci\u00f3n a los proyectos, lanza: \u201cSer\u00eda volver a repetir de nuevo todo el trabajo\u201d.<\/p>\n<p>Actuaci\u00f3n \u201cgrosera\u201d e \u201cirregular\u201d<\/p>\n<p class=\"\">La instrucci\u00f3n judicial se centra en esclarecer si los directivos de los centros actuaron por iniciativa propia (lo que ellos niegan), o siguiendo instrucciones de cargos de la Consejer\u00eda de Educaci\u00f3n (como se desprende de los informes de Inspecci\u00f3n, y de la Intervenci\u00f3n). Estas son las posibles irregularidades contempladas en la ley de contratos del sector p\u00fablico que comunica la Administraci\u00f3n: la posible contrataci\u00f3n verbal (art\u00edculos 37 y 132), y la ausencia de un documento que plasme las condiciones de licitaci\u00f3n (art\u00edculo 153) o fraccionamiento de la cuant\u00eda de los contratos para poder usar el contrato menor.<\/p>\n<p class=\"\">Durante su investigaci\u00f3n, desarrollada a lo largo de 2024, la Fiscal\u00eda ya vio \u201cuna actuaci\u00f3n administrativa claramente irregular y presuntamente delictiva\u201d en la \u201cgrosera y palmaria omisi\u00f3n del procedimiento\u201d aplicada por el Gobierno regional.<\/p>\n<p class=\"\">La jueza, por su parte, ya advirti\u00f3 en noviembre de 2024 \u201c<a href=\"https:\/\/elpais.com\/espana\/madrid\/2024-11-28\/una-jueza-ve-posible-infraccion-penal-en-el-presunto-fraccionamiento-de-facturas-para-reformar-centros-de-fp-del-gobierno-de-ayuso.html\" rel=\"nofollow noopener\" target=\"_blank\">la posible existencia de una infracci\u00f3n penal [prevaricaci\u00f3n administrativa]<\/a>\u201d.<\/p>\n<p class=\"\">Finalmente, las auditor\u00edas enviadas al juzgado por la propia administraci\u00f3n, a petici\u00f3n de la Fiscal\u00eda, coinciden en se\u00f1alar la responsabilidad de la Consejer\u00eda de Educaci\u00f3n.<\/p>\n<p class=\"\">\u201cSe han detectado gastos tramitados como contratos menores que superan la cuant\u00eda del contrato menor\u201d, se lee en ellas. \u201cAsimismo, se ha observado fraccionamiento del objeto del contrato (&#8230;) a fin de no superar los l\u00edmites establecidos para el contrato menor (&#8230;) y eludir el procedimiento de contrataci\u00f3n con licitaci\u00f3n aplicable\u201d, se a\u00f1ade. \u201cTeniendo en cuenta el objeto e importe de dichos gastos hubiera procedido la tramitaci\u00f3n de expediente de contrataci\u00f3n por \u00f3rgano competente de la consejer\u00eda\u201d, se explicita.<\/p>\n<p class=\"\">Con esos mimbres, el devenir del caso tiene en tensi\u00f3n a cargos clave del PP en Madrid. Uno es Enrique Ossorio, hoy presidente de la Asamblea regional, y entonces consejero de Educaci\u00f3n. Otro es Roc\u00edo Albert, ahora consejera de Econom\u00eda, Hacienda y Empleo, y entonces viceconsejera. \u00bfLa raz\u00f3n? Que la petici\u00f3n de testimonios y diligencias escala poco a poco en el escalaf\u00f3n de la consejer\u00eda en la que estuvieron trabajando hasta mediados de 2023. <\/p>\n","protected":false},"excerpt":{"rendered":"La jueza del caso FP, que investiga la presunta comisi\u00f3n de un delito de prevaricaci\u00f3n administrativa en obras&hellip;\n","protected":false},"author":2,"featured_media":365645,"comment_status":"","ping_status":"","sticky":false,"template":"","format":"standard","meta":{"footnotes":""},"categories":[8],"tags":[17,18,1467,2026,25,24,13,14,23367,25746,11,3515,19,20,205,9,10,15,16,18514,23,12,21,22],"class_list":["post-365644","post","type-post","status-publish","format-standard","has-post-thumbnail","category-espana","tag-breaking-news","tag-breakingnews","tag-comunidad-de-madrid","tag-educacion","tag-es","tag-espana","tag-featured-news","tag-featurednews","tag-formacion-profesional","tag-gobierno-comunidad-madrid","tag-headlines","tag-isabel-diaz-ayuso","tag-latest-news","tag-latestnews","tag-madrid","tag-news","tag-noticias","tag-noticias-destacadas","tag-noticiasdestacadas","tag-pp-madrid","tag-spain","tag-titulares","tag-ultimas-noticias","tag-ultimasnoticias"],"share_on_mastodon":{"url":"https:\/\/pubeurope.com\/@es\/115971832264387985","error":""},"_links":{"self":[{"href":"https:\/\/www.europesays.com\/es\/wp-json\/wp\/v2\/posts\/365644","targetHints":{"allow":["GET"]}}],"collection":[{"href":"https:\/\/www.europesays.com\/es\/wp-json\/wp\/v2\/posts"}],"about":[{"href":"https:\/\/www.europesays.com\/es\/wp-json\/wp\/v2\/types\/post"}],"author":[{"embeddable":true,"href":"https:\/\/www.europesays.com\/es\/wp-json\/wp\/v2\/users\/2"}],"replies":[{"embeddable":true,"href":"https:\/\/www.europesays.com\/es\/wp-json\/wp\/v2\/comments?post=365644"}],"version-history":[{"count":0,"href":"https:\/\/www.europesays.com\/es\/wp-json\/wp\/v2\/posts\/365644\/revisions"}],"wp:featuredmedia":[{"embeddable":true,"href":"https:\/\/www.europesays.com\/es\/wp-json\/wp\/v2\/media\/365645"}],"wp:attachment":[{"href":"https:\/\/www.europesays.com\/es\/wp-json\/wp\/v2\/media?parent=365644"}],"wp:term":[{"taxonomy":"category","embeddable":true,"href":"https:\/\/www.europesays.com\/es\/wp-json\/wp\/v2\/categories?post=365644"},{"taxonomy":"post_tag","embeddable":true,"href":"https:\/\/www.europesays.com\/es\/wp-json\/wp\/v2\/tags?post=365644"}],"curies":[{"name":"wp","href":"https:\/\/api.w.org\/{rel}","templated":true}]}}