{"id":365712,"date":"2026-01-28T09:37:08","date_gmt":"2026-01-28T09:37:08","guid":{"rendered":"https:\/\/www.europesays.com\/es\/365712\/"},"modified":"2026-01-28T09:37:08","modified_gmt":"2026-01-28T09:37:08","slug":"cristina-pedroche-cuenta-como-duerme-con-dabiz-munoz-y-ya-sabe-la-que-se-le-viene-encima-esto-tambien-sera-criticado","status":"publish","type":"post","link":"https:\/\/www.europesays.com\/es\/365712\/","title":{"rendered":"Cristina Pedroche cuenta c\u00f3mo duerme con Dabiz Mu\u00f1oz y ya sabe la que se le viene encima: &#8216;Esto tambi\u00e9n ser\u00e1 criticado&#8217;"},"content":{"rendered":"<p><a href=\"https:\/\/www.huffingtonpost.es\/virales\/si-ver-pedroche-campanadas-te-vino-persona-cabeza-estas-le-han-sacado-parecido-razonable-f202601.html\" rel=\"nofollow noopener\" target=\"_blank\">Cristina Pedroche se ha sincerado<\/a> con sus redes sociales y ha dedicado parte del martes a responder a las preguntas de sus seguidores, casi todas relacionadas <b>con sus hijos Isai y Laia<\/b> y su pareja, <b>el cocinero Dabiz Mu\u00f1oz.\u00a0<\/b><\/p>\n<p>Una de las cuestiones que m\u00e1s curiosidad ha generado tiene que ver con c\u00f3mo duermen. La pregunta en cuesti\u00f3n era: <b><a href=\"https:\/\/www.huffingtonpost.es\/life\/el-chef-dabiz-munoznala-restaurante-mejor-comer-20-euros-me-parece-cocinero-talento-f202601.html\" rel=\"nofollow noopener\" target=\"_blank\">\u00ab\u00bfMarido duerme en otra cama?<\/a> \u00bfo los cuatro juntos?<\/b> El m\u00edo en otra. Ojal\u00e1 se normalice que eso no es una crisis\u00bb.\u00a0<\/p>\n<p>La presentadora ha explicado que su marido duerme en otra cama y ella con sus dos hijos en otra y ha dado sus razones.\u00a0<\/p>\n<p>Dabiz, en otra cama<\/p>\n<p>\u00abTambi\u00e9n hay muchas preguntas sobre esto.\u00a0Cada familia creo que debe encontrar su propia f\u00f3rmula, la que mejor encaje con ellos.\u00a0Nosotros empezamos durmiendo los dos con Laia porque era lo que pensaba que &#8216;deb\u00edamos hacer&#8217; pero enseguida vi que eso no funcionaba con nosotros\u00bb, ha empezado diciendo.\u00a0<\/p>\n<p>Ha recordado Pedroche que ella no tuvo un buen posparto porque \u00abno dorm\u00eda absolutamente nada pensando que la ni\u00f1a podr\u00eda dejar de respirar, pensando que se podr\u00eda caer, pensando en si se hab\u00eda movido un poco porque quer\u00eda teta o por si ten\u00eda que cambiarle el pa\u00f1al\u00bb.\u00a0<\/p>\n<p>\u00abCada ruido para m\u00ed era un susto, as\u00ed que me llegaba a molestar hasta cuando Dabiz cambiaba de postura o si mov\u00eda un poco la s\u00e1bana\u00bb, ha reconocido en un texto que ha publicado en sus stories.\u00a0<\/p>\n<p>\u00abEra mejor que [Dabiz Mu\u00f1oz] se fuera a otra habitaci\u00f3n\u00bb<\/p>\n<p>Pedroche<\/p>\n<p>Por lo que tomaron una decisi\u00f3n que, como ella misma ha reconocido, seguro que ahora ser\u00e1 criticada: \u00abLo hablamos y llegamos a la conclusi\u00f3n de que <b>era mejor que se fuera a otra habitaci\u00f3n<\/b>. Y desde entonces estamos as\u00ed, as\u00ed \u00e9l si llega muy tarde de trabajar no me despierta\u00bb.\u00a0<\/p>\n<p>\u00abAhora normalmente <b>nos metemos todos en la cama y es Dabiz el que cuenta los cuentos y cuando ya nos vamos a dormir nos da un beso, apagamos la luz y ya me quedo yo con los dos<\/b>, uno a cada lado. Ya s\u00e9 que esto tambi\u00e9n ser\u00e1 criticado pero como os digo es lo que nos funciona a nosotros, cada uno en su casa que haga lo que quiera y lo que le funcione\u00bb, ha se\u00f1alado.\u00a0<\/p>\n<p>Edad de sus hijos y el apellido Pedroche primero\u00a0<\/p>\n<p>Cristina Pedroche y Dabiz Mu\u00f1oz tienen dos hijos Laia, que naci\u00f3 en julio de 2023 e Isai, que naci\u00f3 en julio de 2025. Como curiosidad, el apellido Pedroche es el primero en lugar del Mu\u00f1oz del padre, algo todav\u00eda poco habitual en Espa\u00f1a.\u00a0<\/p>\n<p><b>El art\u00edculo 194 del C\u00f3digo Civil<\/b> dice al respecto que \u00absi la filiaci\u00f3n est\u00e1 determinada por ambas l\u00edneas y a salvo la opci\u00f3n prevista en el art\u00edculo 194 del C\u00f3digo Civil, primer apellido de un espa\u00f1ol es el primero del padre y segundo apellido el primero de los personales de la madre, aunque sea extranjera\u00bb.<\/p>\n<p>Tambi\u00e9n se especifica que se puede cambiar el orden \u00absiempre que est\u00e9n de acuerdo los dos progenitores\u00bb, como ha sido en este caso concreto de Mu\u00f1oz y de Pedroche.\u00a0<\/p>\n","protected":false},"excerpt":{"rendered":"Cristina Pedroche se ha sincerado con sus redes sociales y ha dedicado parte del martes a responder a&hellip;\n","protected":false},"author":2,"featured_media":365713,"comment_status":"","ping_status":"","sticky":false,"template":"","format":"standard","meta":{"footnotes":""},"categories":[174],"tags":[255,18875,6341,146,147,25,24,256,23],"class_list":["post-365712","post","type-post","status-publish","format-standard","has-post-thumbnail","category-famosos","tag-celebrities","tag-cristina-pedroche","tag-dabiz-munoz","tag-entertainment","tag-entretenimiento","tag-es","tag-espana","tag-famosos","tag-spain"],"share_on_mastodon":{"url":"https:\/\/pubeurope.com\/@es\/115972056340105730","error":""},"_links":{"self":[{"href":"https:\/\/www.europesays.com\/es\/wp-json\/wp\/v2\/posts\/365712","targetHints":{"allow":["GET"]}}],"collection":[{"href":"https:\/\/www.europesays.com\/es\/wp-json\/wp\/v2\/posts"}],"about":[{"href":"https:\/\/www.europesays.com\/es\/wp-json\/wp\/v2\/types\/post"}],"author":[{"embeddable":true,"href":"https:\/\/www.europesays.com\/es\/wp-json\/wp\/v2\/users\/2"}],"replies":[{"embeddable":true,"href":"https:\/\/www.europesays.com\/es\/wp-json\/wp\/v2\/comments?post=365712"}],"version-history":[{"count":0,"href":"https:\/\/www.europesays.com\/es\/wp-json\/wp\/v2\/posts\/365712\/revisions"}],"wp:featuredmedia":[{"embeddable":true,"href":"https:\/\/www.europesays.com\/es\/wp-json\/wp\/v2\/media\/365713"}],"wp:attachment":[{"href":"https:\/\/www.europesays.com\/es\/wp-json\/wp\/v2\/media?parent=365712"}],"wp:term":[{"taxonomy":"category","embeddable":true,"href":"https:\/\/www.europesays.com\/es\/wp-json\/wp\/v2\/categories?post=365712"},{"taxonomy":"post_tag","embeddable":true,"href":"https:\/\/www.europesays.com\/es\/wp-json\/wp\/v2\/tags?post=365712"}],"curies":[{"name":"wp","href":"https:\/\/api.w.org\/{rel}","templated":true}]}}