{"id":36577,"date":"2025-08-09T19:00:08","date_gmt":"2025-08-09T19:00:08","guid":{"rendered":"https:\/\/www.europesays.com\/es\/36577\/"},"modified":"2025-08-09T19:00:08","modified_gmt":"2025-08-09T19:00:08","slug":"el-san-pablo-burgos-ya-mira-a-la-acb","status":"publish","type":"post","link":"https:\/\/www.europesays.com\/es\/36577\/","title":{"rendered":"El San Pablo Burgos ya mira a la ACB"},"content":{"rendered":"<p>Todav\u00eda queda algo m\u00e1s de una semana para que el San Pablo comience la pretemporada y casi dos meses para el inicio de la Liga Endesa, pero la direcci\u00f3n deportiva ya tiene los deberes hechos en el mercado de fichajes y solo falta ultimar algunos detalles para cerrar la plantilla de forma definitiva. A d\u00eda de hoy, cuenta con una docena de jugadores, aunque todo parece indicar que habr\u00e1 cambios en la posici\u00f3n de ala-p\u00edvot, pues Gyorgy Golom\u00e1n tiene muchas papeletas de salir, mientras que Jermaine Samuels es el candidato n\u00famero uno a ocupar su puesto. De cerrarse esas operaciones, Bruno Savignani tendr\u00eda el plantel definitivo para pelear por la salvaci\u00f3n.\u00a0<\/p>\n<p>El conjunto burgal\u00e9s ha apostado por una f\u00f3rmula que combina la continuidad con los fichajes por el cambio de categor\u00eda. Despu\u00e9s de bordarlo en Primera FEB, Savignani seguir\u00e1 al frente del banquillo con el objetivo de ser fiel a su filosof\u00eda. Mantiene buena parte del grupo que le llev\u00f3 al \u00e9xito el a\u00f1o anterior y \u00a0el club ha realizado dos fichajes que el brasile\u00f1o conoce bien, sus compatriotas Ra\u00fal Neto y Leo Meindl.<\/p>\n<p>Neto es una de las grandes esperanzas del verano azul\u00f3n. El base brasile\u00f1o, de 33 a\u00f1os, es un contrastado director de juego que viene de una temporada extra\u00f1a. Fich\u00f3 por el Barcelona en noviembre, pero dos lesiones musculares apenas le permitieron tener minutos y fue &#8216;cortado&#8217;, as\u00ed que lleva sin equipo desde enero. Su calidad est\u00e1 fuera de toda duda y la idea es que recupere su mejor versi\u00f3n en Burgos.<\/p>\n<p>Compartir\u00e1 posici\u00f3n con Jon Axel Gudmundsson, un base m\u00e1s f\u00edsico y con mucho equilibrio en el binomio &#8216;defensa-ataque&#8217;. Savignani, que ya le conoc\u00eda de su etapa en Italia, es un enamorado de su juego y el curso pasado se gan\u00f3 a pulso su renovaci\u00f3n.<\/p>\n<p>Otro de los que contin\u00faa es Gonzalo Corbal\u00e1n, que har\u00e1 su debut en la ACB despu\u00e9s de tirar abajo la puerta de la \u00a0Primera FEB. Sus condiciones y progresi\u00f3n invitan a pensar que se adaptar\u00e1 a la perfecci\u00f3n a la nueva categor\u00eda. Junto a \u00e9l, el puesto de escolta lo completa Jhivvan Jackson, el fichaje estrella del verano. El americano, con un perfil m\u00e1s tirador que Corbal\u00e1n, viene de ser el &#8216;MVP&#8217; de la Basketball Champions League con el W\u00fczburg alem\u00e1n y habr\u00e1 que ver si es capaz de sacar todo su talento en la mejor liga de Europa.<\/p>\n<p>En la demarcaci\u00f3n de alero, el San Pablo ha tra\u00eddo de vuelta a Espa\u00f1a a Leo Meindl. El brasile\u00f1o se encontraba jugando en Jap\u00f3n, pero ya conoce la liga despu\u00e9s de su paso por el Fuenlabrada. Adem\u00e1s, Savignani ha compartido vestuario con \u00e9l en la selecci\u00f3n. En su posici\u00f3n estar\u00e1n tambi\u00e9n dos &#8216;cupos&#8217; que, sobre el papel, no tendr\u00e1n tanto protagonismo: Pablo Almaz\u00e1n y Juan Rubio. El primero es un veterano que ya demostr\u00f3 su val\u00eda el a\u00f1o pasado dentro y fuera de la pista, mientras que el segundo llega a Burgos desde el Estudiantes y habr\u00e1 que ver si es capaz de hacerse un hueco.<\/p>\n<p>En cuanto al interior, Dani D\u00edez es un seguro de vida por su experiencia y su amenaza exterior. Su compa\u00f1ero de baile a\u00fan est\u00e1 en el aire, pues la continuidad de Golom\u00e1n \u00a0parece complicada si se confirma el fichaje de Samuels. El equipo se completa con la continuidad de Luke Fischer y los fichajes de Silvio de Sousa y Yannick Nzosa en el puesto de p\u00edvot. \u00a0\u00a0<\/p>\n","protected":false},"excerpt":{"rendered":"Todav\u00eda queda algo m\u00e1s de una semana para que el San Pablo comience la pretemporada y casi dos&hellip;\n","protected":false},"author":2,"featured_media":36578,"comment_status":"","ping_status":"","sticky":false,"template":"","format":"standard","meta":{"footnotes":""},"categories":[269],"tags":[299,298,14681,168,25,24,2612,3923,628,831,665,3917,3919,23,167],"class_list":{"0":"post-36577","1":"post","2":"type-post","3":"status-publish","4":"format-standard","5":"has-post-thumbnail","7":"category-baloncesto","8":"tag-baloncesto","9":"tag-basketball","10":"tag-bruno-savignani","11":"tag-deportes","12":"tag-es","13":"tag-espana","14":"tag-feb","15":"tag-federacion-espanola-de-baloncesto","16":"tag-italia","17":"tag-liga-acb","18":"tag-liga-endesa","19":"tag-primera-feb","20":"tag-san-pablo-burgos","21":"tag-spain","22":"tag-sports"},"share_on_mastodon":{"url":"","error":""},"_links":{"self":[{"href":"https:\/\/www.europesays.com\/es\/wp-json\/wp\/v2\/posts\/36577","targetHints":{"allow":["GET"]}}],"collection":[{"href":"https:\/\/www.europesays.com\/es\/wp-json\/wp\/v2\/posts"}],"about":[{"href":"https:\/\/www.europesays.com\/es\/wp-json\/wp\/v2\/types\/post"}],"author":[{"embeddable":true,"href":"https:\/\/www.europesays.com\/es\/wp-json\/wp\/v2\/users\/2"}],"replies":[{"embeddable":true,"href":"https:\/\/www.europesays.com\/es\/wp-json\/wp\/v2\/comments?post=36577"}],"version-history":[{"count":0,"href":"https:\/\/www.europesays.com\/es\/wp-json\/wp\/v2\/posts\/36577\/revisions"}],"wp:featuredmedia":[{"embeddable":true,"href":"https:\/\/www.europesays.com\/es\/wp-json\/wp\/v2\/media\/36578"}],"wp:attachment":[{"href":"https:\/\/www.europesays.com\/es\/wp-json\/wp\/v2\/media?parent=36577"}],"wp:term":[{"taxonomy":"category","embeddable":true,"href":"https:\/\/www.europesays.com\/es\/wp-json\/wp\/v2\/categories?post=36577"},{"taxonomy":"post_tag","embeddable":true,"href":"https:\/\/www.europesays.com\/es\/wp-json\/wp\/v2\/tags?post=36577"}],"curies":[{"name":"wp","href":"https:\/\/api.w.org\/{rel}","templated":true}]}}