{"id":366179,"date":"2026-01-28T15:50:09","date_gmt":"2026-01-28T15:50:09","guid":{"rendered":"https:\/\/www.europesays.com\/es\/366179\/"},"modified":"2026-01-28T15:50:09","modified_gmt":"2026-01-28T15:50:09","slug":"antes-de-avengers-doomsday-marvel-presenta-wonder-man-quien-es-y-por-que-su-serie-podria-ser-clave-para-la-pelicula","status":"publish","type":"post","link":"https:\/\/www.europesays.com\/es\/366179\/","title":{"rendered":"Antes de Avengers Doomsday, Marvel presenta Wonder Man: qui\u00e9n es y por qu\u00e9 su serie podr\u00eda ser clave para la pel\u00edcula"},"content":{"rendered":"<p class=\"com-paragraph   --s\"><strong>Marvel <\/strong>decidi\u00f3 iniciar el 2026, <a href=\"https:\/\/www.lanacion.com.ar\/espectaculos\/marvel-lanzo-el-primer-adelanto-de-avengers-doomsday-y-confirmo-el-regreso-mas-esperado-nid19122025\/\" target=\"_self\" title=\"https:\/\/www.lanacion.com.ar\/espectaculos\/marvel-lanzo-el-primer-adelanto-de-avengers-doomsday-y-confirmo-el-regreso-mas-esperado-nid19122025\/\" class=\"com-link break-word\" data-mrf-recirculation=\"n_link_parrafo\" rel=\"nofollow noopener\">uno de sus a\u00f1os m\u00e1s prometedores<\/a> en materia de estrenos, con el <strong>lanzamiento de la serie <\/strong><strong>Wonder Man<\/strong>, la cual llega sin mucha expectativa entre los fan\u00e1ticos y ser\u00e1 fundamental para el futuro inmediato del Universo Cinematogr\u00e1fico (MCU), ya que introducir\u00e1 al personaje <strong>Simon Williams<\/strong>,<strong> <\/strong>que estar\u00e1 interpretado por <strong>Yahya Abdul-Mateen II<\/strong>.<\/p>\n<p class=\"com-paragraph   --s\">Wonder Man, que en espa\u00f1ol significa <strong>Hombre Maravilla<\/strong>, es uno de los superh\u00e9roes m\u00e1s poderosos en el mundo de Marvel, al menos en los c\u00f3mics. A trav\u00e9s de <a href=\"https:\/\/www.marvel.com\/articles\/comics\/how-wonder-man-got-his-powers-in-the-comics\" target=\"_blank\" title=\"https:\/\/www.marvel.com\/articles\/comics\/how-wonder-man-got-his-powers-in-the-comics\" class=\"com-link break-word\" data-mrf-recirculation=\"n_link_parrafo\" rel=\"nofollow noopener\">un informe publicado en su sitio web<\/a>, la productora de Disney se encarg\u00f3 de revelar los principales secretos sobre este personaje. En primer lugar, mencionaron que en <strong>sus inicios fue una especie de villano<\/strong> que buscaba enfrentarse a Iron Man, por lo que luego de quedar encarcelado, llam\u00f3 la atenci\u00f3n del Bar\u00f3n Zemo, quien lo \u201cbombarde\u00f3 con grandes cantidades de <strong>energ\u00eda i\u00f3nica<\/strong>, otorg\u00e1ndole <strong>habilidades sobrehumanas<\/strong>\u201d.<\/p>\n<p>Wonder Man genera muchas preguntas entre los fan\u00e1ticos porque es un personaje no muy conocidoWalt Disney Studios<\/p>\n<p class=\"com-paragraph   --s\">A ra\u00edz de lo sucedido, Simon Williams obtuvo su <strong>fuerza sobrehumana y una piel invulnerable<\/strong> a cambio de unirse a Los Vengadores (Avengers) como un agente doble, pero se arrepinti\u00f3 y traicion\u00f3 a Zemo. Con el paso del tiempo, desarroll\u00f3 otras capacidades, como la de volar, y sus poderes evolucionaron al punto que se convirti\u00f3 en <strong>un ser de energ\u00eda<\/strong>, una naturaleza \u00fanica que <strong>le dio inmortalidad<\/strong>.<\/p>\n<p class=\"com-paragraph   --s\">Pero la parte m\u00e1s interesante de su historia est\u00e1 vinculada con Doctor Doom, el villano principal de las pr\u00f3ximas pel\u00edculas Avengers Doomsday (2026) y Avengers Secret Wars (2027). \u201cAlgunas de las haza\u00f1as m\u00e1s impresionantes de Wonder Man ocurrieron al combinar sus habilidades \u00fanicas con su <strong>fuerza de voluntad<\/strong>. En la novela gr\u00e1fica Emperor Doom #1 (1987), Doctor Doom se apoder\u00f3 del mundo usando los poderes de control mental del Hombre P\u00farpura. Como el \u00fanico Vengador no afectado, <strong>el Hombre Maravilla se enfrent\u00f3 directamente al monarca latveriano<\/strong>\u201d, revel\u00f3 Marvel en su web.<\/p>\n<p class=\"com-paragraph   --s\">De esta manera, podr\u00eda volver a repetirse lo que ocurri\u00f3 con el personaje Carol Danvers \/ Capitana Marvel entre Avengers Infinity War y Avengers Endgame. En aquella ocasi\u00f3n, la escena postcr\u00e9ditos introdujo por primera vez el logo de la superhero\u00edna interpretada por Brie Larson y su rol fue <strong>fundamental para conseguir la victoria ante Thanos<\/strong>. En este caso, Wonder Man saldr\u00e1 antes de Doomsday y Secret Wars, pero su papel podr\u00eda tener <strong>un futuro similar en el enfrentamiento con Doctor Doom<\/strong>.<\/p>\n<p>Un enfrentamiento entre Doctor Doom y Wonder Man podr\u00eda ser la clave en las pel\u00edculas de AvengersInstagram (@robertdowneyjr\/@yahya)<\/p>\n<p class=\"com-paragraph   --s\">Un dato que no es para nada menor es que Wonder Man est\u00e1 dirigida por <strong>Destin Daniel Cretton<\/strong>, quien ya estuvo al frente de la pel\u00edcula Shang-Chi y la leyenda de los Diez Anillos (2021) y cumpli\u00f3 este mismo rol en el filme Spider-Man: Brand New Day, a estrenarse el jueves 30 de julio en Argentina. <\/p>\n<p>Destin Daniel Cretton celebr\u00f3 junto a Tom Holland tras finalizar las filmaciones de Spider-Man: Brand New DayInstagram (@destindaniel)<\/p>\n<p class=\"com-paragraph   --s\">A su vez, <strong>Arian Moayed volver\u00e1 a interpretar al agente P. Cleary<\/strong>, quien debut\u00f3 en Marvel con la pel\u00edcula Spider-Man: sin camino a casa (2021) y luego particip\u00f3 de la serie Ms. Marvel (2022). En ambas ocasiones, se encarg\u00f3 de controlar el lado legal de los superh\u00e9roes. \u201c<strong>El Departamento del Control de Da\u00f1os considera a Simon Williams una gran amenaza<\/strong>\u201d, expresa el agente en el tr\u00e1iler oficial de Wonder Man, por lo que es evidente que las capacidades de este nuevo personaje dar\u00e1n mucho que hablar entre los fans.<\/p>\n<p>El agente P. Cleary volver\u00e1 a perseguir a un personaje de Marvel y esto indica que ser\u00e1 poderosoWalt Disney Studios<\/p>\n<p class=\"com-paragraph   --s\">Para celebrar la llegada de esta nueva superproducci\u00f3n, Marvel decidi\u00f3 realizar un evento de presentaci\u00f3n en el TCL Chinese Theatre de Hollywood, donde todo el elenco de Wonder Man desfil\u00f3 por una alfombra roja y dialog\u00f3 con la prensa. All\u00ed tambi\u00e9n se observ\u00f3 la presencia de las actrices <strong>X\u00f3chitl G\u00f3mez<\/strong> y <strong>Sasheer Zamata<\/strong>, quienes interpretan a los personajes <strong>Am\u00e9rica Ch\u00e1vez <\/strong>(Doctor Strange en el Multiverso de la Locura) y <strong>Jennifer Kale <\/strong>(Agatha en todas partes), respectivamente. Ambas tuvieron apenas una participaci\u00f3n en las mencionadas producciones, por lo que los fan\u00e1ticos esperan verlas nuevamente, lo que gener\u00f3 muchas expectativas con Wonder Man.<\/p>\n<p class=\"com-paragraph   --s\">Mediante un comunicado de prensa, Disney+ revel\u00f3 que <strong>Wonder Man <\/strong><strong>no exige conocimientos previos<\/strong> del Universo Cinematogr\u00e1fico de Marvel para comprender la historia. De igual manera, enfatizaron en que la historia se conecta con el MCU <strong>a trav\u00e9s del personaje de Trevor Slattery (Ben Kingsley)<\/strong>, ya que aparece en las pel\u00edculas Iron Man 3 (2013) y Shang-Chi y la leyenda de los Diez Anillos (2021).<\/p>\n<p><img class=\"image com-image flex --cover\" decoding=\"async\" fetchpriority=\"low\" loading=\"lazy\" src=\"https:\/\/www.europesays.com\/es\/wp-content\/uploads\/2026\/01\/https:\/\/cdn.jwplayer.com\/v2\/media\/nOTX0rL0\/poster.jpg\" alt=\"Trevor Slattery fue El Mandar\u00edn en Iron Man 3 y ahora se conocer\u00e1 m\u00e1s sobre su historia\"\/>Trevor Slattery fue El Mandar\u00edn en Iron Man 3 y ahora se conocer\u00e1 m\u00e1s sobre su historia<\/p>\n<p class=\"com-paragraph   --s\">En cuanto al v\u00ednculo entre los protagonistas, la plataforma de streaming explic\u00f3 que Simon Williams se encuentra en b\u00fasqueda de su <strong>gran oportunidad actoral en Hollywood<\/strong>, mientras que Slattery quiere <strong>reconstruir su narrativa<\/strong> luego de haber interpretado al terrorista conocido como El Mandar\u00edn en Iron Man 3. Con este punto art\u00edstico en com\u00fan, los personajes cruzar\u00e1n sus caminos y <strong>forjar\u00e1n una amistad<\/strong> alrededor de su colaboraci\u00f3n. \u201cTrevor ayuda a Simon a <strong>salir de su propia cabeza<\/strong> el tiempo suficiente como para realmente sentir. Y cuando eso ocurre, afloran emociones de su pasado que no termin\u00f3 de procesar&#8230; Y en el caso de Simon, <strong>puede resultar bastante explosivo<\/strong>\u201d, revel\u00f3 el director Destin Daniel Cretton.<\/p>\n<p>Elenco completoBen Kingsley y Yahya Abdul-Mateen II ser\u00e1n los protagonistas de Wonder ManWalt Disney Studios<\/p>\n<p class=\"com-paragraph   --s\">Adem\u00e1s, Lauren Glazier, Manny McCord, Simon Templeman, Dane Larsen, Phumzile Sitole, Jere Burns, Charlotte Ross y Torrey Vogel ser\u00e1n parte de la serie, pero no se revelaron cu\u00e1les ser\u00e1n sus papeles.<\/p>\n<p>Fecha de estreno y episodios<\/p>\n<p class=\"com-paragraph   --s\">Los ocho episodios de Wonder Man se estrenar\u00e1n exclusivamente <a href=\"https:\/\/www.disneyplus.com\/es-ar\/browse\/entity-555c5896-02e4-4873-8fa9-ce090dcd874b\" target=\"_blank\" title=\"https:\/\/www.disneyplus.com\/es-ar\/browse\/entity-555c5896-02e4-4873-8fa9-ce090dcd874b\" class=\"com-link break-word\" data-mrf-recirculation=\"n_link_parrafo\" rel=\"nofollow noopener\">en la plataforma de streaming Disney+<\/a> el <strong>27 de enero a las 23:00 h<\/strong>. Adem\u00e1s, ya se revel\u00f3 c\u00f3mo se llamar\u00e1n cada uno de ellos, lo que podr\u00eda ser un indicio del contenido:<\/p>\n<p>Los nombres de los ocho cap\u00edtulos de Wonder Man fueron revelados en las redes de MarvelX (@MarvelStudios)Sinopsis oficial<\/p>\n<p class=\"com-paragraph   --s\">\u201cEl aspirante a actor, <strong>Simon Williams<\/strong>, lucha por hacer despegar su carrera. Durante un encuentro por casualidad con el actor veterano <strong>Trevor Slattery<\/strong>, Simon se entera de que el legendario director <strong>Von Kovak<\/strong> est\u00e1 por hacer la remake de la pel\u00edcula de superh\u00e9roes Wonder Man. Estos actores en los extremos opuestos de sus carreras persiguen roles en esta pel\u00edcula que <strong>cambiar\u00edan sus vidas<\/strong>, mientras la audiencia puede <strong>espiar detr\u00e1s del tel\u00f3n de la industria del entretenimiento<\/strong>\u201d.<\/p>\n","protected":false},"excerpt":{"rendered":"Marvel decidi\u00f3 iniciar el 2026, uno de sus a\u00f1os m\u00e1s prometedores en materia de estrenos, con el lanzamiento&hellip;\n","protected":false},"author":2,"featured_media":366180,"comment_status":"","ping_status":"","sticky":false,"template":"","format":"standard","meta":{"footnotes":""},"categories":[169],"tags":[19340,177,81293,146,147,25,24,2793,176,175,23],"class_list":["post-366179","post","type-post","status-publish","format-standard","has-post-thumbnail","category-cine","tag-alfombra","tag-cine","tag-critics-choice-awards-2024","tag-entertainment","tag-entretenimiento","tag-es","tag-espana","tag-espectaculos","tag-film","tag-movies","tag-spain"],"share_on_mastodon":{"url":"https:\/\/pubeurope.com\/@es\/115973523008567553","error":""},"_links":{"self":[{"href":"https:\/\/www.europesays.com\/es\/wp-json\/wp\/v2\/posts\/366179","targetHints":{"allow":["GET"]}}],"collection":[{"href":"https:\/\/www.europesays.com\/es\/wp-json\/wp\/v2\/posts"}],"about":[{"href":"https:\/\/www.europesays.com\/es\/wp-json\/wp\/v2\/types\/post"}],"author":[{"embeddable":true,"href":"https:\/\/www.europesays.com\/es\/wp-json\/wp\/v2\/users\/2"}],"replies":[{"embeddable":true,"href":"https:\/\/www.europesays.com\/es\/wp-json\/wp\/v2\/comments?post=366179"}],"version-history":[{"count":0,"href":"https:\/\/www.europesays.com\/es\/wp-json\/wp\/v2\/posts\/366179\/revisions"}],"wp:featuredmedia":[{"embeddable":true,"href":"https:\/\/www.europesays.com\/es\/wp-json\/wp\/v2\/media\/366180"}],"wp:attachment":[{"href":"https:\/\/www.europesays.com\/es\/wp-json\/wp\/v2\/media?parent=366179"}],"wp:term":[{"taxonomy":"category","embeddable":true,"href":"https:\/\/www.europesays.com\/es\/wp-json\/wp\/v2\/categories?post=366179"},{"taxonomy":"post_tag","embeddable":true,"href":"https:\/\/www.europesays.com\/es\/wp-json\/wp\/v2\/tags?post=366179"}],"curies":[{"name":"wp","href":"https:\/\/api.w.org\/{rel}","templated":true}]}}