{"id":366234,"date":"2026-01-28T16:32:10","date_gmt":"2026-01-28T16:32:10","guid":{"rendered":"https:\/\/www.europesays.com\/es\/366234\/"},"modified":"2026-01-28T16:32:10","modified_gmt":"2026-01-28T16:32:10","slug":"una-exposicion-inmersiva-permitira-al-publico-habitar-proyectos-ineditos-de-gaudi","status":"publish","type":"post","link":"https:\/\/www.europesays.com\/es\/366234\/","title":{"rendered":"Una exposici\u00f3n inmersiva permitir\u00e1 al p\u00fablico \u00abhabitar\u00bb proyectos in\u00e9ditos de Gaud\u00ed"},"content":{"rendered":"<p class=\"ft-text ft-helper-closenews\">En 1877, el estudiante de la Escuela Superior de Arquitectura de Barcelona <strong>Antoni Gaud\u00ed i Cornet<\/strong> present\u00f3 en el examen final de la asignatura de Proyectos el dise\u00f1o de <strong>una fuente monumental para la plaza de Catalunya<\/strong>. No era una fuente cualquiera. Con 66,66 metros de di\u00e1metro y 47 metros de altura, la construcci\u00f3n planeada por el joven Gaud\u00ed era una verdadera catedral de agua, \u00abuna obra extraordinaria que ya dice mucho sobre lo que ser\u00e1 su arquitectura\u00bb, seg\u00fan apunta <strong>Galdric Santana<\/strong>, director de la C\u00e0tedra Gaud\u00ed de la <strong>Universitat Polit\u00e8cnica de Catalunya<\/strong> y comisario del <strong>A\u00f1o Gaud\u00ed 2026<\/strong> que <a class=\"ft-link ft-link--decoration\" href=\"https:\/\/www.elperiodico.com\/es\/ocio-y-cultura\/20251030\/ano-gaudi-2026-proyectara-arquitecto-123184324\" target=\"_blank\" rel=\"nofollow noopener\">conmemora el centenario de la muerte del arquitecto<\/a> de Reus (o de Riudoms, que lo del lugar de nacimiento sigue siendo fuente de una controversia en la que conviene no tomar partido). Precisamente, en el marco de los actos programados para el A\u00f1o Gaud\u00ed ser\u00e1 ahora posible no solo ver sino tambi\u00e9n entrar dentro de esa fuente algo intimidante concebida hace un siglo y medio y que nunca se lleg\u00f3 a construir.<\/p>\n<p class=\"ft-text\">La fuente monumental de la plaza de Catalunya -por la que Gaud\u00ed recibi\u00f3 un notable; no lleg\u00f3 al excelente porque le penaliz\u00f3 el haberse llevado el trabajo a casa para acabarlo en la noche anterior- formar\u00e1 parte de <strong>&#8216;Codi Gaud\u00ed, l\u2019experi\u00e8ncia in\u00e8dita&#8217;<\/strong>, una exposici\u00f3n inmersiva producida por Mediapro Xperiences que mediante el uso de tecnolog\u00edas de \u00faltima generaci\u00f3n permitir\u00e1 al p\u00fablico <strong>conocer y \u00abhabitar\u00bb algunos proyectos no realizados o desaparecidos<\/strong> del arquitecto y descubrir las facetas m\u00e1s desconocidas de su visionaria obra. La muestra abrir\u00e1 sus puertas en Barcelona en el \u00faltimo trimestre del a\u00f1o (previsiblemente, en octubre) en un espacio de m\u00e1s de 1.000 metros cuadrados que los responsables prefieren no desvelar todav\u00eda.<\/p>\n<p><img decoding=\"async\" src=\"https:\/\/www.europesays.com\/es\/wp-content\/uploads\/2026\/01\/237bc5cf-f7e9-47d6-b400-83c8a2be2364_alta-libre-aspect-ratio_default_0_x400y202.jpg\" width=\"1200\" height=\"912\" alt=\"Una de las dos l\u00e1minas que se conservan del proyecto de fuente para la plaza de Catalunya de Gaud\u00ed\" class=\"ft-helper-img-rd\" loading=\"lazy\"\/><\/p>\n<p class=\"ft-helper-fontColor-quaternary ft-helper-fontSize-body-S ft-helper-spacer-t-xxs\">Una de las dos l\u00e1minas que se conservan del proyecto de fuente para la plaza de Catalunya de Gaud\u00ed  \/ Fundaci\u00f3 Antoni Gaud\u00ed<\/p>\n<p>El orden invisible<\/p>\n<p class=\"ft-text\">&#8216;Codi Gaud\u00ed, l\u2019experi\u00e8ncia in\u00e8dita&#8217; es solo una de las decenas de actividades que, <strong>bajo el lema &#8216;El orden invisible&#8217;<\/strong>, se llevar\u00e1n a cabo en los pr\u00f3ximos meses con ocasi\u00f3n del A\u00f1o Gaud\u00ed, una celebraci\u00f3n que se puso en marcha el pasado 8 de noviembre con un acto institucional en Reus y Riudoms y a la que <strong>el Departament de Cultura de la Generalitat dedicar\u00e1 6,5 millones de euros<\/strong> (\u00abmucho m\u00e1s de lo que se suele dedicar a este tipo de ef\u00e9merides\u00bb, subraya Francesc Vilar\u00f3, jefe del Gabinete T\u00e9cnico de la \u2018conselleria\u2019).<\/p>\n<p class=\"ft-text\">En las m\u00faltiples actividades de la conmemoraci\u00f3n participan numerosas administraciones, entidades culturales, colegios profesionales, expertos y los gestores de los edificios de Gaud\u00ed, tanto de titularidad p\u00fablica como privada, reunidos en el <strong>Consell Antoni Gaud\u00ed<\/strong>, aunque el liderazgo t\u00e9cnico queda reservado a la Universitat Polit\u00e8cnica de Catalunya con el prop\u00f3sito de dotar a la celebraci\u00f3n de <strong>\u00abun contexto cient\u00edfico y acad\u00e9mico\u00bb<\/strong>, tal como ha destacado Galdric Santana en un encuentro informativo que ha tenido lugar en la Escuela T\u00e9cnica Superior de Arquitectura de Barcelona. Ese rigor en la aproximaci\u00f3n cient\u00edfica debe servir, entre otras cosas, para preservar el legado de Gaud\u00ed frente a \u00abla exaltaci\u00f3n acr\u00edtica de la obra y el personaje orientada al consumo tur\u00edstico\u00bb, seg\u00fan ha se\u00f1alado Elena Fern\u00e1ndez, vicerrectora de Arquitectura y Desarrollo Sostenible de la UPC.<\/p>\n<p>Cuatro grandes exposiciones<\/p>\n<p class=\"ft-text\">Como ya se hab\u00eda anunciado, los dos actos centrales del A\u00f1o Gaud\u00ed ser\u00e1n la celebraci\u00f3n de <strong>un congreso acad\u00e9mico internacional en la Pedrera<\/strong> (del 22 al 25 de octubre) y <strong>una gran exposici\u00f3n en el Museu d\u2019Hist\u00f2ria de Catalunya<\/strong>, de \u00abconcepci\u00f3n cl\u00e1sica\u00bb pero centrada en la dimensi\u00f3n cient\u00edfica de la obra del arquitecto y en aportaciones in\u00e9ditas. A esta muestra se le sumar\u00e1 otra en el Museu de la M\u00fasica que abordar\u00e1 <strong>la relaci\u00f3n de Gaud\u00ed con el sonido y la m\u00fasica<\/strong>, la ya mencionada exposici\u00f3n inmersiva de Mediapro y una cuarta que se inaugurar\u00e1 en Corea del Sur y se presentar\u00e1 despu\u00e9s en Jap\u00f3n.<\/p>\n<p class=\"ft-text\">Adem\u00e1s de las actividades que se organizar\u00e1n en cada una de las obras de Gaud\u00ed (hay 14 en Catalunya, dos en Castilla y Le\u00f3n, una en Cantabria y otra en Baleares), el programa oficial de la conmemoraci\u00f3n brindar\u00e1 a partir de primavera la posibilidad de participar en unas rutas guiadas que conectar\u00e1n varias<strong> <\/strong>de<strong> las construcciones menos visitadas del arquitecto<\/strong> (como los Pabellones G\u00fcell, el Colegio de las Teresianas o la Torre Bellesguard), algunas de las cuales se abrir\u00e1n al p\u00fablico de manera especial. El objetivo es no solo dar a conocer la obra menos conocida de Gaud\u00ed, sino explicar todo su legado de manera transversal. \u00abNo hay obras mayores y obras menores de Gaud\u00ed -sentencia Santana-, todas tienen un valor universal\u00bb.<\/p>\n<p data-close=\"closedContent\" class=\"subscribeHideForDisplay\">Suscr\u00edbete para seguir leyendo<\/p>\n","protected":false},"excerpt":{"rendered":"En 1877, el estudiante de la Escuela Superior de Arquitectura de Barcelona Antoni Gaud\u00ed i Cornet present\u00f3 en&hellip;\n","protected":false},"author":2,"featured_media":366235,"comment_status":"","ping_status":"","sticky":false,"template":"","format":"standard","meta":{"footnotes":""},"categories":[173],"tags":[9232,801,229,233,231,230,232,234,146,147,25,24,2003,241,31791,45360,81298,474,23],"class_list":["post-366234","post","type-post","status-publish","format-standard","has-post-thumbnail","category-arte-y-diseno","tag-antoni-gaudi","tag-arquitectura","tag-arte","tag-arte-y-diseno","tag-arts","tag-arts-and-design","tag-design","tag-diseno","tag-entertainment","tag-entretenimiento","tag-es","tag-espana","tag-exposicion","tag-exposiciones","tag-gaudi","tag-ineditas","tag-inmersiva","tag-obras","tag-spain"],"share_on_mastodon":{"url":"https:\/\/pubeurope.com\/@es\/115973688082151655","error":""},"_links":{"self":[{"href":"https:\/\/www.europesays.com\/es\/wp-json\/wp\/v2\/posts\/366234","targetHints":{"allow":["GET"]}}],"collection":[{"href":"https:\/\/www.europesays.com\/es\/wp-json\/wp\/v2\/posts"}],"about":[{"href":"https:\/\/www.europesays.com\/es\/wp-json\/wp\/v2\/types\/post"}],"author":[{"embeddable":true,"href":"https:\/\/www.europesays.com\/es\/wp-json\/wp\/v2\/users\/2"}],"replies":[{"embeddable":true,"href":"https:\/\/www.europesays.com\/es\/wp-json\/wp\/v2\/comments?post=366234"}],"version-history":[{"count":0,"href":"https:\/\/www.europesays.com\/es\/wp-json\/wp\/v2\/posts\/366234\/revisions"}],"wp:featuredmedia":[{"embeddable":true,"href":"https:\/\/www.europesays.com\/es\/wp-json\/wp\/v2\/media\/366235"}],"wp:attachment":[{"href":"https:\/\/www.europesays.com\/es\/wp-json\/wp\/v2\/media?parent=366234"}],"wp:term":[{"taxonomy":"category","embeddable":true,"href":"https:\/\/www.europesays.com\/es\/wp-json\/wp\/v2\/categories?post=366234"},{"taxonomy":"post_tag","embeddable":true,"href":"https:\/\/www.europesays.com\/es\/wp-json\/wp\/v2\/tags?post=366234"}],"curies":[{"name":"wp","href":"https:\/\/api.w.org\/{rel}","templated":true}]}}