{"id":366550,"date":"2026-01-28T20:34:19","date_gmt":"2026-01-28T20:34:19","guid":{"rendered":"https:\/\/www.europesays.com\/es\/366550\/"},"modified":"2026-01-28T20:34:19","modified_gmt":"2026-01-28T20:34:19","slug":"cancelada-la-actividad-municipal-hasta-que-acabe-la-alerta-naranja-por-la-borrasca-kristin","status":"publish","type":"post","link":"https:\/\/www.europesays.com\/es\/366550\/","title":{"rendered":"Cancelada la actividad municipal hasta que acabe la alerta naranja por la borrasca Kristin\u00a0"},"content":{"rendered":"<p><strong>El Ayuntamiento de Daimiel ha cancelado esta tarde las escuelas municipales deportivas y las de Cultura, incluidas las clases de M\u00fasica y Danza. Tambi\u00e9n las actividades de Infancia. Adem\u00e1s, se han cerrado los juegos infantiles de los parques municipales y los puntos de mayor tr\u00e1nsito con \u00e1rboles como el Cementerio, Paseo del Carmen, el parque de San de Isidro, el Parterre y la Plaza de Espa\u00f1a.\u00a0<\/strong><\/p>\n<p><strong>All\u00ed se ha actuado en un pino con claro riesgo de desprendimiento. Operarios municipales han descargado toda su copa para evitar que su m\u00e1s que posible ca\u00edda provocase da\u00f1os en el tejado y fachada m\u00e1s cercano.\u00a0<\/strong><\/p>\n<p><strong>Y adem\u00e1s de \u00e1rboles en otras calles y barrios, se han ca\u00eddo tejas y han volado techos de uralita como el que se ha localizado en la calle Ibiza, \u201csin causar da\u00f1os personales\u201d, seg\u00fan ha confirmado el alcalde, Leopoldo Sierra en Radio Daimiel.\u00a0<\/strong><\/p>\n<p><strong>Daimiel Noticias. \u2013<\/strong> El Ayuntamiento de Daimiel ha cancelado esta tarde toda la actividad municipal de las delegaciones de Deportes, Cultura e Infancia, ante la alerta naranja por las fuertes rachas de viento que est\u00e1n causando incidentes el municipio desde primera hora de la ma\u00f1ana\u00a0<\/p>\n<p>Una medida adoptada para evitar desplazamientos en una jornada donde \u201clo importante es la seguridad de los ciudadanos\u201d, como apuntaba la portavoz municipal, Lourdes Rodr\u00edguez de Guzm\u00e1n en los micr\u00f3fonos de Radio Daimiel.\u00a0<\/p>\n<p>Junto a esta cancelaci\u00f3n, el Ayuntamiento de Daimiel ha acordonado los juegos infantiles de los parques municipales y ha cerrado los puntos de mayor tr\u00e1nsito con \u00e1rboles como el Cementerio, Paseo del Carmen, el parque de San de Isidro, el Parterre y la Plaza de Espa\u00f1a.\u00a0<\/p>\n<p>Precisamente en la Plaza se ha tenido que actuar. Primero, cerrando el acceso, y despu\u00e9s, cortando las ramas del pino ubicado enfrente del bar Piscis, que desde primera hora de la ma\u00f1ana se vigilaba de cerca por riesgo evidente de ca\u00edda. De hecho, a las once de la ma\u00f1ana ya hab\u00eda grietas visibles en la tierra del alcorque y en el pavimento, que indicaban su m\u00e1s que posible desprendimiento de ra\u00edz.\u00a0<\/p>\n<p>  <img loading=\"lazy\" decoding=\"async\" src=\"https:\/\/www.europesays.com\/es\/wp-content\/uploads\/2026\/01\/pino_cortado_por_riesgo_caida_plaza_de_espana_5.jpg\" width=\"800\" height=\"535\" alt=\"Sierra y Rivero junto a los operarios en la Plaza\" typeof=\"foaf:Image\" class=\"img-fluid\"\/><br \/>\nSierra y Rivero junto a los operarios en la Plaza<\/p>\n<p>Minutos despu\u00e9s operarios municipales del \u00e1rea de Alumbrado P\u00fablico han retirado los cables que se apoyaban en este pino y, a continuaci\u00f3n, los operarios de Parques y Jardines se han subido tambi\u00e9n a la gr\u00faa para, en una intervenci\u00f3n arriesgada por la situaci\u00f3n del \u00e1rbol y el viento que soplaba, ir descargando el peso de la copa cortando sus ramas.\u00a0<\/p>\n<p>A las doce y cinco minutos ya solo quedaba el tronco del pino cortado, medio metro por debajo de la altura de las farolas que tiene a ambos lados. No obstante, el paso sigue cortado y los ciudadanos que tengan que pasar por la Plaza deber\u00e1n moverse por sus soportales.\u00a0<\/p>\n<p>  <img loading=\"lazy\" decoding=\"async\" src=\"https:\/\/www.europesays.com\/es\/wp-content\/uploads\/2026\/01\/pino_cortado_por_riesgo_caida_plaza_de_espana_1.jpg\" width=\"800\" height=\"535\" alt=\"Pino cortado por riesgo de ca\u00edda \" typeof=\"foaf:Image\" class=\"img-fluid\"\/><br \/>\nPino cortado por riesgo de ca\u00edda<\/p>\n<p>Como dec\u00eda la portavoz durante la ma\u00f1ana, la Polic\u00eda Local ha recibido numerosos avisos con ca\u00eddas de \u00e1rboles en diferentes puntos de la localidad. Entre ellos, uno en la Avenida de los Deportistas, justo enfrente de la Piscina Climatizada.\u00a0<\/p>\n<p>Y adem\u00e1s de \u00e1rboles en otras calles y barrios, se han ca\u00eddo tejas y se ha desprendido la carpinter\u00eda met\u00e1lica del balc\u00f3n de alguna vivienda. Incluso han volado techos de uralita como el que se ha localizado en calle Vergara y en la calle Ibiza, \u201csin causar da\u00f1os personales\u201d, seg\u00fan ha confirmado el alcalde, Leopoldo Sierra en Radio Daimiel.\u00a0<\/p>\n<p>Tambi\u00e9n informaba de otros da\u00f1os en el cartel del Pabell\u00f3n Municipal de Deportes, el Centro de Salud 1 en Plaza de Lepanto y en el campanario de San Pedro, adem\u00e1s del parque infantil del Parque del Carmen (junto a la Plaza de Toros).\u00a0<\/p>\n<p>\u00a0<\/p>\n","protected":false},"excerpt":{"rendered":"El Ayuntamiento de Daimiel ha cancelado esta tarde las escuelas municipales deportivas y las de Cultura, incluidas las&hellip;\n","protected":false},"author":2,"featured_media":366551,"comment_status":"","ping_status":"","sticky":false,"template":"","format":"standard","meta":{"footnotes":""},"categories":[5],"tags":[17,18,3010,25,24,13,14,11,42145,19,20,11347,9,10,15,16,21381,585,23,12,21,22],"class_list":["post-366550","post","type-post","status-publish","format-standard","has-post-thumbnail","category-titulares","tag-breaking-news","tag-breakingnews","tag-daimiel","tag-es","tag-espana","tag-featured-news","tag-featurednews","tag-headlines","tag-incidencias","tag-latest-news","tag-latestnews","tag-meteorologia","tag-news","tag-noticias","tag-noticias-destacadas","tag-noticiasdestacadas","tag-prevision","tag-seguridad","tag-spain","tag-titulares","tag-ultimas-noticias","tag-ultimasnoticias"],"share_on_mastodon":{"url":"https:\/\/pubeurope.com\/@es\/115974639722190331","error":""},"_links":{"self":[{"href":"https:\/\/www.europesays.com\/es\/wp-json\/wp\/v2\/posts\/366550","targetHints":{"allow":["GET"]}}],"collection":[{"href":"https:\/\/www.europesays.com\/es\/wp-json\/wp\/v2\/posts"}],"about":[{"href":"https:\/\/www.europesays.com\/es\/wp-json\/wp\/v2\/types\/post"}],"author":[{"embeddable":true,"href":"https:\/\/www.europesays.com\/es\/wp-json\/wp\/v2\/users\/2"}],"replies":[{"embeddable":true,"href":"https:\/\/www.europesays.com\/es\/wp-json\/wp\/v2\/comments?post=366550"}],"version-history":[{"count":0,"href":"https:\/\/www.europesays.com\/es\/wp-json\/wp\/v2\/posts\/366550\/revisions"}],"wp:featuredmedia":[{"embeddable":true,"href":"https:\/\/www.europesays.com\/es\/wp-json\/wp\/v2\/media\/366551"}],"wp:attachment":[{"href":"https:\/\/www.europesays.com\/es\/wp-json\/wp\/v2\/media?parent=366550"}],"wp:term":[{"taxonomy":"category","embeddable":true,"href":"https:\/\/www.europesays.com\/es\/wp-json\/wp\/v2\/categories?post=366550"},{"taxonomy":"post_tag","embeddable":true,"href":"https:\/\/www.europesays.com\/es\/wp-json\/wp\/v2\/tags?post=366550"}],"curies":[{"name":"wp","href":"https:\/\/api.w.org\/{rel}","templated":true}]}}